{"id":22258,"date":"2018-10-30T15:35:50","date_gmt":"2018-10-30T12:35:50","guid":{"rendered":"http:\/\/arantv.az\/?p=22258"},"modified":"2018-10-30T15:35:50","modified_gmt":"2018-10-30T12:35:50","slug":"bu-m%c9%99hkumlar-x%c9%99rcl%c9%99rini-ozl%c9%99ri-od%c9%99y%c9%99c%c9%99k-d%c9%99yisiklik","status":"publish","type":"post","link":"https:\/\/arantv.az\/?p=22258","title":{"rendered":"Bu m\u0259hkumlar x\u0259rcl\u0259rini \u00f6zl\u0259ri \u00f6d\u0259y\u0259c\u0259k \u2014 D\u018fY\u0130\u015e\u0130KL\u0130K"},"content":{"rendered":"<div class=\"spot\">Cinay\u0259t-Prosessual M\u0259c\u0259ll\u0259sin\u0259 d\u0259yi\u015fiklik Milli M\u0259clisin bug\u00fcnk\u00fc plenar iclas\u0131nda m\u00fczakir\u0259 edilib.<\/div>\n<p><strong>ARANTV.AZ<\/strong> x\u0259b\u0259r verir ki, qanun layih\u0259si bar\u0259d\u0259 m\u0259lumat ver\u0259n mill\u0259t v\u0259kili \u018fli H\u00fcseynli m\u0259lumat verib.<\/p>\n<p>Mill\u0259t v\u0259kili bildirib ki, t\u0259klif edil\u0259n d\u0259yi\u015fikliy\u0259 \u0259sas\u0259n Az\u0259rbaycan Respublikas\u0131 \u0259razisind\u0259n k\u0259narda istintaqdan gizl\u0259n\u0259n t\u0259qsirl\u0259ndiril\u0259n \u015f\u0259xsin tutularaq cinay\u0259t prosesini h\u0259yata ke\u00e7ir\u0259n orqana g\u0259tirilm\u0259si il\u0259 \u0259laq\u0259dar \u00e7\u0259kilmi\u015f x\u0259rcl\u0259ri m\u0259bl\u0259\u011fi m\u0259hk\u0259m\u0259 t\u0259r\u0259find\u0259n\u00a0 m\u0259hkumun \u00fcz\u0259rin\u0259 qoyula bil\u0259r v\u0259 m\u0259hk\u0259m\u0259nin q\u0259rar\u0131 il\u0259 ondan tutulub d\u00f6vl\u0259t n\u0259fin\u0259 v\u0259 ya m\u00fcvafiq x\u0259rc \u00e7\u0259kmi\u015f d\u00f6vl\u0259t orqan\u0131n\u0131n, fiziki yaxud h\u00fcquqi \u015f\u0259xsin hesab\u0131na ke\u00e7iril\u0259c\u0259k.<\/p>\n<p>\u018f.H\u00fcseynli bildirib ki, m\u00f6vcud v\u0259ziyy\u0259t\u0259 g\u00f6r\u0259 Az\u0259rbaycan Respublikas\u0131 \u0259razisind\u0259n k\u0259narda istintaqdan gizl\u0259n\u0259n t\u0259qsirl\u0259ndiril\u0259n \u015f\u0259xsin tutularaq cinay\u0259t prosesini h\u0259yata ke\u00e7ir\u0259n orqana g\u0259tirilm\u0259si il\u0259 \u0259laq\u0259dar \u00e7\u0259kilmi\u015f x\u0259rcl\u0259ri m\u0259bl\u0259\u011fi d\u00f6vl\u0259t hesab\u0131na h\u0259yata ke\u00e7irilirdi.<\/p>\n<div id=\"AdributorNativeVideo0\" class=\"AdributorNativeVideo\"><\/div>\n<p>Mill\u0259t v\u0259kili Q\u00fcdr\u0259t H\u0259s\u0259nquliyev is\u0259 qanun layih\u0259sin\u0259 d\u0259yi\u015fikliyin m\u00fczakir\u0259y\u0259 ehtiyac oldu\u011funu deyib.<\/p>\n<p>\u201c\u018fg\u0259r qanuna bu d\u0259yi\u015fikliyi ed\u0259c\u0259yiks\u0259, o zaman g\u0259r\u0259k penitensiar xidm\u0259tin \u0259m\u0259kda\u015flar\u0131n\u0131n, polis, prokurorluq orqanlar\u0131n\u0131n saxlanmas\u0131 x\u0259rcl\u0259ri d\u0259 cinay\u0259tklarlar\u0131n \u00fcz\u0259rin\u0259 qoyulsun. H\u0259r bir m\u0259hbusa g\u00f6r\u0259 x\u0259rcl\u0259ri d\u00f6vl\u0259t \u00e7\u0259kir. Bu x\u0259rcl\u0259rin m\u0259hkumun \u00fcz\u0259rin\u0259 qoyulmas\u0131 do\u011fru deyil. Bu m\u0259s\u0259l\u0259 \u00fcz\u0259rind\u0259 d\u00fc\u015f\u00fcnm\u0259liyik\u201d.<\/p>\n<p><em><br \/>\n\u00d6lk\u0259.Az<\/em><\/p>\n","protected":false},"excerpt":{"rendered":"<p>Cinay\u0259t-Prosessual M\u0259c\u0259ll\u0259sin\u0259 d\u0259yi\u015fiklik Milli M\u0259clisin bug\u00fcnk\u00fc plenar iclas\u0131nda m\u00fczakir\u0259 edilib. ARANTV.AZ x\u0259b\u0259r verir ki, qanun layih\u0259si bar\u0259d\u0259 m\u0259lumat ver\u0259n mill\u0259t v\u0259kili \u018fli H\u00fcseynli m\u0259lumat verib. Mill\u0259t v\u0259kili bildirib ki, t\u0259klif edil\u0259n d\u0259yi\u015fikliy\u0259 \u0259sas\u0259n Az\u0259rbaycan Respublikas\u0131 \u0259razisind\u0259n k\u0259narda istintaqdan gizl\u0259n\u0259n t\u0259qsirl\u0259ndiril\u0259n \u015f\u0259xsin tutularaq cinay\u0259t prosesini h\u0259yata ke\u00e7ir\u0259n orqana g\u0259tirilm\u0259si il\u0259 \u0259laq\u0259dar \u00e7\u0259kilmi\u015f x\u0259rcl\u0259ri m\u0259bl\u0259\u011fi m\u0259hk\u0259m\u0259 t\u0259r\u0259find\u0259n\u00a0 m\u0259hkumun \u00fcz\u0259rin\u0259 qoyula bil\u0259r v\u0259 m\u0259hk\u0259m\u0259nin q\u0259rar\u0131 il\u0259 ondan tutulub d\u00f6vl\u0259t n\u0259fin\u0259 v\u0259 ya m\u00fcvafiq x\u0259rc \u00e7\u0259kmi\u015f d\u00f6vl\u0259t orqan\u0131n\u0131n, fiziki yaxud h\u00fcquqi \u015f\u0259xsin hesab\u0131na ke\u00e7iril\u0259c\u0259k. \u018f.H\u00fcseynli bildirib ki, m\u00f6vcud v\u0259ziyy\u0259t\u0259 g\u00f6r\u0259 Az\u0259rbaycan Respublikas\u0131 \u0259razisind\u0259n k\u0259narda&hellip;<\/p>\n","protected":false},"author":2,"featured_media":22259,"comment_status":"closed","ping_status":"closed","sticky":false,"template":"","format":"standard","meta":{"om_disable_all_campaigns":false,"_monsterinsights_skip_tracking":false,"_monsterinsights_sitenote_active":false,"_monsterinsights_sitenote_note":"","_monsterinsights_sitenote_category":0},"categories":[4],"tags":[],"aioseo_notices":[],"gutentor_comment":0,"rttpg_featured_image_url":{"full":["https:\/\/arantv.az\/wp-content\/uploads\/2018\/10\/elihuseynli.jpg",620,375,false],"landscape":["https:\/\/arantv.az\/wp-content\/uploads\/2018\/10\/elihuseynli.jpg",620,375,false],"portraits":["https:\/\/arantv.az\/wp-content\/uploads\/2018\/10\/elihuseynli.jpg",620,375,false],"thumbnail":["https:\/\/arantv.az\/wp-content\/uploads\/2018\/10\/elihuseynli-150x150.jpg",150,150,true],"medium":["https:\/\/arantv.az\/wp-content\/uploads\/2018\/10\/elihuseynli-300x181.jpg",300,181,true],"large":["https:\/\/arantv.az\/wp-content\/uploads\/2018\/10\/elihuseynli.jpg",620,375,false],"1536x1536":["https:\/\/arantv.az\/wp-content\/uploads\/2018\/10\/elihuseynli.jpg",620,375,false],"2048x2048":["https:\/\/arantv.az\/wp-content\/uploads\/2018\/10\/elihuseynli.jpg",620,375,false],"post-thumbnail":["https:\/\/arantv.az\/wp-content\/uploads\/2018\/10\/elihuseynli-240x172.jpg",240,172,true],"advps-thumb-one":["https:\/\/arantv.az\/wp-content\/uploads\/2018\/10\/elihuseynli.jpg",620,375,false]},"rttpg_author":{"display_name":"V\u00fcsal Rafiqo\u011flu","author_link":"https:\/\/arantv.az\/?author=2"},"rttpg_comment":0,"rttpg_category":"<a href=\"https:\/\/arantv.az\/?cat=4\" rel=\"category\">Siyas\u0259t<\/a>","rttpg_excerpt":"Cinay\u0259t-Prosessual M\u0259c\u0259ll\u0259sin\u0259 d\u0259yi\u015fiklik Milli M\u0259clisin bug\u00fcnk\u00fc plenar iclas\u0131nda m\u00fczakir\u0259 edilib. ARANTV.AZ x\u0259b\u0259r verir ki, qanun layih\u0259si bar\u0259d\u0259 m\u0259lumat ver\u0259n mill\u0259t v\u0259kili \u018fli H\u00fcseynli m\u0259lumat verib. Mill\u0259t v\u0259kili bildirib ki, t\u0259klif edil\u0259n d\u0259yi\u015fikliy\u0259 \u0259sas\u0259n Az\u0259rbaycan Respublikas\u0131 \u0259razisind\u0259n k\u0259narda istintaqdan gizl\u0259n\u0259n t\u0259qsirl\u0259ndiril\u0259n \u015f\u0259xsin tutularaq cinay\u0259t prosesini h\u0259yata ke\u00e7ir\u0259n orqana g\u0259tirilm\u0259si il\u0259 \u0259laq\u0259dar \u00e7\u0259kilmi\u015f x\u0259rcl\u0259ri m\u0259bl\u0259\u011fi m\u0259hk\u0259m\u0259 t\u0259r\u0259find\u0259n\u00a0&hellip;","_links":{"self":[{"href":"https:\/\/arantv.az\/index.php?rest_route=\/wp\/v2\/posts\/22258"}],"collection":[{"href":"https:\/\/arantv.az\/index.php?rest_route=\/wp\/v2\/posts"}],"about":[{"href":"https:\/\/arantv.az\/index.php?rest_route=\/wp\/v2\/types\/post"}],"author":[{"embeddable":true,"href":"https:\/\/arantv.az\/index.php?rest_route=\/wp\/v2\/users\/2"}],"replies":[{"embeddable":true,"href":"https:\/\/arantv.az\/index.php?rest_route=%2Fwp%2Fv2%2Fcomments&post=22258"}],"version-history":[{"count":0,"href":"https:\/\/arantv.az\/index.php?rest_route=\/wp\/v2\/posts\/22258\/revisions"}],"wp:featuredmedia":[{"embeddable":true,"href":"https:\/\/arantv.az\/index.php?rest_route=\/wp\/v2\/media\/22259"}],"wp:attachment":[{"href":"https:\/\/arantv.az\/index.php?rest_route=%2Fwp%2Fv2%2Fmedia&parent=22258"}],"wp:term":[{"taxonomy":"category","embeddable":true,"href":"https:\/\/arantv.az\/index.php?rest_route=%2Fwp%2Fv2%2Fcategories&post=22258"},{"taxonomy":"post_tag","embeddable":true,"href":"https:\/\/arantv.az\/index.php?rest_route=%2Fwp%2Fv2%2Ftags&post=22258"}],"curies":[{"name":"wp","href":"https:\/\/api.w.org\/{rel}","templated":true}]}}