{"id":22264,"date":"2018-10-30T15:44:27","date_gmt":"2018-10-30T12:44:27","guid":{"rendered":"http:\/\/arantv.az\/?p=22264"},"modified":"2018-10-30T15:44:27","modified_gmt":"2018-10-30T12:44:27","slug":"v%c9%99killiy%c9%99-s%c9%99n%c9%99d-q%c9%99bulu-tam-sad%c9%99l%c9%99sdirilib","status":"publish","type":"post","link":"https:\/\/arantv.az\/?p=22264","title":{"rendered":"V\u0259killiy\u0259 s\u0259n\u0259d q\u0259bulu tam sad\u0259l\u0259\u015fdirilib"},"content":{"rendered":"<p>Oktyabr\u0131n 29-da V\u0259kill\u0259r Kollegiyas\u0131n\u0131n R\u0259yas\u0259t Hey\u0259tinin n\u00f6vb\u0259ti iclas\u0131 ke\u00e7irilib.<\/p>\n<p><b>ARANTV.AZ\u00a0<\/b>x\u0259b\u0259r verir ki, iclas\u0131 giri\u015f s\u00f6z\u00fc il\u0259 a\u00e7an Kollegiyan\u0131n s\u0259dri<strong>\u00a0Anar Ba\u011f\u0131rov<\/strong>\u00a0\u201cAz\u0259rbaycan Respublikas\u0131nda v\u0259killiyin inki\u015faf\u0131 il\u0259 ba\u011fl\u0131 \u0259lav\u0259 t\u0259dbirl\u0259r haqq\u0131nda\u201d Az\u0259rbaycan Respublikas\u0131n\u0131n Prezidentinin 22.02.2018-ci il tarixli s\u0259r\u0259ncam\u0131n\u0131n tarixi \u0259h\u0259miyy\u0259ti, onun Az\u0259rbaycan v\u0259killiyinin inki\u015faf\u0131na verdiyi t\u0259kan v\u0259 s\u0259n\u0259din bu g\u00fcn Az\u0259rbaycan v\u0259killiyinin intibah\u0131ndak\u0131 rolu bar\u0259d\u0259 fikirl\u0259rini b\u00f6l\u00fc\u015f\u00fcb, haz\u0131rda V\u0259kill\u0259r Kollegiyas\u0131n\u0131n regional m\u0259rk\u0259zl\u0259rinin t\u0259miri v\u0259 istifad\u0259y\u0259 verilm\u0259si \u00fczr\u0259 haz\u0131rl\u0131q i\u015fl\u0259ri, yax\u0131n g\u00fcnl\u0259rd\u0259 ASAN xidm\u0259t m\u0259rk\u0259zl\u0259rind\u0259 a\u00e7\u0131lmas\u0131 g\u00f6zl\u0259nil\u0259n v\u0259kil b\u00fcrolar\u0131n\u0131n t\u0259\u015fkili \u00fczr\u0259 v\u0259ziyy\u0259t v\u0259 dig\u0259r m\u0259s\u0259l\u0259l\u0259r bar\u0259d\u0259 iclas i\u015ftirak\u00e7\u0131lar\u0131na m\u0259lumat verib.<\/p>\n<p>\u0130clasda h\u0259m\u00e7inin qeyd olunan s\u0259r\u0259ncam\u0131n icras\u0131 \u00e7\u0259r\u00e7iv\u0259sind\u0259 Nax\u00e7\u0131van MR-da insanlar\u0131n h\u00fcquqi yard\u0131ma \u00e7at\u0131ml\u0131l\u0131\u011f\u0131n\u0131n t\u0259min edilm\u0259si, ucqar ya\u015fay\u0131\u015f m\u0259nt\u0259q\u0259l\u0259rind\u0259 ya\u015fayan \u0259haliy\u0259 keyfiyy\u0259tli h\u00fcquqi yard\u0131m\u0131n \u00e7atd\u0131r\u0131lmas\u0131 m\u0259qs\u0259dil\u0259 Nax\u00e7\u0131van MR-n\u0131n V\u0259kill\u0259r Kollegiyas\u0131na n\u0259qliyyat vasit\u0259sinin al\u0131n\u0131b verilm\u0259si bar\u0259d\u0259 q\u0259rar q\u0259bul olunub.<\/p>\n<div id=\"AdributorNativeVideo0\" class=\"AdributorNativeVideo\"><\/div>\n<p>Bundan ba\u015fqa bildirilib ki, Az\u0259rbaycan Respublikas\u0131n\u0131n b\u00f6lg\u0259l\u0259rind\u0259 h\u00fcquqi yard\u0131ma ehtiyac\u0131 olan azt\u0259minatl\u0131 \u0259halinin bu yard\u0131ma \u00e7at\u0131ml\u0131l\u0131\u011f\u0131n\u0131 t\u0259min etm\u0259k \u00fc\u00e7\u00fcn R\u0259yas\u0259t Hey\u0259ti t\u0259r\u0259find\u0259n mikroavtobus sat\u0131n al\u0131n\u0131b. H\u0259min mikroavtobus vasit\u0259sil\u0259 Bak\u0131 \u015f\u0259h\u0259rind\u0259 f\u0259aliyy\u0259t g\u00f6st\u0259r\u0259n v\u0259kill\u0259rin regionlara s\u0259yyar h\u00fcquqi yard\u0131m s\u0259f\u0259rl\u0259ri t\u0259\u015fkil edil\u0259c\u0259kdir.<\/p>\n<p>Bundan ba\u015fqa, \u201cV\u0259kill\u0259r v\u0259 v\u0259killik f\u0259aliyy\u0259ti haqq\u0131nda\u201d Qanuna \u0259sas\u0259n d\u00f6vl\u0259t qullu\u011funa ke\u00e7m\u0259k il\u0259 \u0259laq\u0259dar, f\u0259aliyy\u0259ti dayand\u0131r\u0131lm\u0131\u015f v\u0259kill\u0259rin d\u00f6vl\u0259t qullu\u011funda olduqlar\u0131 d\u00f6vrd\u0259 \u00fczvl\u00fck haqlar\u0131n\u0131n \u00f6d\u0259nilm\u0259si bar\u0259d\u0259 q\u0259rar q\u0259bul olunub.<\/p>\n<p>Daha sonra \u00f6lk\u0259mizd\u0259 s\u0259m\u0259r\u0259li v\u0259killik f\u0259aliyy\u0259tinin t\u0259\u015fkili, o c\u00fcml\u0259d\u0259n v\u0259killik haqq\u0131nda qanunvericilikl\u0259 t\u0259nziml\u0259nm\u0259y\u0259n m\u0259s\u0259l\u0259l\u0259rin h\u0259lli m\u0259qs\u0259dil\u0259 V\u0259kill\u0259r Kollegiyas\u0131n\u0131n \u00fczvl\u0259rinin r\u0259yl\u0259ri n\u0259z\u0259r\u0259 al\u0131nmaqla ilk d\u0259f\u0259 olaraq \u201cV\u0259kil qurumlar\u0131 v\u0259 f\u0259rdi qaydada f\u0259aliyy\u0259t g\u00f6st\u0259r\u0259n v\u0259kill\u0259r t\u0259r\u0259find\u0259n n\u00f6vb\u0259lilik \u00fczr\u0259 d\u00f6vl\u0259t hesab\u0131na h\u00fcquqi yard\u0131m\u0131n h\u0259yata ke\u00e7irilm\u0259si\u201d, \u201cElektron v\u0259kil kabinetind\u0259n istifad\u0259y\u0259 dair\u201d, \u201cV\u0259kil kabinetinin yarad\u0131lmas\u0131na dair\u201d, \u201cV\u0259kil qurumlar\u0131n\u0131n yarad\u0131lmas\u0131 v\u0259 f\u0259aliyy\u0259tin\u0259 dair\u201d qaydalar q\u0259bul olunmu\u015f, \u201cV\u0259kill\u0259r Kollegiyas\u0131 \u00fczvl\u00fcy\u00fcn\u0259 q\u0259bulla ba\u011fl\u0131 ixtisas imtahanlar\u0131n\u0131n ke\u00e7irilm\u0259si\u201d qaydalar\u0131na d\u0259yi\u015fiklikl\u0259r edilib v\u0259 yax\u0131n g\u00fcnl\u0259rd\u0259 ad\u0131\u00e7\u0259kil\u0259n qaydalar\u0131n Kollegiyan\u0131n r\u0259smi internet s\u0259hif\u0259sind\u0259 yerl\u0259\u015fdirilm\u0259sinin z\u0259rur\u0259ti bildirilib.<\/p>\n<p>V\u0259killiy\u0259 s\u0259n\u0259d q\u0259bulunun sad\u0259l\u0259\u015fdirilm\u0259si \u00fczr\u0259 qeyd olunmal\u0131d\u0131r ki, art\u0131q \u0259vv\u0259lki ill\u0259rd\u0259n f\u0259rqli olaraq v\u0259killiy\u0259 namiz\u0259dl\u0259r onlar\u0131n i\u015f stajlar\u0131n\u0131, ali t\u0259hsill\u0259ri haqq\u0131nda diplomlar\u0131n\u0131n sur\u0259tl\u0259ri v\u0259 dig\u0259r s\u0259n\u0259dl\u0259ri toplamayacaqlar.<\/p>\n<p>Onlar imtahanda i\u015ftirakla ba\u011fl\u0131 \u00f6zl\u0259rinin \u201cV\u0259kill\u0259r v\u0259 v\u0259killik f\u0259aliyy\u0259ti haqq\u0131nda\u201d Qanunun 8-ci madd\u0259sinin t\u0259l\u0259bl\u0259rin\u0259 cavab verm\u0259l\u0259rini \u00f6z imzalar\u0131 il\u0259 t\u0259sdiq etm\u0259kl\u0259 \u0259riz\u0259-anket formas\u0131n\u0131 t\u0259qdim ed\u0259c\u0259kl\u0259r. Bundan sonra yaz\u0131l\u0131 test imtahan\u0131 m\u0259rh\u0259l\u0259sini ke\u00e7\u0259n namiz\u0259dl\u0259rd\u0259n aidiyy\u0259ti s\u0259n\u0259dl\u0259rin t\u0259qdim edilm\u0259si S\u0259n\u0259d Q\u0259bulu Komissiyas\u0131 t\u0259r\u0259find\u0259n t\u0259l\u0259b olunacaqd\u0131r.<\/p>\n<p>Bundan ba\u015fqa, yeni v\u0259kil qurumlar\u0131n\u0131n t\u0259sis edilm\u0259si il\u0259 ba\u011fl\u0131 q\u0259rarlar q\u0259bul olunub. Bel\u0259 ki, Bak\u0131 \u015f\u0259h\u0259rind\u0259 f\u0259aliyy\u0259t g\u00f6st\u0259r\u0259c\u0259k \u201cX\u0259z\u0259r Consulting\u201d, \u201cFaiq Na\u011f\u0131yev v\u0259 partnyorlar\u0131\u201d, \u201cAlyans\u201d v\u0259kil b\u00fcrolar\u0131, Bak\u0131 \u015f\u0259h\u0259ri 23, 25 v\u0259 26 sayl\u0131 v\u0259kil b\u00fcrolar\u0131, o c\u00fcml\u0259d\u0259n Astara rayon v\u0259kil b\u00fcrosunun t\u0259sis olunmas\u0131 bar\u0259d\u0259 m\u0259s\u0259l\u0259l\u0259r\u0259 bax\u0131l\u0131b v\u0259 bu m\u00fcraci\u0259tl\u0259rl\u0259 \u0259laq\u0259dar R\u0259yas\u0259t Hey\u0259ti t\u0259r\u0259find\u0259n m\u00fcsb\u0259t q\u0259rarlar q\u0259bul olunub.<\/p>\n<p>Eyni zamanda, ba\u015fqa v\u0259kil qurumuna ke\u00e7m\u0259k, f\u0259rdi qaydada f\u0259aliyy\u0259t g\u00f6st\u0259rilm\u0259si v\u0259 v\u0259killiy\u0259 q\u0259bul \u00fczr\u0259 m\u00fcraci\u0259tl\u0259r\u0259 bax\u0131l\u0131b, bir s\u0131ra v\u0259kill\u0259rin, habel\u0259 \u201cAdvokat\u201d futbol komandas\u0131n\u0131n bu g\u00fcnl\u0259rd\u0259 Ukraynada ke\u00e7irilmi\u015f v\u0259kill\u0259r aras\u0131nda futbol turnirind\u0259 q\u0259l\u0259b\u0259 qazanmas\u0131 m\u00fcnasib\u0259til\u0259 komanda \u00fczvl\u0259rinin m\u00fckafatland\u0131r\u0131lmas\u0131 haqq\u0131nda q\u0259rarlar q\u0259bul olunub.<\/p>\n<p>\u0130clasda v\u0259kill\u0259r bar\u0259sind\u0259 ba\u015flan\u0131lm\u0131\u015f 21 intizam icraat\u0131 \u00fczr\u0259 V\u0259kill\u0259rin \u0130ntizam Komissiyas\u0131n\u0131n r\u0259yl\u0259rin\u0259 bax\u0131laraq, m\u00fcdafi\u0259 etdiyi \u015f\u0259xsin m\u0259nafeyin\u0259 zidd h\u0259r\u0259k\u0259t etm\u0259kl\u0259 v\u0259 v\u0259kil sirrini qorumamaqla v\u0259killik haqq\u0131nda qanunvericiliyin t\u0259l\u0259bini pozdu\u011funa g\u00f6r\u0259 1 v\u0259kilin f\u0259aliyy\u0259tinin 1 il m\u00fcdd\u0259tin\u0259 v\u0259 m\u00fclki-prosessual v\u0259 v\u0259killik haqq\u0131nda qanunvericiliyin t\u0259l\u0259bl\u0259rini pozaraq, v\u0259kil \u00fc\u00e7\u00fcn m\u00fc\u0259yy\u0259n edilmi\u015f s\u0259lahiyy\u0259tl\u0259ri a\u015fmaqla qanunvericiliyin t\u0259l\u0259bl\u0259rini pozdu\u011funa g\u00f6r\u0259 1 v\u0259kilin f\u0259aliyy\u0259tinin 6 ay m\u00fcdd\u0259tin\u0259 dayand\u0131r\u0131lmas\u0131 il\u0259 ba\u011fl\u0131 q\u0259rar q\u0259bul olunub.<\/p>\n<p>H\u0259m\u00e7inin 1 v\u0259kil\u0259 t\u00f6hm\u0259t, 1 v\u0259kil\u0259 x\u0259b\u0259rdarl\u0131q verilib, 12 i\u015f \u00fczr\u0259 is\u0259 pozuntu a\u015fkar edilm\u0259diyi, h\u0259m\u00e7inin daxil olmu\u015f \u015fikay\u0259tl\u0259rd\u0259ki m\u0259lumatlara h\u00fcquqi qiym\u0259t verilm\u0259si m\u00fcmk\u00fcn olmad\u0131\u011f\u0131 \u00fc\u00e7\u00fcn intizam icraatlar\u0131na xitam verilib, 5 intizam i\u015fi \u00fczr\u0259 is\u0259 \u0259lav\u0259 ara\u015fd\u0131rma apar\u0131lmas\u0131 il\u0259 \u0259laq\u0259dar m\u0259s\u0259l\u0259 n\u00f6vb\u0259ti iclasda bax\u0131lanad\u0259k t\u0259xir\u0259 sal\u0131n\u0131b.<\/p>\n<p>oxu.az<\/p>\n","protected":false},"excerpt":{"rendered":"<p>Oktyabr\u0131n 29-da V\u0259kill\u0259r Kollegiyas\u0131n\u0131n R\u0259yas\u0259t Hey\u0259tinin n\u00f6vb\u0259ti iclas\u0131 ke\u00e7irilib. ARANTV.AZ\u00a0x\u0259b\u0259r verir ki, iclas\u0131 giri\u015f s\u00f6z\u00fc il\u0259 a\u00e7an Kollegiyan\u0131n s\u0259dri\u00a0Anar Ba\u011f\u0131rov\u00a0\u201cAz\u0259rbaycan Respublikas\u0131nda v\u0259killiyin inki\u015faf\u0131 il\u0259 ba\u011fl\u0131 \u0259lav\u0259 t\u0259dbirl\u0259r haqq\u0131nda\u201d Az\u0259rbaycan Respublikas\u0131n\u0131n Prezidentinin 22.02.2018-ci il tarixli s\u0259r\u0259ncam\u0131n\u0131n tarixi \u0259h\u0259miyy\u0259ti, onun Az\u0259rbaycan v\u0259killiyinin inki\u015faf\u0131na verdiyi t\u0259kan v\u0259 s\u0259n\u0259din bu g\u00fcn Az\u0259rbaycan v\u0259killiyinin intibah\u0131ndak\u0131 rolu bar\u0259d\u0259 fikirl\u0259rini b\u00f6l\u00fc\u015f\u00fcb, haz\u0131rda V\u0259kill\u0259r Kollegiyas\u0131n\u0131n regional m\u0259rk\u0259zl\u0259rinin t\u0259miri v\u0259 istifad\u0259y\u0259 verilm\u0259si \u00fczr\u0259 haz\u0131rl\u0131q i\u015fl\u0259ri, yax\u0131n g\u00fcnl\u0259rd\u0259 ASAN xidm\u0259t m\u0259rk\u0259zl\u0259rind\u0259 a\u00e7\u0131lmas\u0131 g\u00f6zl\u0259nil\u0259n v\u0259kil b\u00fcrolar\u0131n\u0131n t\u0259\u015fkili \u00fczr\u0259 v\u0259ziyy\u0259t v\u0259 dig\u0259r m\u0259s\u0259l\u0259l\u0259r bar\u0259d\u0259 iclas i\u015ftirak\u00e7\u0131lar\u0131na m\u0259lumat verib. \u0130clasda h\u0259m\u00e7inin qeyd olunan&hellip;<\/p>\n","protected":false},"author":2,"featured_media":22265,"comment_status":"closed","ping_status":"closed","sticky":false,"template":"","format":"standard","meta":{"om_disable_all_campaigns":false,"_monsterinsights_skip_tracking":false,"_monsterinsights_sitenote_active":false,"_monsterinsights_sitenote_note":"","_monsterinsights_sitenote_category":0},"categories":[1],"tags":[],"aioseo_notices":[],"gutentor_comment":0,"rttpg_featured_image_url":{"full":["https:\/\/arantv.az\/wp-content\/uploads\/2018\/10\/whatsapp_image_2018-10-30_at_13.54.41.jpg",620,434,false],"landscape":["https:\/\/arantv.az\/wp-content\/uploads\/2018\/10\/whatsapp_image_2018-10-30_at_13.54.41.jpg",620,434,false],"portraits":["https:\/\/arantv.az\/wp-content\/uploads\/2018\/10\/whatsapp_image_2018-10-30_at_13.54.41.jpg",620,434,false],"thumbnail":["https:\/\/arantv.az\/wp-content\/uploads\/2018\/10\/whatsapp_image_2018-10-30_at_13.54.41-150x150.jpg",150,150,true],"medium":["https:\/\/arantv.az\/wp-content\/uploads\/2018\/10\/whatsapp_image_2018-10-30_at_13.54.41-300x210.jpg",300,210,true],"large":["https:\/\/arantv.az\/wp-content\/uploads\/2018\/10\/whatsapp_image_2018-10-30_at_13.54.41.jpg",620,434,false],"1536x1536":["https:\/\/arantv.az\/wp-content\/uploads\/2018\/10\/whatsapp_image_2018-10-30_at_13.54.41.jpg",620,434,false],"2048x2048":["https:\/\/arantv.az\/wp-content\/uploads\/2018\/10\/whatsapp_image_2018-10-30_at_13.54.41.jpg",620,434,false],"post-thumbnail":["https:\/\/arantv.az\/wp-content\/uploads\/2018\/10\/whatsapp_image_2018-10-30_at_13.54.41-240x172.jpg",240,172,true],"advps-thumb-one":["https:\/\/arantv.az\/wp-content\/uploads\/2018\/10\/whatsapp_image_2018-10-30_at_13.54.41.jpg",620,434,false]},"rttpg_author":{"display_name":"V\u00fcsal Rafiqo\u011flu","author_link":"https:\/\/arantv.az\/?author=2"},"rttpg_comment":0,"rttpg_category":"<a href=\"https:\/\/arantv.az\/?cat=1\" rel=\"category\">C\u0259miyy\u0259t<\/a>","rttpg_excerpt":"Oktyabr\u0131n 29-da V\u0259kill\u0259r Kollegiyas\u0131n\u0131n R\u0259yas\u0259t Hey\u0259tinin n\u00f6vb\u0259ti iclas\u0131 ke\u00e7irilib. ARANTV.AZ\u00a0x\u0259b\u0259r verir ki, iclas\u0131 giri\u015f s\u00f6z\u00fc il\u0259 a\u00e7an Kollegiyan\u0131n s\u0259dri\u00a0Anar Ba\u011f\u0131rov\u00a0\u201cAz\u0259rbaycan Respublikas\u0131nda v\u0259killiyin inki\u015faf\u0131 il\u0259 ba\u011fl\u0131 \u0259lav\u0259 t\u0259dbirl\u0259r haqq\u0131nda\u201d Az\u0259rbaycan Respublikas\u0131n\u0131n Prezidentinin 22.02.2018-ci il tarixli s\u0259r\u0259ncam\u0131n\u0131n tarixi \u0259h\u0259miyy\u0259ti, onun Az\u0259rbaycan v\u0259killiyinin inki\u015faf\u0131na verdiyi t\u0259kan v\u0259 s\u0259n\u0259din bu g\u00fcn Az\u0259rbaycan v\u0259killiyinin intibah\u0131ndak\u0131 rolu bar\u0259d\u0259 fikirl\u0259rini b\u00f6l\u00fc\u015f\u00fcb, haz\u0131rda&hellip;","_links":{"self":[{"href":"https:\/\/arantv.az\/index.php?rest_route=\/wp\/v2\/posts\/22264"}],"collection":[{"href":"https:\/\/arantv.az\/index.php?rest_route=\/wp\/v2\/posts"}],"about":[{"href":"https:\/\/arantv.az\/index.php?rest_route=\/wp\/v2\/types\/post"}],"author":[{"embeddable":true,"href":"https:\/\/arantv.az\/index.php?rest_route=\/wp\/v2\/users\/2"}],"replies":[{"embeddable":true,"href":"https:\/\/arantv.az\/index.php?rest_route=%2Fwp%2Fv2%2Fcomments&post=22264"}],"version-history":[{"count":0,"href":"https:\/\/arantv.az\/index.php?rest_route=\/wp\/v2\/posts\/22264\/revisions"}],"wp:featuredmedia":[{"embeddable":true,"href":"https:\/\/arantv.az\/index.php?rest_route=\/wp\/v2\/media\/22265"}],"wp:attachment":[{"href":"https:\/\/arantv.az\/index.php?rest_route=%2Fwp%2Fv2%2Fmedia&parent=22264"}],"wp:term":[{"taxonomy":"category","embeddable":true,"href":"https:\/\/arantv.az\/index.php?rest_route=%2Fwp%2Fv2%2Fcategories&post=22264"},{"taxonomy":"post_tag","embeddable":true,"href":"https:\/\/arantv.az\/index.php?rest_route=%2Fwp%2Fv2%2Ftags&post=22264"}],"curies":[{"name":"wp","href":"https:\/\/api.w.org\/{rel}","templated":true}]}}