{"id":223074,"date":"2020-09-18T14:38:42","date_gmt":"2020-09-18T11:38:42","guid":{"rendered":"http:\/\/arantv.az\/?p=223074"},"modified":"2020-09-18T14:38:42","modified_gmt":"2020-09-18T11:38:42","slug":"15-yasli-yeniyetm%c9%99-il%c9%99-yaxinliq-etmis-xin-bascisi-ictimaiyy%c9%99td%c9%99n-uzr-ist%c9%99di","status":"publish","type":"post","link":"https:\/\/arantv.az\/?p=223074","title":{"rendered":"15 ya\u015fl\u0131 yeniyetm\u0259 il\u0259 yax\u0131nl\u0131q etmi\u015f X\u0130N ba\u015f\u00e7\u0131s\u0131 ictimaiyy\u0259td\u0259n \u00fczr ist\u0259di"},"content":{"rendered":"<p>Danimarkan\u0131n Xarici \u0130\u015fl\u0259r naziri Yeppe Kofod m\u0259nsub oldu\u011fu Sosial Demokrat partiyas\u0131n\u0131n 15 ya\u015fl\u0131 f\u0259al\u0131 il\u0259 cinsi m\u00fcnasib\u0259td\u0259 oldu\u011funa\u00a0g\u00f6r\u0259 ictimaiyy\u0259td\u0259n \u00fczr ist\u0259yib.<\/p>\n<p>\u201cSputnik\u201d agentliyi x\u0259b\u0259r verir ki, hadis\u0259 2008-ci ild\u0259 Pasxa kurslar\u0131 zaman\u0131 ba\u015f verib.<\/p>\n<p>\u201cM\u0259n s\u0259rxo\u015f v\u0259 axmaq idim. \u00c7ox yax\u015f\u0131 bilir\u0259m ki, ba\u011f\u0131\u015flanma dil\u0259m\u0259k kifay\u0259t deyil. Ka\u015f ki, n\u0259yis\u0259 d\u0259yi\u015fdir\u0259 bil\u0259rdim. Ed\u0259 bil\u0259c\u0259yim yegan\u0259 \u015fey ba\u011f\u0131\u015flanma dil\u0259m\u0259kdir\u201d, &#8211; dey\u0259 46 ya\u015fl\u0131 X\u0130N ba\u015f\u00e7\u0131s\u0131 qeyd edib.<\/p>\n<div id=\"AdviadNativeVideo0\" class=\"AdviadNativeVideo\"><\/div>\n<p>Bildir\u0259k ki, Danimarkada 15 ya\u015f\u0131 tamam olan qad\u0131na cinsi partnyorunu se\u00e7m\u0259k azadl\u0131\u011f\u0131 verilir.<\/p>\n<p>Y.Kofod 2008-ci ild\u0259 qanunu pozmasa da, m\u0259lum hadis\u0259 il\u0259 \u0259laq\u0259dar b\u00fct\u00fcn siyasi v\u0259zif\u0259l\u0259rd\u0259n istefa verm\u0259k m\u0259cburiyy\u0259tind\u0259 qalm\u0131\u015fd\u0131.<\/p>\n<p>O, yaln\u0131z 11 ild\u0259n sonra siyasi f\u0259aliyy\u0259tini b\u0259rpa ed\u0259 bildi v\u0259 2019-cu ild\u0259 Danimarka Xarici \u0130\u015fl\u0259r Nazirliyinin ba\u015f\u00e7\u0131s\u0131 t\u0259yin olundu.<\/p>\n","protected":false},"excerpt":{"rendered":"<p>Danimarkan\u0131n Xarici \u0130\u015fl\u0259r naziri Yeppe Kofod m\u0259nsub oldu\u011fu Sosial Demokrat partiyas\u0131n\u0131n 15 ya\u015fl\u0131 f\u0259al\u0131 il\u0259 cinsi m\u00fcnasib\u0259td\u0259 oldu\u011funa\u00a0g\u00f6r\u0259 ictimaiyy\u0259td\u0259n \u00fczr ist\u0259yib. \u201cSputnik\u201d agentliyi x\u0259b\u0259r verir ki, hadis\u0259 2008-ci ild\u0259 Pasxa kurslar\u0131 zaman\u0131 ba\u015f verib. \u201cM\u0259n s\u0259rxo\u015f v\u0259 axmaq idim. \u00c7ox yax\u015f\u0131 bilir\u0259m ki, ba\u011f\u0131\u015flanma dil\u0259m\u0259k kifay\u0259t deyil. Ka\u015f ki, n\u0259yis\u0259 d\u0259yi\u015fdir\u0259 bil\u0259rdim. Ed\u0259 bil\u0259c\u0259yim yegan\u0259 \u015fey ba\u011f\u0131\u015flanma dil\u0259m\u0259kdir\u201d, &#8211; dey\u0259 46 ya\u015fl\u0131 X\u0130N ba\u015f\u00e7\u0131s\u0131 qeyd edib. Bildir\u0259k ki, Danimarkada 15 ya\u015f\u0131 tamam olan qad\u0131na cinsi partnyorunu se\u00e7m\u0259k azadl\u0131\u011f\u0131 verilir. Y.Kofod 2008-ci ild\u0259 qanunu pozmasa da, m\u0259lum hadis\u0259 il\u0259 \u0259laq\u0259dar b\u00fct\u00fcn&hellip;<\/p>\n","protected":false},"author":2,"featured_media":223075,"comment_status":"closed","ping_status":"closed","sticky":false,"template":"","format":"standard","meta":{"om_disable_all_campaigns":false,"_monsterinsights_skip_tracking":false,"_monsterinsights_sitenote_active":false,"_monsterinsights_sitenote_note":"","_monsterinsights_sitenote_category":0},"categories":[7],"tags":[],"aioseo_notices":[],"gutentor_comment":0,"rttpg_featured_image_url":{"full":["https:\/\/arantv.az\/wp-content\/uploads\/2020\/09\/fd70037caa652c3b0a826f2326c269a1e3e834ca.jpg",620,326,false],"landscape":["https:\/\/arantv.az\/wp-content\/uploads\/2020\/09\/fd70037caa652c3b0a826f2326c269a1e3e834ca.jpg",620,326,false],"portraits":["https:\/\/arantv.az\/wp-content\/uploads\/2020\/09\/fd70037caa652c3b0a826f2326c269a1e3e834ca.jpg",620,326,false],"thumbnail":["https:\/\/arantv.az\/wp-content\/uploads\/2020\/09\/fd70037caa652c3b0a826f2326c269a1e3e834ca-150x150.jpg",150,150,true],"medium":["https:\/\/arantv.az\/wp-content\/uploads\/2020\/09\/fd70037caa652c3b0a826f2326c269a1e3e834ca-300x158.jpg",300,158,true],"large":["https:\/\/arantv.az\/wp-content\/uploads\/2020\/09\/fd70037caa652c3b0a826f2326c269a1e3e834ca.jpg",620,326,false],"1536x1536":["https:\/\/arantv.az\/wp-content\/uploads\/2020\/09\/fd70037caa652c3b0a826f2326c269a1e3e834ca.jpg",620,326,false],"2048x2048":["https:\/\/arantv.az\/wp-content\/uploads\/2020\/09\/fd70037caa652c3b0a826f2326c269a1e3e834ca.jpg",620,326,false],"post-thumbnail":["https:\/\/arantv.az\/wp-content\/uploads\/2020\/09\/fd70037caa652c3b0a826f2326c269a1e3e834ca-240x172.jpg",240,172,true],"advps-thumb-one":["https:\/\/arantv.az\/wp-content\/uploads\/2020\/09\/fd70037caa652c3b0a826f2326c269a1e3e834ca.jpg",620,326,false]},"rttpg_author":{"display_name":"V\u00fcsal Rafiqo\u011flu","author_link":"https:\/\/arantv.az\/?author=2"},"rttpg_comment":0,"rttpg_category":"<a href=\"https:\/\/arantv.az\/?cat=7\" rel=\"category\">D\u00fcnya<\/a>","rttpg_excerpt":"Danimarkan\u0131n Xarici \u0130\u015fl\u0259r naziri Yeppe Kofod m\u0259nsub oldu\u011fu Sosial Demokrat partiyas\u0131n\u0131n 15 ya\u015fl\u0131 f\u0259al\u0131 il\u0259 cinsi m\u00fcnasib\u0259td\u0259 oldu\u011funa\u00a0g\u00f6r\u0259 ictimaiyy\u0259td\u0259n \u00fczr ist\u0259yib. \u201cSputnik\u201d agentliyi x\u0259b\u0259r verir ki, hadis\u0259 2008-ci ild\u0259 Pasxa kurslar\u0131 zaman\u0131 ba\u015f verib. \u201cM\u0259n s\u0259rxo\u015f v\u0259 axmaq idim. \u00c7ox yax\u015f\u0131 bilir\u0259m ki, ba\u011f\u0131\u015flanma dil\u0259m\u0259k kifay\u0259t deyil. Ka\u015f ki, n\u0259yis\u0259 d\u0259yi\u015fdir\u0259 bil\u0259rdim. Ed\u0259 bil\u0259c\u0259yim yegan\u0259&hellip;","_links":{"self":[{"href":"https:\/\/arantv.az\/index.php?rest_route=\/wp\/v2\/posts\/223074"}],"collection":[{"href":"https:\/\/arantv.az\/index.php?rest_route=\/wp\/v2\/posts"}],"about":[{"href":"https:\/\/arantv.az\/index.php?rest_route=\/wp\/v2\/types\/post"}],"author":[{"embeddable":true,"href":"https:\/\/arantv.az\/index.php?rest_route=\/wp\/v2\/users\/2"}],"replies":[{"embeddable":true,"href":"https:\/\/arantv.az\/index.php?rest_route=%2Fwp%2Fv2%2Fcomments&post=223074"}],"version-history":[{"count":0,"href":"https:\/\/arantv.az\/index.php?rest_route=\/wp\/v2\/posts\/223074\/revisions"}],"wp:featuredmedia":[{"embeddable":true,"href":"https:\/\/arantv.az\/index.php?rest_route=\/wp\/v2\/media\/223075"}],"wp:attachment":[{"href":"https:\/\/arantv.az\/index.php?rest_route=%2Fwp%2Fv2%2Fmedia&parent=223074"}],"wp:term":[{"taxonomy":"category","embeddable":true,"href":"https:\/\/arantv.az\/index.php?rest_route=%2Fwp%2Fv2%2Fcategories&post=223074"},{"taxonomy":"post_tag","embeddable":true,"href":"https:\/\/arantv.az\/index.php?rest_route=%2Fwp%2Fv2%2Ftags&post=223074"}],"curies":[{"name":"wp","href":"https:\/\/api.w.org\/{rel}","templated":true}]}}