{"id":223078,"date":"2020-09-18T14:46:26","date_gmt":"2020-09-18T11:46:26","guid":{"rendered":"http:\/\/arantv.az\/?p=223078"},"modified":"2020-09-18T14:46:26","modified_gmt":"2020-09-18T11:46:26","slug":"bakida-isd%c9%99n-cixarilan-mu%c9%99llimin-adina-sinif-yigilib-aciqlama","status":"publish","type":"post","link":"https:\/\/arantv.az\/?p=223078","title":{"rendered":"Bak\u0131da i\u015fd\u0259n \u00e7\u0131xar\u0131lan m\u00fc\u0259llimin ad\u0131na sinif y\u0131\u011f\u0131l\u0131b? &#8211; A\u00c7IQLAMA"},"content":{"rendered":"<p>Bak\u0131da \u00f6mr\u00fcn\u00fcn 48 ilini t\u0259hsil\u0259 adayan m\u00fc\u0259llim \u00e7al\u0131\u015fd\u0131\u011f\u0131 m\u0259kt\u0259bd\u0259n \u015fikay\u0259t\u00e7idir.<\/p>\n<p>Bu bar\u0259d\u0259 Oxu.Az-a m\u00fc\u0259llimin \u00f6z\u00fc m\u0259lumat verib.<\/p>\n<p>Paytaxt\u0131n Yasamal rayonu, Zahid X\u0259lilov 65 \u00fcnvan\u0131nda yerl\u0259\u015f\u0259n 53 sayl\u0131 tam orta m\u0259kt\u0259bd\u0259 \u00e7al\u0131\u015fan ibtidai sinif m\u00fc\u0259llimi Sevil Axundova deyir ki, m\u0259kt\u0259b r\u0259hb\u0259rliyi onun ad\u0131na yeni t\u0259dris ili \u00fc\u00e7\u00fcn sinif toplay\u0131b:<\/p>\n<p>\u201cM\u0259kt\u0259bimizd\u0259 65 ya\u015f\u0131 tamam olan bir ne\u00e7\u0259 m\u00fc\u0259llim var. Onlarla m\u00fcdd\u0259tli \u0259m\u0259k m\u00fcqavil\u0259si ba\u011flan\u0131b. M\u0259kt\u0259b direktoru m\u0259niml\u0259 d\u0259 m\u00fcdd\u0259tli \u0259m\u0259k m\u00fcqavil\u0259si ba\u011flanaca\u011f\u0131n\u0131 bildirib. 48 ildir m\u0259kt\u0259bin rus sektorunda ibtidai sinif m\u00fc\u0259llimi kimi \u00e7al\u0131\u015fm\u0131\u015fam. Sentyabr\u0131n 15-n\u0259 q\u0259d\u0259r m\u0259nim i\u015fim\u0259 xitam ver\u0259c\u0259yini dem\u0259yib. Sinif ota\u011f\u0131n\u0131 b\u0259z\u0259yib, m\u0259nim ad\u0131ma y\u0131\u011f\u0131lan birinci sinifl\u0259ri g\u00f6zl\u0259yirdim.<\/p>\n<p>Valideynl\u0259r u\u015faqlar\u0131n\u0131 m\u0259nim sinfim\u0259 yazd\u0131rmaq \u00fc\u00e7\u00fcn bir ne\u00e7\u0259 m\u0259kt\u0259bd\u0259n \u00e7\u0131xar\u0131blar. \u0130ndi h\u0259min valideynl\u0259r d\u0259 v\u0259ziyy\u0259td\u0259n \u015fikay\u0259t\u00e7idir. M\u0259nim 65 ya\u015f\u0131m may ay\u0131nda tamam olub. Ya\u015f\u0131mla \u0259laq\u0259dar qanunla t\u0259qa\u00fcd\u0259 \u00e7\u0131xmal\u0131yam. Lakin, ba\u015fqa m\u00fc\u0259lliml\u0259rl\u0259 m\u00fcdd\u0259tli \u0259m\u0259k m\u00fcqavil\u0259si ba\u011flan\u0131rsa, m\u0259niml\u0259 d\u0259 ba\u011flana bil\u0259rdi. N\u0259 \u00fc\u00e7\u00fcn son g\u00fcn\u0259 q\u0259d\u0259r \u201ch\u0259r \u015fey yax\u015f\u0131 olacaq\u201d deyib, t\u0259hsilin ba\u015flamas\u0131na bir g\u00fcn qalm\u0131\u015f (sentyabr\u0131n 14-d\u0259) m\u0259n\u0259 i\u015fd\u0259n azad olunaca\u011f\u0131m deyildi?\u201d<\/p>\n<p>M\u0259s\u0259l\u0259 il\u0259 ba\u011fl\u0131 Bak\u0131 T\u0259hsil \u0130dar\u0259sin\u0259 m\u00fcraci\u0259t etdik. \u0130dar\u0259d\u0259n Oxu.Az-\u0131n sor\u011fusuna cavab olaraq bildirilib ki, Bak\u0131 \u015f\u0259h\u0259ri 53 n\u00f6mr\u0259li tam orta m\u0259kt\u0259bd\u0259 ibtidai sinif m\u00fc\u0259llimi v\u0259zif\u0259sind\u0259 i\u015fl\u0259mi\u015f Axundova Sevil Abas q\u0131z\u0131n\u0131n 23 may 2020-ci il tarixd\u0259 65 ya\u015f\u0131 tamam olub. Bununla \u0259laq\u0259dar ad\u0131\u00e7\u0259kil\u0259n m\u00fc\u0259llim il\u0259 23 may 2020-ci il tarixind\u0259n ke\u00e7\u0259n t\u0259dris ilinin sonuna kimi (16.06.2020) m\u00fcdd\u0259tli \u0259m\u0259k m\u00fcqavil\u0259si ba\u011flan\u0131b v\u0259 \u0259m\u0259k f\u0259aliyy\u0259tin\u0259 davam etm\u0259si t\u0259min olunub.<\/p>\n<p>Qeyd ed\u0259k ki, S.Axundova ke\u00e7\u0259n t\u0259dris ilind\u0259 4-c\u00fc sinf\u0259 t\u0259dris ke\u00e7ib v\u0259 t\u0259dris ilinin sonunda h\u0259min sinfi t\u0259hvil verib. \u018fm\u0259k qanunvericiliyinin t\u0259l\u0259bin\u0259 \u0259sas\u0259n, d\u00f6vl\u0259t b\u00fcdc\u0259sind\u0259n maliyy\u0259l\u0259\u015f\u0259n m\u00fc\u0259ssis\u0259l\u0259rd\u0259 ya\u015f h\u0259ddi 65-dir. Bu s\u0259b\u0259bd\u0259n \u00e7al\u0131\u015fman\u0131n ya\u015f h\u0259ddin\u0259 \u00e7atd\u0131\u011f\u0131na g\u00f6r\u0259 Axundova Sevil Abas q\u0131z\u0131 il\u0259 ba\u011flanm\u0131\u015f \u0259m\u0259k m\u00fcqavil\u0259sin\u0259 xitam verilib.<\/p>\n","protected":false},"excerpt":{"rendered":"<p>Bak\u0131da \u00f6mr\u00fcn\u00fcn 48 ilini t\u0259hsil\u0259 adayan m\u00fc\u0259llim \u00e7al\u0131\u015fd\u0131\u011f\u0131 m\u0259kt\u0259bd\u0259n \u015fikay\u0259t\u00e7idir. Bu bar\u0259d\u0259 Oxu.Az-a m\u00fc\u0259llimin \u00f6z\u00fc m\u0259lumat verib. Paytaxt\u0131n Yasamal rayonu, Zahid X\u0259lilov 65 \u00fcnvan\u0131nda yerl\u0259\u015f\u0259n 53 sayl\u0131 tam orta m\u0259kt\u0259bd\u0259 \u00e7al\u0131\u015fan ibtidai sinif m\u00fc\u0259llimi Sevil Axundova deyir ki, m\u0259kt\u0259b r\u0259hb\u0259rliyi onun ad\u0131na yeni t\u0259dris ili \u00fc\u00e7\u00fcn sinif toplay\u0131b: \u201cM\u0259kt\u0259bimizd\u0259 65 ya\u015f\u0131 tamam olan bir ne\u00e7\u0259 m\u00fc\u0259llim var. Onlarla m\u00fcdd\u0259tli \u0259m\u0259k m\u00fcqavil\u0259si ba\u011flan\u0131b. M\u0259kt\u0259b direktoru m\u0259niml\u0259 d\u0259 m\u00fcdd\u0259tli \u0259m\u0259k m\u00fcqavil\u0259si ba\u011flanaca\u011f\u0131n\u0131 bildirib. 48 ildir m\u0259kt\u0259bin rus sektorunda ibtidai sinif m\u00fc\u0259llimi kimi \u00e7al\u0131\u015fm\u0131\u015fam. Sentyabr\u0131n 15-n\u0259 q\u0259d\u0259r m\u0259nim i\u015fim\u0259 xitam ver\u0259c\u0259yini dem\u0259yib. Sinif&hellip;<\/p>\n","protected":false},"author":2,"featured_media":223079,"comment_status":"closed","ping_status":"closed","sticky":false,"template":"","format":"standard","meta":{"om_disable_all_campaigns":false,"_monsterinsights_skip_tracking":false,"_monsterinsights_sitenote_active":false,"_monsterinsights_sitenote_note":"","_monsterinsights_sitenote_category":0},"categories":[26],"tags":[],"aioseo_notices":[],"gutentor_comment":0,"rttpg_featured_image_url":{"full":["https:\/\/arantv.az\/wp-content\/uploads\/2020\/09\/53_sayl\u00c4\u00b1_orta_m\u00c9_kt\u00c9_b.jpg",620,349,false],"landscape":["https:\/\/arantv.az\/wp-content\/uploads\/2020\/09\/53_sayl\u00c4\u00b1_orta_m\u00c9_kt\u00c9_b.jpg",620,349,false],"portraits":["https:\/\/arantv.az\/wp-content\/uploads\/2020\/09\/53_sayl\u00c4\u00b1_orta_m\u00c9_kt\u00c9_b.jpg",620,349,false],"thumbnail":["https:\/\/arantv.az\/wp-content\/uploads\/2020\/09\/53_sayl\u00c4\u00b1_orta_m\u00c9_kt\u00c9_b-150x150.jpg",150,150,true],"medium":["https:\/\/arantv.az\/wp-content\/uploads\/2020\/09\/53_sayl\u00c4\u00b1_orta_m\u00c9_kt\u00c9_b-300x169.jpg",300,169,true],"large":["https:\/\/arantv.az\/wp-content\/uploads\/2020\/09\/53_sayl\u00c4\u00b1_orta_m\u00c9_kt\u00c9_b.jpg",620,349,false],"1536x1536":["https:\/\/arantv.az\/wp-content\/uploads\/2020\/09\/53_sayl\u00c4\u00b1_orta_m\u00c9_kt\u00c9_b.jpg",620,349,false],"2048x2048":["https:\/\/arantv.az\/wp-content\/uploads\/2020\/09\/53_sayl\u00c4\u00b1_orta_m\u00c9_kt\u00c9_b.jpg",620,349,false],"post-thumbnail":["https:\/\/arantv.az\/wp-content\/uploads\/2020\/09\/53_sayl\u00c4\u00b1_orta_m\u00c9_kt\u00c9_b-240x172.jpg",240,172,true],"advps-thumb-one":["https:\/\/arantv.az\/wp-content\/uploads\/2020\/09\/53_sayl\u00c4\u00b1_orta_m\u00c9_kt\u00c9_b.jpg",620,349,false]},"rttpg_author":{"display_name":"V\u00fcsal Rafiqo\u011flu","author_link":"https:\/\/arantv.az\/?author=2"},"rttpg_comment":0,"rttpg_category":"<a href=\"https:\/\/arantv.az\/?cat=26\" rel=\"category\">Sosial<\/a>","rttpg_excerpt":"Bak\u0131da \u00f6mr\u00fcn\u00fcn 48 ilini t\u0259hsil\u0259 adayan m\u00fc\u0259llim \u00e7al\u0131\u015fd\u0131\u011f\u0131 m\u0259kt\u0259bd\u0259n \u015fikay\u0259t\u00e7idir. Bu bar\u0259d\u0259 Oxu.Az-a m\u00fc\u0259llimin \u00f6z\u00fc m\u0259lumat verib. Paytaxt\u0131n Yasamal rayonu, Zahid X\u0259lilov 65 \u00fcnvan\u0131nda yerl\u0259\u015f\u0259n 53 sayl\u0131 tam orta m\u0259kt\u0259bd\u0259 \u00e7al\u0131\u015fan ibtidai sinif m\u00fc\u0259llimi Sevil Axundova deyir ki, m\u0259kt\u0259b r\u0259hb\u0259rliyi onun ad\u0131na yeni t\u0259dris ili \u00fc\u00e7\u00fcn sinif toplay\u0131b: \u201cM\u0259kt\u0259bimizd\u0259 65 ya\u015f\u0131 tamam olan bir ne\u00e7\u0259&hellip;","_links":{"self":[{"href":"https:\/\/arantv.az\/index.php?rest_route=\/wp\/v2\/posts\/223078"}],"collection":[{"href":"https:\/\/arantv.az\/index.php?rest_route=\/wp\/v2\/posts"}],"about":[{"href":"https:\/\/arantv.az\/index.php?rest_route=\/wp\/v2\/types\/post"}],"author":[{"embeddable":true,"href":"https:\/\/arantv.az\/index.php?rest_route=\/wp\/v2\/users\/2"}],"replies":[{"embeddable":true,"href":"https:\/\/arantv.az\/index.php?rest_route=%2Fwp%2Fv2%2Fcomments&post=223078"}],"version-history":[{"count":0,"href":"https:\/\/arantv.az\/index.php?rest_route=\/wp\/v2\/posts\/223078\/revisions"}],"wp:featuredmedia":[{"embeddable":true,"href":"https:\/\/arantv.az\/index.php?rest_route=\/wp\/v2\/media\/223079"}],"wp:attachment":[{"href":"https:\/\/arantv.az\/index.php?rest_route=%2Fwp%2Fv2%2Fmedia&parent=223078"}],"wp:term":[{"taxonomy":"category","embeddable":true,"href":"https:\/\/arantv.az\/index.php?rest_route=%2Fwp%2Fv2%2Fcategories&post=223078"},{"taxonomy":"post_tag","embeddable":true,"href":"https:\/\/arantv.az\/index.php?rest_route=%2Fwp%2Fv2%2Ftags&post=223078"}],"curies":[{"name":"wp","href":"https:\/\/api.w.org\/{rel}","templated":true}]}}