{"id":22309,"date":"2018-10-30T16:37:08","date_gmt":"2018-10-30T13:37:08","guid":{"rendered":"http:\/\/arantv.az\/?p=22309"},"modified":"2018-10-30T16:37:08","modified_gmt":"2018-10-30T13:37:08","slug":"m%c9%99n%c9%99-h%c9%99diyy%c9%99-g%c9%99tiril%c9%99n-qoyunun-100-manatini-k%c9%99sib-milli-m%c9%99clis%c9%99-g%c9%99tirm%c9%99liy%c9%99m-aqil-abbasdan-etiraz","status":"publish","type":"post","link":"https:\/\/arantv.az\/?p=22309","title":{"rendered":"M\u0259n\u0259 h\u0259diyy\u0259 g\u0259tiril\u0259n qoyunun 100 manat\u0131n\u0131 k\u0259sib Milli M\u0259clis\u0259 g\u0259tirm\u0259liy\u0259m? \u2014 Aqil Abbasdan etiraz"},"content":{"rendered":"<div class=\"spot\">\u201cDeputatlar\u0131n s\u0259lahiyy\u0259tinin azald\u0131lmas\u0131 son g\u00fcnl\u0259r m\u0259tbuatda \u00e7ox m\u00fczakir\u0259 edilir, h\u0259tta sarkazma \u00e7evrilib. Bu madd\u0259l\u0259rin bir \u00e7oxu haz\u0131rk\u0131 madd\u0259l\u0259rd\u0259 var\u201d.<\/div>\n<p><strong>ARANTV.AZ<\/strong>\u00a0 x\u0259b\u0259r verir ki, bu s\u00f6zl\u0259ri mill\u0259t v\u0259kili Aqil Abbas Milli M\u0259clisin b\u00fcg\u00fcnk\u00fc plenar iclas\u0131nda &#8220;Az\u0259rbaycan Respublikas\u0131 Milli M\u0259clisinin Daxili Nizamnam\u0259si&#8221;, \u201cAz\u0259rbaycan Respublikas\u0131 Milli M\u0259clisi deputat\u0131n\u0131n statusu haqq\u0131nda&#8221;, &#8220;Az\u0259rbaycan Respublikas\u0131 Milli M\u0259clisi deputat\u0131n\u0131n etik davran\u0131\u015f qaydalar\u0131 haqq\u0131nda&#8221; qanunlar\u0131na d\u0259yi\u015fiklikl\u0259r\u0259 m\u00fcnasib\u0259t bildir\u0259rk\u0259n deyib.<\/p>\n<p>Mill\u0259t v\u0259kili deputat\u0131n mandat\u0131n\u0131n \u0259lind\u0259n al\u0131nmas\u0131 bar\u0259d\u0259 q\u0259rar\u0131n verilm\u0259si \u015f\u0259rtl\u0259rinin do\u011fru olmad\u0131\u011f\u0131n\u0131 deyib:<\/p>\n<p>\u201cMill\u0259t v\u0259kill\u0259rimizin h\u0259r hans\u0131 birinin etik davran\u0131\u015f qaydalar\u0131n\u0131 pozub \u0130ntizam Komisiyas\u0131na d\u00fc\u015f\u0259c\u0259yini d\u00fc\u015f\u00fcnm\u00fcr\u0259m. \u0130ki-\u00fc\u00e7 iclasda i\u015ftirak etm\u0259diyin\u0259 g\u00f6r\u0259 deputat mandat\u0131ndan m\u0259hrum etm\u0259k do\u011fru deyil. B\u0259lk\u0259 valideynl\u0259rimizi \u00e7a\u011f\u0131r\u0131b danlayas\u0131n\u0131z?M\u0259n iki iclasa g\u0259lm\u0259mi\u015f\u0259m, b\u0259lk\u0259 aya\u011f\u0131m burxulub?M\u0259s\u0259l\u0259ni bu c\u00fcr qoyma\u011f\u0131, \u00f6z\u00fcm\u00fcz jurnalist ola-ola jurnalsitl\u0259rin q\u0259l\u0259min\u0259 sar\u0131ma\u011f\u0131 q\u0259bul etmir\u0259m. M\u0259ni 40 min n\u0259f\u0259r se\u00e7ici se\u00e7ib, indi 9 n\u0259f\u0259r \u0130ntizam Komissiyas\u0131 \u00fczv\u00fc m\u0259ni bu h\u00fcquqdan nec\u0259 m\u0259hrum ed\u0259 bil\u0259r. Qarda\u015f m\u0259ni siz se\u00e7mi\u015fdiniz? \u018fg\u0259r m\u0259n s\u0259lahiyy\u0259timizi d\u00fczg\u00fcn yerin\u0259 yetirmir\u0259ms\u0259 F\u00fczuli-A\u011fc\u0259b\u0259di camaat\u0131, se\u00e7icil\u0259rim\u0259 bu s\u0259lahiyy\u0259t verilm\u0259lidir.<\/p>\n<div id=\"AdributorNativeVideo0\" class=\"AdributorNativeVideo\"><\/div>\n<p>B\u00fct\u00fcn d\u00fcnyada 50 dollardan art\u0131q h\u0259diyy\u0259 alan onu muzey\u0259, parlament\u0259 t\u0259qdim edir. Bizd\u0259 d\u0259 bunun q\u0259bul edilm\u0259sini normal q\u0259bul edirik.\u00a0 F\u00fczulid\u0259 bir n\u0259f\u0259r m\u0259n\u0259 150 manatl\u0131q qoyun k\u0259sir onun 100 manat\u0131n\u0131 k\u0259sib \u0130ntizam Komissiyas\u0131na t\u0259qdim etm\u0259liy\u0259m?\u201d<\/p>\n<p><em><br \/>\n\u00d6lk\u0259.Az<\/em><\/p>\n","protected":false},"excerpt":{"rendered":"<p>\u201cDeputatlar\u0131n s\u0259lahiyy\u0259tinin azald\u0131lmas\u0131 son g\u00fcnl\u0259r m\u0259tbuatda \u00e7ox m\u00fczakir\u0259 edilir, h\u0259tta sarkazma \u00e7evrilib. Bu madd\u0259l\u0259rin bir \u00e7oxu haz\u0131rk\u0131 madd\u0259l\u0259rd\u0259 var\u201d. ARANTV.AZ\u00a0 x\u0259b\u0259r verir ki, bu s\u00f6zl\u0259ri mill\u0259t v\u0259kili Aqil Abbas Milli M\u0259clisin b\u00fcg\u00fcnk\u00fc plenar iclas\u0131nda &#8220;Az\u0259rbaycan Respublikas\u0131 Milli M\u0259clisinin Daxili Nizamnam\u0259si&#8221;, \u201cAz\u0259rbaycan Respublikas\u0131 Milli M\u0259clisi deputat\u0131n\u0131n statusu haqq\u0131nda&#8221;, &#8220;Az\u0259rbaycan Respublikas\u0131 Milli M\u0259clisi deputat\u0131n\u0131n etik davran\u0131\u015f qaydalar\u0131 haqq\u0131nda&#8221; qanunlar\u0131na d\u0259yi\u015fiklikl\u0259r\u0259 m\u00fcnasib\u0259t bildir\u0259rk\u0259n deyib. Mill\u0259t v\u0259kili deputat\u0131n mandat\u0131n\u0131n \u0259lind\u0259n al\u0131nmas\u0131 bar\u0259d\u0259 q\u0259rar\u0131n verilm\u0259si \u015f\u0259rtl\u0259rinin do\u011fru olmad\u0131\u011f\u0131n\u0131 deyib: \u201cMill\u0259t v\u0259kill\u0259rimizin h\u0259r hans\u0131 birinin etik davran\u0131\u015f qaydalar\u0131n\u0131 pozub \u0130ntizam Komisiyas\u0131na d\u00fc\u015f\u0259c\u0259yini d\u00fc\u015f\u00fcnm\u00fcr\u0259m. \u0130ki-\u00fc\u00e7 iclasda i\u015ftirak&hellip;<\/p>\n","protected":false},"author":2,"featured_media":22310,"comment_status":"closed","ping_status":"closed","sticky":false,"template":"","format":"standard","meta":{"om_disable_all_campaigns":false,"_monsterinsights_skip_tracking":false,"_monsterinsights_sitenote_active":false,"_monsterinsights_sitenote_note":"","_monsterinsights_sitenote_category":0},"categories":[4],"tags":[],"aioseo_notices":[],"gutentor_comment":0,"rttpg_featured_image_url":{"full":["https:\/\/arantv.az\/wp-content\/uploads\/2018\/10\/aqilabbas-1.jpg",620,375,false],"landscape":["https:\/\/arantv.az\/wp-content\/uploads\/2018\/10\/aqilabbas-1.jpg",620,375,false],"portraits":["https:\/\/arantv.az\/wp-content\/uploads\/2018\/10\/aqilabbas-1.jpg",620,375,false],"thumbnail":["https:\/\/arantv.az\/wp-content\/uploads\/2018\/10\/aqilabbas-1-150x150.jpg",150,150,true],"medium":["https:\/\/arantv.az\/wp-content\/uploads\/2018\/10\/aqilabbas-1-300x181.jpg",300,181,true],"large":["https:\/\/arantv.az\/wp-content\/uploads\/2018\/10\/aqilabbas-1.jpg",620,375,false],"1536x1536":["https:\/\/arantv.az\/wp-content\/uploads\/2018\/10\/aqilabbas-1.jpg",620,375,false],"2048x2048":["https:\/\/arantv.az\/wp-content\/uploads\/2018\/10\/aqilabbas-1.jpg",620,375,false],"post-thumbnail":["https:\/\/arantv.az\/wp-content\/uploads\/2018\/10\/aqilabbas-1-240x172.jpg",240,172,true],"advps-thumb-one":["https:\/\/arantv.az\/wp-content\/uploads\/2018\/10\/aqilabbas-1.jpg",620,375,false]},"rttpg_author":{"display_name":"V\u00fcsal Rafiqo\u011flu","author_link":"https:\/\/arantv.az\/?author=2"},"rttpg_comment":0,"rttpg_category":"<a href=\"https:\/\/arantv.az\/?cat=4\" rel=\"category\">Siyas\u0259t<\/a>","rttpg_excerpt":"\u201cDeputatlar\u0131n s\u0259lahiyy\u0259tinin azald\u0131lmas\u0131 son g\u00fcnl\u0259r m\u0259tbuatda \u00e7ox m\u00fczakir\u0259 edilir, h\u0259tta sarkazma \u00e7evrilib. Bu madd\u0259l\u0259rin bir \u00e7oxu haz\u0131rk\u0131 madd\u0259l\u0259rd\u0259 var\u201d. ARANTV.AZ\u00a0 x\u0259b\u0259r verir ki, bu s\u00f6zl\u0259ri mill\u0259t v\u0259kili Aqil Abbas Milli M\u0259clisin b\u00fcg\u00fcnk\u00fc plenar iclas\u0131nda &#8220;Az\u0259rbaycan Respublikas\u0131 Milli M\u0259clisinin Daxili Nizamnam\u0259si&#8221;, \u201cAz\u0259rbaycan Respublikas\u0131 Milli M\u0259clisi deputat\u0131n\u0131n statusu haqq\u0131nda&#8221;, &#8220;Az\u0259rbaycan Respublikas\u0131 Milli M\u0259clisi deputat\u0131n\u0131n etik davran\u0131\u015f qaydalar\u0131&hellip;","_links":{"self":[{"href":"https:\/\/arantv.az\/index.php?rest_route=\/wp\/v2\/posts\/22309"}],"collection":[{"href":"https:\/\/arantv.az\/index.php?rest_route=\/wp\/v2\/posts"}],"about":[{"href":"https:\/\/arantv.az\/index.php?rest_route=\/wp\/v2\/types\/post"}],"author":[{"embeddable":true,"href":"https:\/\/arantv.az\/index.php?rest_route=\/wp\/v2\/users\/2"}],"replies":[{"embeddable":true,"href":"https:\/\/arantv.az\/index.php?rest_route=%2Fwp%2Fv2%2Fcomments&post=22309"}],"version-history":[{"count":0,"href":"https:\/\/arantv.az\/index.php?rest_route=\/wp\/v2\/posts\/22309\/revisions"}],"wp:featuredmedia":[{"embeddable":true,"href":"https:\/\/arantv.az\/index.php?rest_route=\/wp\/v2\/media\/22310"}],"wp:attachment":[{"href":"https:\/\/arantv.az\/index.php?rest_route=%2Fwp%2Fv2%2Fmedia&parent=22309"}],"wp:term":[{"taxonomy":"category","embeddable":true,"href":"https:\/\/arantv.az\/index.php?rest_route=%2Fwp%2Fv2%2Fcategories&post=22309"},{"taxonomy":"post_tag","embeddable":true,"href":"https:\/\/arantv.az\/index.php?rest_route=%2Fwp%2Fv2%2Ftags&post=22309"}],"curies":[{"name":"wp","href":"https:\/\/api.w.org\/{rel}","templated":true}]}}