{"id":223094,"date":"2020-09-18T14:51:11","date_gmt":"2020-09-18T11:51:11","guid":{"rendered":"http:\/\/arantv.az\/?p=223094"},"modified":"2020-09-18T14:51:11","modified_gmt":"2020-09-18T11:51:11","slug":"zaqatalada-doqquz-il-%c9%99vv%c9%99l-tor%c9%99dil%c9%99n-q%c9%99tlin-ustu-acildi","status":"publish","type":"post","link":"https:\/\/arantv.az\/?p=223094","title":{"rendered":"Zaqatalada doqquz il \u0259vv\u0259l t\u00f6r\u0259dil\u0259n q\u0259tlin \u00fcst\u00fc a\u00e7\u0131ld\u0131"},"content":{"rendered":"<p>Zaqatala rayon sakini, 1950-ci il t\u0259v\u0259ll\u00fcdl\u00fc \u018fyyubova Seyran \u015eakir q\u0131z\u0131n\u0131n 2011-ci il fevral\u0131n 24-d\u0259 ya\u015fad\u0131\u011f\u0131 evd\u0259 \u00fcz\u0259rind\u0259 x\u0259sar\u0259tl\u0259r olan meyitinin a\u015fkar edilm\u0259si fakt\u0131 il\u0259 ba\u011fl\u0131 Zaqatala rayon prokurorlu\u011funda Cinay\u0259t M\u0259c\u0259ll\u0259sinin 120.1-ci (q\u0259sd\u0259n adam \u00f6ld\u00fcrm\u0259) madd\u0259si il\u0259 istintaq olunan cinay\u0259t i\u015finin doqquz il sonra a\u00e7\u0131lmas\u0131 t\u0259min edilib.<\/p>\n<p>Ba\u015f Prokurorlu\u011fun m\u0259tbuat xidm\u0259tind\u0259n veril\u0259n m\u0259lumata g\u00f6r\u0259, prokurorluq v\u0259 polis \u0259m\u0259kda\u015flar\u0131 t\u0259r\u0259find\u0259n h\u0259yata ke\u00e7irilmi\u015f kompleks istintaq h\u0259r\u0259k\u0259tl\u0259ri v\u0259 \u0259m\u0259liyyat axtar\u0131\u015f t\u0259dbirl\u0259ri il\u0259 m\u0259rhum Seyran \u018fyubovan\u0131n ya\u015fad\u0131\u011f\u0131 evd\u0259 g\u00fcnl\u00fck kiray\u0259d\u0259 ya\u015fayan \u0130smay\u0131lov Polad \u015e\u0259ms\u0259ddin o\u011flunun 24 fevral 2011-ci il tarixind\u0259 \u015f\u0259xsi m\u00fcnasib\u0259tl\u0259r z\u0259minind\u0259 aralar\u0131nda yaranm\u0131\u015f m\u00fcnaqi\u015f\u0259 zaman\u0131 b\u0131\u00e7aqla x\u0259sar\u0259tl\u0259r yetir\u0259r\u0259k Seyran \u018fyyubovan\u0131 q\u0259sd\u0259n \u00f6ld\u00fcrm\u0259sin\u0259 \u0259sasl\u0131 \u015f\u00fcbh\u0259l\u0259r m\u00fc\u0259yy\u0259n edilib.<\/p>\n<div id=\"AdviadNativeVideo0\" class=\"AdviadNativeVideo\"><\/div>\n<p>Polad \u0130smay\u0131lov Cinay\u0259t M\u0259c\u0259ll\u0259sinin qeyd edil\u0259n madd\u0259si il\u0259 t\u0259qsirl\u0259ndiril\u0259n \u015f\u0259xs qismind\u0259 c\u0259lb olunmaqla bar\u0259sind\u0259 m\u0259hk\u0259m\u0259nin q\u0259rar\u0131 il\u0259 h\u0259bs q\u0259timkan t\u0259dbiri se\u00e7ilib.<\/p>\n<p>Cinay\u0259t i\u015fi \u00fczr\u0259 m\u00fcvafiq ekspertizalar t\u0259yin edilib, hadis\u0259 yerin\u0259 bax\u0131\u015f ke\u00e7irilib, maddi s\u00fcbutlar g\u00f6t\u00fcr\u00fcl\u00fcb, \u015fahidl\u0259r dindirilib v\u0259 dig\u0259r z\u0259ruri prosessual h\u0259r\u0259k\u0259tl\u0259r yerin\u0259 yetirilib.<\/p>\n<p>Haz\u0131rda cinay\u0259t i\u015fi \u00fczr\u0259 istintaq yekunla\u015fd\u0131r\u0131laraq, bax\u0131lmas\u0131 \u00fc\u00e7\u00fcn aidiyy\u0259ti \u00fczr\u0259 \u015e\u0259ki A\u011f\u0131r Cinay\u0259tl\u0259r M\u0259hk\u0259m\u0259sin\u0259 g\u00f6nd\u0259rilib.<\/p>\n","protected":false},"excerpt":{"rendered":"<p>Zaqatala rayon sakini, 1950-ci il t\u0259v\u0259ll\u00fcdl\u00fc \u018fyyubova Seyran \u015eakir q\u0131z\u0131n\u0131n 2011-ci il fevral\u0131n 24-d\u0259 ya\u015fad\u0131\u011f\u0131 evd\u0259 \u00fcz\u0259rind\u0259 x\u0259sar\u0259tl\u0259r olan meyitinin a\u015fkar edilm\u0259si fakt\u0131 il\u0259 ba\u011fl\u0131 Zaqatala rayon prokurorlu\u011funda Cinay\u0259t M\u0259c\u0259ll\u0259sinin 120.1-ci (q\u0259sd\u0259n adam \u00f6ld\u00fcrm\u0259) madd\u0259si il\u0259 istintaq olunan cinay\u0259t i\u015finin doqquz il sonra a\u00e7\u0131lmas\u0131 t\u0259min edilib. Ba\u015f Prokurorlu\u011fun m\u0259tbuat xidm\u0259tind\u0259n veril\u0259n m\u0259lumata g\u00f6r\u0259, prokurorluq v\u0259 polis \u0259m\u0259kda\u015flar\u0131 t\u0259r\u0259find\u0259n h\u0259yata ke\u00e7irilmi\u015f kompleks istintaq h\u0259r\u0259k\u0259tl\u0259ri v\u0259 \u0259m\u0259liyyat axtar\u0131\u015f t\u0259dbirl\u0259ri il\u0259 m\u0259rhum Seyran \u018fyubovan\u0131n ya\u015fad\u0131\u011f\u0131 evd\u0259 g\u00fcnl\u00fck kiray\u0259d\u0259 ya\u015fayan \u0130smay\u0131lov Polad \u015e\u0259ms\u0259ddin o\u011flunun 24 fevral 2011-ci il tarixind\u0259 \u015f\u0259xsi m\u00fcnasib\u0259tl\u0259r z\u0259minind\u0259 aralar\u0131nda yaranm\u0131\u015f&hellip;<\/p>\n","protected":false},"author":2,"featured_media":223095,"comment_status":"closed","ping_status":"closed","sticky":false,"template":"","format":"standard","meta":{"om_disable_all_campaigns":false,"_monsterinsights_skip_tracking":false,"_monsterinsights_sitenote_active":false,"_monsterinsights_sitenote_note":"","_monsterinsights_sitenote_category":0},"categories":[5],"tags":[],"aioseo_notices":[],"gutentor_comment":0,"rttpg_featured_image_url":{"full":["https:\/\/arantv.az\/wp-content\/uploads\/2020\/09\/fg-1.jpg",620,465,false],"landscape":["https:\/\/arantv.az\/wp-content\/uploads\/2020\/09\/fg-1.jpg",620,465,false],"portraits":["https:\/\/arantv.az\/wp-content\/uploads\/2020\/09\/fg-1.jpg",620,465,false],"thumbnail":["https:\/\/arantv.az\/wp-content\/uploads\/2020\/09\/fg-1-150x150.jpg",150,150,true],"medium":["https:\/\/arantv.az\/wp-content\/uploads\/2020\/09\/fg-1-300x225.jpg",300,225,true],"large":["https:\/\/arantv.az\/wp-content\/uploads\/2020\/09\/fg-1.jpg",620,465,false],"1536x1536":["https:\/\/arantv.az\/wp-content\/uploads\/2020\/09\/fg-1.jpg",620,465,false],"2048x2048":["https:\/\/arantv.az\/wp-content\/uploads\/2020\/09\/fg-1.jpg",620,465,false],"post-thumbnail":["https:\/\/arantv.az\/wp-content\/uploads\/2020\/09\/fg-1-240x172.jpg",240,172,true],"advps-thumb-one":["https:\/\/arantv.az\/wp-content\/uploads\/2020\/09\/fg-1.jpg",620,465,false]},"rttpg_author":{"display_name":"V\u00fcsal Rafiqo\u011flu","author_link":"https:\/\/arantv.az\/?author=2"},"rttpg_comment":0,"rttpg_category":"<a href=\"https:\/\/arantv.az\/?cat=5\" rel=\"category\">Hadis\u0259<\/a>","rttpg_excerpt":"Zaqatala rayon sakini, 1950-ci il t\u0259v\u0259ll\u00fcdl\u00fc \u018fyyubova Seyran \u015eakir q\u0131z\u0131n\u0131n 2011-ci il fevral\u0131n 24-d\u0259 ya\u015fad\u0131\u011f\u0131 evd\u0259 \u00fcz\u0259rind\u0259 x\u0259sar\u0259tl\u0259r olan meyitinin a\u015fkar edilm\u0259si fakt\u0131 il\u0259 ba\u011fl\u0131 Zaqatala rayon prokurorlu\u011funda Cinay\u0259t M\u0259c\u0259ll\u0259sinin 120.1-ci (q\u0259sd\u0259n adam \u00f6ld\u00fcrm\u0259) madd\u0259si il\u0259 istintaq olunan cinay\u0259t i\u015finin doqquz il sonra a\u00e7\u0131lmas\u0131 t\u0259min edilib. Ba\u015f Prokurorlu\u011fun m\u0259tbuat xidm\u0259tind\u0259n veril\u0259n m\u0259lumata g\u00f6r\u0259, prokurorluq v\u0259&hellip;","_links":{"self":[{"href":"https:\/\/arantv.az\/index.php?rest_route=\/wp\/v2\/posts\/223094"}],"collection":[{"href":"https:\/\/arantv.az\/index.php?rest_route=\/wp\/v2\/posts"}],"about":[{"href":"https:\/\/arantv.az\/index.php?rest_route=\/wp\/v2\/types\/post"}],"author":[{"embeddable":true,"href":"https:\/\/arantv.az\/index.php?rest_route=\/wp\/v2\/users\/2"}],"replies":[{"embeddable":true,"href":"https:\/\/arantv.az\/index.php?rest_route=%2Fwp%2Fv2%2Fcomments&post=223094"}],"version-history":[{"count":0,"href":"https:\/\/arantv.az\/index.php?rest_route=\/wp\/v2\/posts\/223094\/revisions"}],"wp:featuredmedia":[{"embeddable":true,"href":"https:\/\/arantv.az\/index.php?rest_route=\/wp\/v2\/media\/223095"}],"wp:attachment":[{"href":"https:\/\/arantv.az\/index.php?rest_route=%2Fwp%2Fv2%2Fmedia&parent=223094"}],"wp:term":[{"taxonomy":"category","embeddable":true,"href":"https:\/\/arantv.az\/index.php?rest_route=%2Fwp%2Fv2%2Fcategories&post=223094"},{"taxonomy":"post_tag","embeddable":true,"href":"https:\/\/arantv.az\/index.php?rest_route=%2Fwp%2Fv2%2Ftags&post=223094"}],"curies":[{"name":"wp","href":"https:\/\/api.w.org\/{rel}","templated":true}]}}