{"id":223098,"date":"2020-09-18T14:51:57","date_gmt":"2020-09-18T11:51:57","guid":{"rendered":"http:\/\/arantv.az\/?p=223098"},"modified":"2020-09-18T14:51:57","modified_gmt":"2020-09-18T11:51:57","slug":"ramiz-mehdiyevin-n%c9%99v%c9%99sinin-qalmaqalli-toyundan-yeni-goruntul%c9%99r-video","status":"publish","type":"post","link":"https:\/\/arantv.az\/?p=223098","title":{"rendered":"Ramiz Mehdiyevin n\u0259v\u0259sinin qalmaqall\u0131 toyundan yeni g\u00f6r\u00fcnt\u00fcl\u0259r &#8211; V\u0130DEO"},"content":{"rendered":"<article class=\"news\">\n<div class=\"news-inner\">\n<p>Prezident Administrasiyas\u0131n\u0131n sabiq r\u0259hb\u0259ri, AMEA prezidenti Ramiz Mehdiyevin n\u0259v\u0259sinin qalmaqall\u0131 toyundan yeni g\u00f6r\u00fcnt\u00fcl\u0259r yay\u0131l\u0131b.<\/p>\n<p>Bu bar\u0259d\u0259 \u201cYenisabah\u201d m\u0259lumat yay\u0131b.<\/p>\n<div id=\"AdviadNativeVideo0\" class=\"AdviadNativeVideo\"><\/div>\n<p>Xat\u0131rladaq ki, toy m\u0259rasimi avqustun 18-d\u0259 Novxan\u0131da ba\u011f evind\u0259 ba\u015f tutub.<\/p>\n<p>Avqustun 22-d\u0259 Ab\u015feron Rayon M\u0259hk\u0259m\u0259sinin q\u0259rar\u0131 il\u0259 Ramiz Mehdiyevin k\u00fcr\u0259k\u0259ni, kec\u0327mis\u0327 deputat I\u0307lham \u018fliyev v\u0259 onun qudas\u0131 R\u00f6v\u015f\u0259n Mustafayev 15 sutka inzibati h\u0259bs c\u0259zas\u0131 al\u0131blar. Onlar sentyabr\u0131n 6-da azadl\u0131\u011fa burax\u0131l\u0131blar.<\/p>\n<p>G\u00f6r\u00fcnt\u00fcl\u0259ri t\u0259qdim edirik:<\/p>\n<div><iframe loading=\"lazy\" src=\"https:\/\/player.baku.tv\/embed\/24740\" width=\"560\" height=\"315\" frameborder=\"0\" allowfullscreen=\"allowfullscreen\" data-mce-fragment=\"1\"><\/iframe><\/div>\n<\/div>\n<\/article>\n<h2 class=\"news-share-title\"><\/h2>\n","protected":false},"excerpt":{"rendered":"<p>Prezident Administrasiyas\u0131n\u0131n sabiq r\u0259hb\u0259ri, AMEA prezidenti Ramiz Mehdiyevin n\u0259v\u0259sinin qalmaqall\u0131 toyundan yeni g\u00f6r\u00fcnt\u00fcl\u0259r yay\u0131l\u0131b. Bu bar\u0259d\u0259 \u201cYenisabah\u201d m\u0259lumat yay\u0131b. Xat\u0131rladaq ki, toy m\u0259rasimi avqustun 18-d\u0259 Novxan\u0131da ba\u011f evind\u0259 ba\u015f tutub. Avqustun 22-d\u0259 Ab\u015feron Rayon M\u0259hk\u0259m\u0259sinin q\u0259rar\u0131 il\u0259 Ramiz Mehdiyevin k\u00fcr\u0259k\u0259ni, kec\u0327mis\u0327 deputat I\u0307lham \u018fliyev v\u0259 onun qudas\u0131 R\u00f6v\u015f\u0259n Mustafayev 15 sutka inzibati h\u0259bs c\u0259zas\u0131 al\u0131blar. Onlar sentyabr\u0131n 6-da azadl\u0131\u011fa burax\u0131l\u0131blar. G\u00f6r\u00fcnt\u00fcl\u0259ri t\u0259qdim edirik:<\/p>\n","protected":false},"author":2,"featured_media":223099,"comment_status":"closed","ping_status":"closed","sticky":false,"template":"","format":"standard","meta":{"om_disable_all_campaigns":false,"_monsterinsights_skip_tracking":false,"_monsterinsights_sitenote_active":false,"_monsterinsights_sitenote_note":"","_monsterinsights_sitenote_category":0},"categories":[26],"tags":[],"aioseo_notices":[],"gutentor_comment":0,"rttpg_featured_image_url":{"full":["https:\/\/arantv.az\/wp-content\/uploads\/2020\/09\/3-1.jpg",620,388,false],"landscape":["https:\/\/arantv.az\/wp-content\/uploads\/2020\/09\/3-1.jpg",620,388,false],"portraits":["https:\/\/arantv.az\/wp-content\/uploads\/2020\/09\/3-1.jpg",620,388,false],"thumbnail":["https:\/\/arantv.az\/wp-content\/uploads\/2020\/09\/3-1-150x150.jpg",150,150,true],"medium":["https:\/\/arantv.az\/wp-content\/uploads\/2020\/09\/3-1-300x188.jpg",300,188,true],"large":["https:\/\/arantv.az\/wp-content\/uploads\/2020\/09\/3-1.jpg",620,388,false],"1536x1536":["https:\/\/arantv.az\/wp-content\/uploads\/2020\/09\/3-1.jpg",620,388,false],"2048x2048":["https:\/\/arantv.az\/wp-content\/uploads\/2020\/09\/3-1.jpg",620,388,false],"post-thumbnail":["https:\/\/arantv.az\/wp-content\/uploads\/2020\/09\/3-1-240x172.jpg",240,172,true],"advps-thumb-one":["https:\/\/arantv.az\/wp-content\/uploads\/2020\/09\/3-1.jpg",620,388,false]},"rttpg_author":{"display_name":"V\u00fcsal Rafiqo\u011flu","author_link":"https:\/\/arantv.az\/?author=2"},"rttpg_comment":0,"rttpg_category":"<a href=\"https:\/\/arantv.az\/?cat=26\" rel=\"category\">Sosial<\/a>","rttpg_excerpt":"Prezident Administrasiyas\u0131n\u0131n sabiq r\u0259hb\u0259ri, AMEA prezidenti Ramiz Mehdiyevin n\u0259v\u0259sinin qalmaqall\u0131 toyundan yeni g\u00f6r\u00fcnt\u00fcl\u0259r yay\u0131l\u0131b. Bu bar\u0259d\u0259 \u201cYenisabah\u201d m\u0259lumat yay\u0131b. Xat\u0131rladaq ki, toy m\u0259rasimi avqustun 18-d\u0259 Novxan\u0131da ba\u011f evind\u0259 ba\u015f tutub. Avqustun 22-d\u0259 Ab\u015feron Rayon M\u0259hk\u0259m\u0259sinin q\u0259rar\u0131 il\u0259 Ramiz Mehdiyevin k\u00fcr\u0259k\u0259ni, kec\u0327mis\u0327 deputat I\u0307lham \u018fliyev v\u0259 onun qudas\u0131 R\u00f6v\u015f\u0259n Mustafayev 15 sutka inzibati h\u0259bs c\u0259zas\u0131 al\u0131blar.&hellip;","_links":{"self":[{"href":"https:\/\/arantv.az\/index.php?rest_route=\/wp\/v2\/posts\/223098"}],"collection":[{"href":"https:\/\/arantv.az\/index.php?rest_route=\/wp\/v2\/posts"}],"about":[{"href":"https:\/\/arantv.az\/index.php?rest_route=\/wp\/v2\/types\/post"}],"author":[{"embeddable":true,"href":"https:\/\/arantv.az\/index.php?rest_route=\/wp\/v2\/users\/2"}],"replies":[{"embeddable":true,"href":"https:\/\/arantv.az\/index.php?rest_route=%2Fwp%2Fv2%2Fcomments&post=223098"}],"version-history":[{"count":0,"href":"https:\/\/arantv.az\/index.php?rest_route=\/wp\/v2\/posts\/223098\/revisions"}],"wp:featuredmedia":[{"embeddable":true,"href":"https:\/\/arantv.az\/index.php?rest_route=\/wp\/v2\/media\/223099"}],"wp:attachment":[{"href":"https:\/\/arantv.az\/index.php?rest_route=%2Fwp%2Fv2%2Fmedia&parent=223098"}],"wp:term":[{"taxonomy":"category","embeddable":true,"href":"https:\/\/arantv.az\/index.php?rest_route=%2Fwp%2Fv2%2Fcategories&post=223098"},{"taxonomy":"post_tag","embeddable":true,"href":"https:\/\/arantv.az\/index.php?rest_route=%2Fwp%2Fv2%2Ftags&post=223098"}],"curies":[{"name":"wp","href":"https:\/\/api.w.org\/{rel}","templated":true}]}}