{"id":223154,"date":"2020-09-18T15:36:56","date_gmt":"2020-09-18T12:36:56","guid":{"rendered":"http:\/\/arantv.az\/?p=223154"},"modified":"2020-09-18T15:36:56","modified_gmt":"2020-09-18T12:36:56","slug":"ceyhun-bayramov-v%c9%99-avropa-ittifaqinin-komissari-muzakir%c9%99-apardilar","status":"publish","type":"post","link":"https:\/\/arantv.az\/?p=223154","title":{"rendered":"Ceyhun Bayramov v\u0259 Avropa \u0130ttifaq\u0131n\u0131n komissar\u0131 m\u00fczakir\u0259 apard\u0131lar"},"content":{"rendered":"<p>Xarici \u0130\u015fl\u0259r naziri Ceyhun Bayramov v\u0259\u00a0\u00a0Avropa \u0130ttifaq\u0131n\u0131n (A\u0130) Qon\u015fuluq v\u0259 Geni\u015fl\u0259nm\u0259 \u00fczr\u0259 Komissar\u0131 Oliver Varhely\u00a0il\u0259 telefon dan\u0131\u015f\u0131\u011f\u0131 zaman\u0131 ikit\u0259r\u0259fli m\u00fcnasib\u0259tl\u0259rin h\u00fcquqi \u0259sas\u0131n\u0131 t\u0259\u015fkil ed\u0259c\u0259k yeni sazi\u015f layih\u0259si \u00fczr\u0259 dan\u0131\u015f\u0131qlar\u0131n yekunla\u015fd\u0131r\u0131lmas\u0131n\u0131n \u0259h\u0259miyy\u0259tini m\u00fczakir\u0259 edibl\u0259r.<\/p>\n<p>Bu bar\u0259d\u0259 Xarici \u0130\u015fl\u0259r Nazirliyi m\u0259lumat yay\u0131b.<\/p>\n<div id=\"AdviadNativeVideo0\" class=\"AdviadNativeVideo\"><\/div>\n<p>H\u0259m\u00e7inin Az\u0259rbaycanla Avropa aras\u0131nda enerji sah\u0259sind\u0259 m\u00f6vcud olan strateji t\u0259r\u0259fda\u015fl\u0131q m\u00fcnasib\u0259tl\u0259ri v\u0259 Avropan\u0131n enerji il\u0259 t\u0259min edilm\u0259si \u00fc\u00e7\u00fcn Az\u0259rbaycan\u0131n t\u0259\u015f\u0259bb\u00fcs\u00fc, i\u015ftirak\u0131 il\u0259 h\u0259yata ke\u00e7iril\u0259n layih\u0259l\u0259r, o c\u00fcml\u0259d\u0259n C\u0259nubi Qaz D\u0259hlizi layih\u0259si \u00e7\u0259r\u00e7iv\u0259sind\u0259 Avropa bazar\u0131na qaz\u0131n n\u0259qli, layih\u0259nin g\u0259l\u0259c\u0259kd\u0259 geni\u015fl\u0259ndirilm\u0259si imkanlar\u0131 \u0259traf\u0131nda m\u00fczakir\u0259l\u0259r apar\u0131l\u0131b.<\/p>\n<p>A\u0130 Komissar\u0131 Ceyhun Bayramovu Xarici \u0130\u015fl\u0259r naziri t\u0259yinat\u0131 il\u0259 ba\u011fl\u0131 t\u0259brik edib v\u0259 f\u0259aliyy\u0259tind\u0259 u\u011furlar arzulay\u0131b.<\/p>\n<p>T\u0259r\u0259fl\u0259r, habel\u0259 dig\u0259r maraq do\u011furan m\u0259s\u0259l\u0259l\u0259ri m\u00fczakir\u0259 edibl\u0259r.<\/p>\n","protected":false},"excerpt":{"rendered":"<p>Xarici \u0130\u015fl\u0259r naziri Ceyhun Bayramov v\u0259\u00a0\u00a0Avropa \u0130ttifaq\u0131n\u0131n (A\u0130) Qon\u015fuluq v\u0259 Geni\u015fl\u0259nm\u0259 \u00fczr\u0259 Komissar\u0131 Oliver Varhely\u00a0il\u0259 telefon dan\u0131\u015f\u0131\u011f\u0131 zaman\u0131 ikit\u0259r\u0259fli m\u00fcnasib\u0259tl\u0259rin h\u00fcquqi \u0259sas\u0131n\u0131 t\u0259\u015fkil ed\u0259c\u0259k yeni sazi\u015f layih\u0259si \u00fczr\u0259 dan\u0131\u015f\u0131qlar\u0131n yekunla\u015fd\u0131r\u0131lmas\u0131n\u0131n \u0259h\u0259miyy\u0259tini m\u00fczakir\u0259 edibl\u0259r. Bu bar\u0259d\u0259 Xarici \u0130\u015fl\u0259r Nazirliyi m\u0259lumat yay\u0131b. H\u0259m\u00e7inin Az\u0259rbaycanla Avropa aras\u0131nda enerji sah\u0259sind\u0259 m\u00f6vcud olan strateji t\u0259r\u0259fda\u015fl\u0131q m\u00fcnasib\u0259tl\u0259ri v\u0259 Avropan\u0131n enerji il\u0259 t\u0259min edilm\u0259si \u00fc\u00e7\u00fcn Az\u0259rbaycan\u0131n t\u0259\u015f\u0259bb\u00fcs\u00fc, i\u015ftirak\u0131 il\u0259 h\u0259yata ke\u00e7iril\u0259n layih\u0259l\u0259r, o c\u00fcml\u0259d\u0259n C\u0259nubi Qaz D\u0259hlizi layih\u0259si \u00e7\u0259r\u00e7iv\u0259sind\u0259 Avropa bazar\u0131na qaz\u0131n n\u0259qli, layih\u0259nin g\u0259l\u0259c\u0259kd\u0259 geni\u015fl\u0259ndirilm\u0259si imkanlar\u0131 \u0259traf\u0131nda m\u00fczakir\u0259l\u0259r apar\u0131l\u0131b. A\u0130 Komissar\u0131 Ceyhun Bayramovu Xarici \u0130\u015fl\u0259r naziri&hellip;<\/p>\n","protected":false},"author":2,"featured_media":223155,"comment_status":"closed","ping_status":"closed","sticky":false,"template":"","format":"standard","meta":{"om_disable_all_campaigns":false,"_monsterinsights_skip_tracking":false,"_monsterinsights_sitenote_active":false,"_monsterinsights_sitenote_note":"","_monsterinsights_sitenote_category":0},"categories":[4],"tags":[],"aioseo_notices":[],"gutentor_comment":0,"rttpg_featured_image_url":{"full":["https:\/\/arantv.az\/wp-content\/uploads\/2020\/09\/1600428272img__0.jpg",555,465,false],"landscape":["https:\/\/arantv.az\/wp-content\/uploads\/2020\/09\/1600428272img__0.jpg",555,465,false],"portraits":["https:\/\/arantv.az\/wp-content\/uploads\/2020\/09\/1600428272img__0.jpg",555,465,false],"thumbnail":["https:\/\/arantv.az\/wp-content\/uploads\/2020\/09\/1600428272img__0-150x150.jpg",150,150,true],"medium":["https:\/\/arantv.az\/wp-content\/uploads\/2020\/09\/1600428272img__0-300x251.jpg",300,251,true],"large":["https:\/\/arantv.az\/wp-content\/uploads\/2020\/09\/1600428272img__0.jpg",555,465,false],"1536x1536":["https:\/\/arantv.az\/wp-content\/uploads\/2020\/09\/1600428272img__0.jpg",555,465,false],"2048x2048":["https:\/\/arantv.az\/wp-content\/uploads\/2020\/09\/1600428272img__0.jpg",555,465,false],"post-thumbnail":["https:\/\/arantv.az\/wp-content\/uploads\/2020\/09\/1600428272img__0-240x172.jpg",240,172,true],"advps-thumb-one":["https:\/\/arantv.az\/wp-content\/uploads\/2020\/09\/1600428272img__0.jpg",555,465,false]},"rttpg_author":{"display_name":"V\u00fcsal Rafiqo\u011flu","author_link":"https:\/\/arantv.az\/?author=2"},"rttpg_comment":0,"rttpg_category":"<a href=\"https:\/\/arantv.az\/?cat=4\" rel=\"category\">Siyas\u0259t<\/a>","rttpg_excerpt":"Xarici \u0130\u015fl\u0259r naziri Ceyhun Bayramov v\u0259\u00a0\u00a0Avropa \u0130ttifaq\u0131n\u0131n (A\u0130) Qon\u015fuluq v\u0259 Geni\u015fl\u0259nm\u0259 \u00fczr\u0259 Komissar\u0131 Oliver Varhely\u00a0il\u0259 telefon dan\u0131\u015f\u0131\u011f\u0131 zaman\u0131 ikit\u0259r\u0259fli m\u00fcnasib\u0259tl\u0259rin h\u00fcquqi \u0259sas\u0131n\u0131 t\u0259\u015fkil ed\u0259c\u0259k yeni sazi\u015f layih\u0259si \u00fczr\u0259 dan\u0131\u015f\u0131qlar\u0131n yekunla\u015fd\u0131r\u0131lmas\u0131n\u0131n \u0259h\u0259miyy\u0259tini m\u00fczakir\u0259 edibl\u0259r. Bu bar\u0259d\u0259 Xarici \u0130\u015fl\u0259r Nazirliyi m\u0259lumat yay\u0131b. H\u0259m\u00e7inin Az\u0259rbaycanla Avropa aras\u0131nda enerji sah\u0259sind\u0259 m\u00f6vcud olan strateji t\u0259r\u0259fda\u015fl\u0131q m\u00fcnasib\u0259tl\u0259ri v\u0259 Avropan\u0131n enerji il\u0259&hellip;","_links":{"self":[{"href":"https:\/\/arantv.az\/index.php?rest_route=\/wp\/v2\/posts\/223154"}],"collection":[{"href":"https:\/\/arantv.az\/index.php?rest_route=\/wp\/v2\/posts"}],"about":[{"href":"https:\/\/arantv.az\/index.php?rest_route=\/wp\/v2\/types\/post"}],"author":[{"embeddable":true,"href":"https:\/\/arantv.az\/index.php?rest_route=\/wp\/v2\/users\/2"}],"replies":[{"embeddable":true,"href":"https:\/\/arantv.az\/index.php?rest_route=%2Fwp%2Fv2%2Fcomments&post=223154"}],"version-history":[{"count":0,"href":"https:\/\/arantv.az\/index.php?rest_route=\/wp\/v2\/posts\/223154\/revisions"}],"wp:featuredmedia":[{"embeddable":true,"href":"https:\/\/arantv.az\/index.php?rest_route=\/wp\/v2\/media\/223155"}],"wp:attachment":[{"href":"https:\/\/arantv.az\/index.php?rest_route=%2Fwp%2Fv2%2Fmedia&parent=223154"}],"wp:term":[{"taxonomy":"category","embeddable":true,"href":"https:\/\/arantv.az\/index.php?rest_route=%2Fwp%2Fv2%2Fcategories&post=223154"},{"taxonomy":"post_tag","embeddable":true,"href":"https:\/\/arantv.az\/index.php?rest_route=%2Fwp%2Fv2%2Ftags&post=223154"}],"curies":[{"name":"wp","href":"https:\/\/api.w.org\/{rel}","templated":true}]}}