{"id":22347,"date":"2018-10-31T09:53:45","date_gmt":"2018-10-31T06:53:45","guid":{"rendered":"http:\/\/arantv.az\/?p=22347"},"modified":"2018-10-31T09:53:45","modified_gmt":"2018-10-31T06:53:45","slug":"bakida-d%c9%99hs%c9%99t-%c9%99r-arvadini-bogub-oldurdu","status":"publish","type":"post","link":"https:\/\/arantv.az\/?p=22347","title":{"rendered":"Bak\u0131da d\u0259h\u015f\u0259t: \u0259r arvad\u0131n\u0131 bo\u011fub \u00f6ld\u00fcrd\u00fc"},"content":{"rendered":"<p><strong>Bak\u0131da q\u0259tl t\u00f6r\u0259dilib.<\/strong><\/p>\n<p><strong>ARANTV.AZ<\/strong>-\u0131n m\u0259lumat\u0131na g\u00f6r\u0259, hadis\u0259 \u00f6t\u0259n gec\u0259 paytaxt\u0131n Qarada\u011f rayonu L\u00f6kbatan q\u0259s\u0259b\u0259si, \u0130ntiqam N\u0259biyev k\u00fc\u00e7\u0259si ev 2A \u00fcnvan\u0131nda qeyd\u0259 al\u0131n\u0131b. H\u0259min \u00fcnvanda ya\u015fayan, Yard\u0131ml\u0131 rayon sakini, 1961-ci il t\u0259v\u0259ll\u00fcdl\u00fc M\u00fcs\u0259ddiq Q\u00fcdr\u0259t o\u011flu \u018fliyev q\u0131sqancl\u0131q z\u0259minind\u0259 arvad\u0131, 1974-c\u00fc il t\u0259v\u0259ll\u00fcdl\u00fc Ofeliya \u0130manovan\u0131 ipl\u0259 bo\u011faraq \u00f6ld\u00fcr\u00fcb.<\/p>\n<p>Hadis\u0259ni t\u00f6r\u0259d\u0259n M.\u018fliyev tutulub.<\/p>\n<p>Faktla ba\u011fl\u0131 Qarada\u011f rayon Prokurorlu\u011funda Cinay\u0259t M\u0259c\u0259ll\u0259sinin 120.1-ci (q\u0259sd\u0259n adam \u00f6ld\u00fcrm\u0259) madd\u0259si il\u0259 cinay\u0259t i\u015fi ba\u015flan\u0131b, istintaq apar\u0131l\u0131r.report<\/p>\n","protected":false},"excerpt":{"rendered":"<p>Bak\u0131da q\u0259tl t\u00f6r\u0259dilib. ARANTV.AZ-\u0131n m\u0259lumat\u0131na g\u00f6r\u0259, hadis\u0259 \u00f6t\u0259n gec\u0259 paytaxt\u0131n Qarada\u011f rayonu L\u00f6kbatan q\u0259s\u0259b\u0259si, \u0130ntiqam N\u0259biyev k\u00fc\u00e7\u0259si ev 2A \u00fcnvan\u0131nda qeyd\u0259 al\u0131n\u0131b. H\u0259min \u00fcnvanda ya\u015fayan, Yard\u0131ml\u0131 rayon sakini, 1961-ci il t\u0259v\u0259ll\u00fcdl\u00fc M\u00fcs\u0259ddiq Q\u00fcdr\u0259t o\u011flu \u018fliyev q\u0131sqancl\u0131q z\u0259minind\u0259 arvad\u0131, 1974-c\u00fc il t\u0259v\u0259ll\u00fcdl\u00fc Ofeliya \u0130manovan\u0131 ipl\u0259 bo\u011faraq \u00f6ld\u00fcr\u00fcb. Hadis\u0259ni t\u00f6r\u0259d\u0259n M.\u018fliyev tutulub. Faktla ba\u011fl\u0131 Qarada\u011f rayon Prokurorlu\u011funda Cinay\u0259t M\u0259c\u0259ll\u0259sinin 120.1-ci (q\u0259sd\u0259n adam \u00f6ld\u00fcrm\u0259) madd\u0259si il\u0259 cinay\u0259t i\u015fi ba\u015flan\u0131b, istintaq apar\u0131l\u0131r.report<\/p>\n","protected":false},"author":2,"featured_media":22348,"comment_status":"closed","ping_status":"closed","sticky":false,"template":"","format":"standard","meta":{"om_disable_all_campaigns":false,"_monsterinsights_skip_tracking":false,"_monsterinsights_sitenote_active":false,"_monsterinsights_sitenote_note":"","_monsterinsights_sitenote_category":0},"categories":[3],"tags":[],"aioseo_notices":[],"gutentor_comment":0,"rttpg_featured_image_url":{"full":["https:\/\/arantv.az\/wp-content\/uploads\/2018\/10\/1469614767.jpg",448,336,false],"landscape":["https:\/\/arantv.az\/wp-content\/uploads\/2018\/10\/1469614767.jpg",448,336,false],"portraits":["https:\/\/arantv.az\/wp-content\/uploads\/2018\/10\/1469614767.jpg",448,336,false],"thumbnail":["https:\/\/arantv.az\/wp-content\/uploads\/2018\/10\/1469614767-150x150.jpg",150,150,true],"medium":["https:\/\/arantv.az\/wp-content\/uploads\/2018\/10\/1469614767-300x225.jpg",300,225,true],"large":["https:\/\/arantv.az\/wp-content\/uploads\/2018\/10\/1469614767.jpg",448,336,false],"1536x1536":["https:\/\/arantv.az\/wp-content\/uploads\/2018\/10\/1469614767.jpg",448,336,false],"2048x2048":["https:\/\/arantv.az\/wp-content\/uploads\/2018\/10\/1469614767.jpg",448,336,false],"post-thumbnail":["https:\/\/arantv.az\/wp-content\/uploads\/2018\/10\/1469614767-240x172.jpg",240,172,true],"advps-thumb-one":["https:\/\/arantv.az\/wp-content\/uploads\/2018\/10\/1469614767.jpg",448,336,false]},"rttpg_author":{"display_name":"V\u00fcsal Rafiqo\u011flu","author_link":"https:\/\/arantv.az\/?author=2"},"rttpg_comment":0,"rttpg_category":"<a href=\"https:\/\/arantv.az\/?cat=3\" rel=\"category\">Kriminal<\/a>","rttpg_excerpt":"Bak\u0131da q\u0259tl t\u00f6r\u0259dilib. ARANTV.AZ-\u0131n m\u0259lumat\u0131na g\u00f6r\u0259, hadis\u0259 \u00f6t\u0259n gec\u0259 paytaxt\u0131n Qarada\u011f rayonu L\u00f6kbatan q\u0259s\u0259b\u0259si, \u0130ntiqam N\u0259biyev k\u00fc\u00e7\u0259si ev 2A \u00fcnvan\u0131nda qeyd\u0259 al\u0131n\u0131b. H\u0259min \u00fcnvanda ya\u015fayan, Yard\u0131ml\u0131 rayon sakini, 1961-ci il t\u0259v\u0259ll\u00fcdl\u00fc M\u00fcs\u0259ddiq Q\u00fcdr\u0259t o\u011flu \u018fliyev q\u0131sqancl\u0131q z\u0259minind\u0259 arvad\u0131, 1974-c\u00fc il t\u0259v\u0259ll\u00fcdl\u00fc Ofeliya \u0130manovan\u0131 ipl\u0259 bo\u011faraq \u00f6ld\u00fcr\u00fcb. Hadis\u0259ni t\u00f6r\u0259d\u0259n M.\u018fliyev tutulub. Faktla ba\u011fl\u0131 Qarada\u011f rayon Prokurorlu\u011funda&hellip;","_links":{"self":[{"href":"https:\/\/arantv.az\/index.php?rest_route=\/wp\/v2\/posts\/22347"}],"collection":[{"href":"https:\/\/arantv.az\/index.php?rest_route=\/wp\/v2\/posts"}],"about":[{"href":"https:\/\/arantv.az\/index.php?rest_route=\/wp\/v2\/types\/post"}],"author":[{"embeddable":true,"href":"https:\/\/arantv.az\/index.php?rest_route=\/wp\/v2\/users\/2"}],"replies":[{"embeddable":true,"href":"https:\/\/arantv.az\/index.php?rest_route=%2Fwp%2Fv2%2Fcomments&post=22347"}],"version-history":[{"count":0,"href":"https:\/\/arantv.az\/index.php?rest_route=\/wp\/v2\/posts\/22347\/revisions"}],"wp:featuredmedia":[{"embeddable":true,"href":"https:\/\/arantv.az\/index.php?rest_route=\/wp\/v2\/media\/22348"}],"wp:attachment":[{"href":"https:\/\/arantv.az\/index.php?rest_route=%2Fwp%2Fv2%2Fmedia&parent=22347"}],"wp:term":[{"taxonomy":"category","embeddable":true,"href":"https:\/\/arantv.az\/index.php?rest_route=%2Fwp%2Fv2%2Fcategories&post=22347"},{"taxonomy":"post_tag","embeddable":true,"href":"https:\/\/arantv.az\/index.php?rest_route=%2Fwp%2Fv2%2Ftags&post=22347"}],"curies":[{"name":"wp","href":"https:\/\/api.w.org\/{rel}","templated":true}]}}