{"id":22372,"date":"2018-10-31T14:16:00","date_gmt":"2018-10-31T11:16:00","guid":{"rendered":"http:\/\/arantv.az\/?p=22372"},"modified":"2018-10-31T14:16:00","modified_gmt":"2018-10-31T11:16:00","slug":"muasir-biologiya-v%c9%99-aqrar-elml%c9%99rd%c9%99-innovasiyalar-v%c9%99-qlobal-cagirislar-movzusunda-konfrans-oz-isin%c9%99-baslayib","status":"publish","type":"post","link":"https:\/\/arantv.az\/?p=22372","title":{"rendered":"\u201cM\u00fcasir biologiya v\u0259 aqrar elml\u0259rd\u0259 innovasiyalar v\u0259 qlobal \u00e7a\u011f\u0131r\u0131\u015flar\u201d m\u00f6vzusunda konfrans \u00f6z i\u015fin\u0259 ba\u015flay\u0131b"},"content":{"rendered":"<p><strong>ARANTV.AZ<\/strong> x\u0259b\u0259r xebrir ki, oktyabr\u0131n 31-d\u0259 Az\u0259rbaycan Milli Elml\u0259r Akademiyas\u0131 (AMEA) Molekulyar Biologiya v\u0259 Biotexnologiyalar \u0130nstitutunun v\u0259 K\u0259nd T\u0259s\u0259rr\u00fcfati Nazirliyi \u018fkin\u00e7ilik Elmi-T\u0259dqiqat \u0130nstitutunun birg\u0259 t\u0259\u015fkilat\u00e7\u0131l\u0131\u011f\u0131 il\u0259 \u201cM\u00fcasir biologiya v\u0259 aqrar elml\u0259rd\u0259 innovasiyalar v\u0259 qlobal \u00e7a\u011f\u0131r\u0131\u015flar\u201d m\u00f6vzusunda g\u0259nc alim v\u0259 t\u0259l\u0259b\u0259l\u0259rin konfrans\u0131 ke\u00e7irilir.<\/p>\n<p>Konfrans akademik C\u0259lal \u018fliyevin anadan olmas\u0131n\u0131n 90 illiyin\u0259 h\u0259sr edilib. \u018fvv\u0259lc\u0259 konfrans i\u015ftirak\u00e7\u0131lar\u0131 F\u0259xri xiyabanda g\u00f6rk\u0259mli alimin m\u0259zar\u0131n\u0131 ziyar\u0259t edibl\u0259r.<\/p>\n<p>Molekulyar Biologiya v\u0259 Biotexnologiyalar \u0130nstitutunda t\u0259\u015fkil olunan konfransda bu elm m\u00fc\u0259ssis\u0259sinin direktoru, akademik \u0130rad\u0259 H\u00fcseynova d\u00fcnya \u015f\u00f6hr\u0259tli alim, akademik C\u0259lal \u018fliyevin h\u0259yat v\u0259 f\u0259aliyy\u0259tind\u0259n, Az\u0259rbaycan biologiya elminin inki\u015faf\u0131nda m\u00fcst\u0259sna xidm\u0259tl\u0259rind\u0259n s\u00f6z a\u00e7\u0131b. Bildirib ki, g\u00f6rk\u0259mli alim biologiya v\u0259 aqrar elml\u0259rin m\u00fcxt\u0259lif istiqam\u0259tl\u0259rinin inki\u015faf\u0131na d\u0259y\u0259rli t\u00f6hf\u0259l\u0259r verib. Akademik C\u0259lal \u018fliyev \u00f6mr\u00fcn\u00fc fotosintez prosesinin \u00f6yr\u0259nilm\u0259sin\u0259 h\u0259sr edib. Alimin elmi f\u0259aliyy\u0259tinin m\u00fc\u0259yy\u0259n d\u00f6vr\u00fc \u018fkin\u00e7ilik \u0130nstitutu il\u0259 ba\u011fl\u0131 olub. H\u0259r zaman t\u0259l\u0259b\u0259l\u0259rin\u0259 b\u00f6y\u00fck diqq\u0259t v\u0259 qay\u011f\u0131 il\u0259 yana\u015fan C\u0259lal m\u00fc\u0259llimin yetirm\u0259l\u0259ri bu g\u00fcn \u00f6lk\u0259d\u0259 v\u0259 xaricd\u0259 elmi f\u0259aliyy\u0259tl\u0259rini u\u011furla davam etdirirl\u0259r.<\/p>\n<p>\u0130.H\u00fcseynova akademik C\u0259lal \u018fliyevin elmi irsinin \u00f6yr\u0259nilm\u0259si bax\u0131m\u0131ndan konfrans\u0131n g\u0259nc alim v\u0259 t\u0259l\u0259b\u0259l\u0259r \u00fc\u00e7\u00fcn \u0259h\u0259miyy\u0259tini qeyd edib.<\/p>\n<p>\u00c7\u0131x\u0131\u015f ed\u0259nl\u0259r akademik C\u0259lal \u018fliyevin Az\u0259rbaycan biologiya v\u0259 aqrar elml\u0259rinin inki\u015faf\u0131nda xidm\u0259tl\u0259rind\u0259n, ictimai- siyasi f\u0259aliyy\u0259tind\u0259n s\u00f6z a\u00e7\u0131blar.<\/p>\n<p>Sonra g\u0259nc alim v\u0259 t\u0259l\u0259b\u0259l\u0259rin m\u0259ruz\u0259l\u0259ri dinl\u0259nilib.<\/p>\n","protected":false},"excerpt":{"rendered":"<p>ARANTV.AZ x\u0259b\u0259r xebrir ki, oktyabr\u0131n 31-d\u0259 Az\u0259rbaycan Milli Elml\u0259r Akademiyas\u0131 (AMEA) Molekulyar Biologiya v\u0259 Biotexnologiyalar \u0130nstitutunun v\u0259 K\u0259nd T\u0259s\u0259rr\u00fcfati Nazirliyi \u018fkin\u00e7ilik Elmi-T\u0259dqiqat \u0130nstitutunun birg\u0259 t\u0259\u015fkilat\u00e7\u0131l\u0131\u011f\u0131 il\u0259 \u201cM\u00fcasir biologiya v\u0259 aqrar elml\u0259rd\u0259 innovasiyalar v\u0259 qlobal \u00e7a\u011f\u0131r\u0131\u015flar\u201d m\u00f6vzusunda g\u0259nc alim v\u0259 t\u0259l\u0259b\u0259l\u0259rin konfrans\u0131 ke\u00e7irilir. Konfrans akademik C\u0259lal \u018fliyevin anadan olmas\u0131n\u0131n 90 illiyin\u0259 h\u0259sr edilib. \u018fvv\u0259lc\u0259 konfrans i\u015ftirak\u00e7\u0131lar\u0131 F\u0259xri xiyabanda g\u00f6rk\u0259mli alimin m\u0259zar\u0131n\u0131 ziyar\u0259t edibl\u0259r. Molekulyar Biologiya v\u0259 Biotexnologiyalar \u0130nstitutunda t\u0259\u015fkil olunan konfransda bu elm m\u00fc\u0259ssis\u0259sinin direktoru, akademik \u0130rad\u0259 H\u00fcseynova d\u00fcnya \u015f\u00f6hr\u0259tli alim, akademik C\u0259lal \u018fliyevin h\u0259yat v\u0259 f\u0259aliyy\u0259tind\u0259n, Az\u0259rbaycan biologiya elminin inki\u015faf\u0131nda&hellip;<\/p>\n","protected":false},"author":2,"featured_media":22373,"comment_status":"closed","ping_status":"closed","sticky":false,"template":"","format":"standard","meta":{"om_disable_all_campaigns":false,"_monsterinsights_skip_tracking":false,"_monsterinsights_sitenote_active":false,"_monsterinsights_sitenote_note":"","_monsterinsights_sitenote_category":0},"categories":[1],"tags":[],"aioseo_notices":[],"gutentor_comment":0,"rttpg_featured_image_url":{"full":["https:\/\/arantv.az\/wp-content\/uploads\/2018\/10\/botmsb6c1d1surns72s7i1mfl2konf.jpg",977,669,false],"landscape":["https:\/\/arantv.az\/wp-content\/uploads\/2018\/10\/botmsb6c1d1surns72s7i1mfl2konf.jpg",977,669,false],"portraits":["https:\/\/arantv.az\/wp-content\/uploads\/2018\/10\/botmsb6c1d1surns72s7i1mfl2konf.jpg",977,669,false],"thumbnail":["https:\/\/arantv.az\/wp-content\/uploads\/2018\/10\/botmsb6c1d1surns72s7i1mfl2konf-150x150.jpg",150,150,true],"medium":["https:\/\/arantv.az\/wp-content\/uploads\/2018\/10\/botmsb6c1d1surns72s7i1mfl2konf-300x205.jpg",300,205,true],"large":["https:\/\/arantv.az\/wp-content\/uploads\/2018\/10\/botmsb6c1d1surns72s7i1mfl2konf.jpg",640,438,false],"1536x1536":["https:\/\/arantv.az\/wp-content\/uploads\/2018\/10\/botmsb6c1d1surns72s7i1mfl2konf.jpg",977,669,false],"2048x2048":["https:\/\/arantv.az\/wp-content\/uploads\/2018\/10\/botmsb6c1d1surns72s7i1mfl2konf.jpg",977,669,false],"post-thumbnail":["https:\/\/arantv.az\/wp-content\/uploads\/2018\/10\/botmsb6c1d1surns72s7i1mfl2konf-240x172.jpg",240,172,true],"advps-thumb-one":["https:\/\/arantv.az\/wp-content\/uploads\/2018\/10\/botmsb6c1d1surns72s7i1mfl2konf-977x620.jpg",977,620,true]},"rttpg_author":{"display_name":"V\u00fcsal Rafiqo\u011flu","author_link":"https:\/\/arantv.az\/?author=2"},"rttpg_comment":0,"rttpg_category":"<a href=\"https:\/\/arantv.az\/?cat=1\" rel=\"category\">C\u0259miyy\u0259t<\/a>","rttpg_excerpt":"ARANTV.AZ x\u0259b\u0259r xebrir ki, oktyabr\u0131n 31-d\u0259 Az\u0259rbaycan Milli Elml\u0259r Akademiyas\u0131 (AMEA) Molekulyar Biologiya v\u0259 Biotexnologiyalar \u0130nstitutunun v\u0259 K\u0259nd T\u0259s\u0259rr\u00fcfati Nazirliyi \u018fkin\u00e7ilik Elmi-T\u0259dqiqat \u0130nstitutunun birg\u0259 t\u0259\u015fkilat\u00e7\u0131l\u0131\u011f\u0131 il\u0259 \u201cM\u00fcasir biologiya v\u0259 aqrar elml\u0259rd\u0259 innovasiyalar v\u0259 qlobal \u00e7a\u011f\u0131r\u0131\u015flar\u201d m\u00f6vzusunda g\u0259nc alim v\u0259 t\u0259l\u0259b\u0259l\u0259rin konfrans\u0131 ke\u00e7irilir. Konfrans akademik C\u0259lal \u018fliyevin anadan olmas\u0131n\u0131n 90 illiyin\u0259 h\u0259sr edilib. \u018fvv\u0259lc\u0259 konfrans i\u015ftirak\u00e7\u0131lar\u0131&hellip;","_links":{"self":[{"href":"https:\/\/arantv.az\/index.php?rest_route=\/wp\/v2\/posts\/22372"}],"collection":[{"href":"https:\/\/arantv.az\/index.php?rest_route=\/wp\/v2\/posts"}],"about":[{"href":"https:\/\/arantv.az\/index.php?rest_route=\/wp\/v2\/types\/post"}],"author":[{"embeddable":true,"href":"https:\/\/arantv.az\/index.php?rest_route=\/wp\/v2\/users\/2"}],"replies":[{"embeddable":true,"href":"https:\/\/arantv.az\/index.php?rest_route=%2Fwp%2Fv2%2Fcomments&post=22372"}],"version-history":[{"count":0,"href":"https:\/\/arantv.az\/index.php?rest_route=\/wp\/v2\/posts\/22372\/revisions"}],"wp:featuredmedia":[{"embeddable":true,"href":"https:\/\/arantv.az\/index.php?rest_route=\/wp\/v2\/media\/22373"}],"wp:attachment":[{"href":"https:\/\/arantv.az\/index.php?rest_route=%2Fwp%2Fv2%2Fmedia&parent=22372"}],"wp:term":[{"taxonomy":"category","embeddable":true,"href":"https:\/\/arantv.az\/index.php?rest_route=%2Fwp%2Fv2%2Fcategories&post=22372"},{"taxonomy":"post_tag","embeddable":true,"href":"https:\/\/arantv.az\/index.php?rest_route=%2Fwp%2Fv2%2Ftags&post=22372"}],"curies":[{"name":"wp","href":"https:\/\/api.w.org\/{rel}","templated":true}]}}