{"id":22375,"date":"2018-10-31T14:17:40","date_gmt":"2018-10-31T11:17:40","guid":{"rendered":"http:\/\/arantv.az\/?p=22375"},"modified":"2018-10-31T14:17:40","modified_gmt":"2018-10-31T11:17:40","slug":"bakidan-cenevr%c9%99y%c9%99-t%c9%99yyar%c9%99-reysi-acilib","status":"publish","type":"post","link":"https:\/\/arantv.az\/?p=22375","title":{"rendered":"Bak\u0131dan Cenevr\u0259y\u0259 t\u0259yyar\u0259 reysi a\u00e7\u0131l\u0131b"},"content":{"rendered":"<p><strong>ARANTV.AZ<\/strong> x\u0259b\u0259r verir ki, oktyabr\u0131n 30-da \u201cAz\u0259rbaycan Hava Yollar\u0131\u201d (AZAL) birg\u0259 \u00e7arter proqram\u0131 \u00e7\u0259r\u00e7iv\u0259sind\u0259 Bak\u0131-Cenevr\u0259 mar\u015frutu \u00fczr\u0259 ilk u\u00e7u\u015funu yerin\u0259 yetirib.<\/p>\n<p>AZAL avia\u015firk\u0259ti v\u0259 aeroportun r\u0259hb\u0259rliyinin, diplomatik korpuslar v\u0259 K\u0130V n\u00fcmay\u0259nd\u0259l\u0259rinin i\u015ftirak\u0131 il\u0259 Cenevr\u0259 hava liman\u0131nda t\u0259yyar\u0259nin qar\u015f\u0131lanma m\u0259rasimi ke\u00e7irilib.<\/p>\n<p>Qar\u015f\u0131lanma m\u0259rasimind\u0259 \u00e7\u0131x\u0131\u015f ed\u0259n \u201cAz\u0259rbaycan Hava Yollar\u0131\u201d s\u0259rni\u015fin avia\u015firk\u0259tinin direktoru C\u0259mil Manizad\u0259 bildirib ki, AZAL-\u0131n reysl\u0259rinin say\u0131n\u0131n art\u0131r\u0131lmas\u0131 istiqam\u0259tind\u0259 y\u00fcr\u00fcd\u00fcl\u0259n siyas\u0259t davam etdiril\u0259c\u0259k. Avia\u015firk\u0259t s\u0259rni\u015finl\u0259r\u0259 Cenevr\u0259d\u0259n Bak\u0131ya v\u0259 geriy\u0259 birba\u015fa aviareys t\u0259qdim etm\u0259kd\u0259n m\u0259mnundur. Cenevr\u0259 reysini h\u0259yata ke\u00e7ir\u0259n t\u0259yyar\u0259l\u0259r dig\u0259rl\u0259rind\u0259n f\u0259rql\u0259nir. Bel\u0259 ki, Bak\u0131-Cenevr\u0259 istiqam\u0259tind\u0259 u\u00e7u\u015flar h\u0259yata ke\u00e7ir\u0259n t\u0259yyar\u0259l\u0259rin \u00fc\u00e7 xidm\u0259t sinfi &#8211; VIP Club, Business Class v\u0259 ekonom sinfi m\u00f6vcuddur. Reysl\u0259r t\u0259kmill\u0259\u015fdirilmi\u015f komfortlu oturacaqlara malik \u201cAirbus A319\u201d t\u0259yyar\u0259l\u0259ri il\u0259 yerin\u0259 yetiril\u0259c\u0259k.<\/p>\n<p>O qeyd edib ki, AZAL-\u0131n J2-5009\/J2-5010 reysl\u0259ri h\u0259ft\u0259d\u0259 iki d\u0259f\u0259 &#8211; \u00e7\u0259r\u015f\u0259nb\u0259 ax\u015fam\u0131 v\u0259 c\u00fcm\u0259 g\u00fcnl\u0259ri ba\u015f tutacaq.<\/p>\n<p>Az\u0259rbaycan Respublikas\u0131n\u0131n \u0130sve\u00e7r\u0259d\u0259ki s\u0259firi Xan\u0131m \u0130brahimova iki \u00f6lk\u0259 aras\u0131nda siyasi, iqtisadi v\u0259 m\u0259d\u0259ni \u0259laq\u0259l\u0259rin y\u00fcks\u0259k inki\u015faf\u0131ndan s\u00f6z a\u00e7\u0131b.<\/p>\n<p>Bildirib ki, son d\u00f6vrl\u0259r Az\u0259rbaycanda turizmin dinamik inki\u015faf\u0131na n\u0259z\u0259r sal\u0131nsa, f\u0259aliyy\u0259t\u0259 ba\u015flayan Bak\u0131-Cenevr\u0259-Bak\u0131 \u00e7arter reysl\u0259ri h\u0259r iki \u00f6lk\u0259nin turistl\u0259ri \u00fc\u00e7\u00fcn g\u00f6z\u0259l imkanlar yaradacaq.<\/p>\n<p>S\u0259fir diqq\u0259t\u0259 \u00e7atd\u0131r\u0131b ki, \u0130sve\u00e7r\u0259 Turizm Agentliyi il\u0259 Az\u0259rbaycan Turizm Agentliyi aras\u0131nda ba\u011flanm\u0131\u015f sazi\u015f\u0259 \u0259sas\u0259n h\u0259r iki \u00f6lk\u0259nin turizm potensial\u0131 olan \u015f\u0259h\u0259rl\u0259rinin, m\u0259d\u0259niyy\u0259tl\u0259rinin tan\u0131t\u0131m\u0131, buraya turist ax\u0131n\u0131n\u0131n c\u0259lb edilm\u0259si il\u0259 ba\u011fl\u0131 add\u0131mlar at\u0131lacaq. H\u0259m\u00e7inin Bak\u0131-Cenevr\u0259-Bak\u0131 reysi qar\u015f\u0131l\u0131ql\u0131 biznes \u0259laq\u0259l\u0259rinin qurulmas\u0131na, yeni investisiya yat\u0131r\u0131mlar\u0131na t\u0259kan yarada bil\u0259r.<\/p>\n<p>\u0130sve\u00e7r\u0259nin Az\u0259rbaycandak\u0131 s\u0259firinin m\u00fcavini Simone Haeberli is\u0259 bildirib ki, aviareys y\u00fcks\u0259k komfortlu t\u0259yyar\u0259 il\u0259 h\u0259yata ke\u00e7irilib v\u0259 indi 4,5 saata Cenevr\u0259d\u0259n Bak\u0131ya v\u0259 geriy\u0259 qay\u0131tmaq olar.<\/p>\n<p>Qar\u015f\u0131lama m\u0259rasimind\u0259 i\u015ftirak ed\u0259n dig\u0259r qonaqlar da Bak\u0131n\u0131n g\u00f6z\u0259lliyind\u0259n, turizm potensial\u0131ndan, m\u0259d\u0259niyy\u0259tind\u0259n v\u0259 \u0259halinin qonaqp\u0259rv\u0259rliyind\u0259n dan\u0131\u015f\u0131b, isve\u00e7r\u0259li v\u0259t\u0259nda\u015flar\u0131 Bak\u0131ya d\u0259v\u0259t edib.<\/p>\n<p>Qeyd ed\u0259k ki, Bak\u0131-Cenevr\u0259-Bak\u0131 \u00e7arter reysi \u00fczr\u0259 u\u00e7u\u015flar Heyd\u0259r \u018fliyev Beyn\u0259lxalq Aeroportunun Terminal 1-d\u0259n h\u0259yata ke\u00e7iril\u0259c\u0259k.<\/p>\n","protected":false},"excerpt":{"rendered":"<p>ARANTV.AZ x\u0259b\u0259r verir ki, oktyabr\u0131n 30-da \u201cAz\u0259rbaycan Hava Yollar\u0131\u201d (AZAL) birg\u0259 \u00e7arter proqram\u0131 \u00e7\u0259r\u00e7iv\u0259sind\u0259 Bak\u0131-Cenevr\u0259 mar\u015frutu \u00fczr\u0259 ilk u\u00e7u\u015funu yerin\u0259 yetirib. AZAL avia\u015firk\u0259ti v\u0259 aeroportun r\u0259hb\u0259rliyinin, diplomatik korpuslar v\u0259 K\u0130V n\u00fcmay\u0259nd\u0259l\u0259rinin i\u015ftirak\u0131 il\u0259 Cenevr\u0259 hava liman\u0131nda t\u0259yyar\u0259nin qar\u015f\u0131lanma m\u0259rasimi ke\u00e7irilib. Qar\u015f\u0131lanma m\u0259rasimind\u0259 \u00e7\u0131x\u0131\u015f ed\u0259n \u201cAz\u0259rbaycan Hava Yollar\u0131\u201d s\u0259rni\u015fin avia\u015firk\u0259tinin direktoru C\u0259mil Manizad\u0259 bildirib ki, AZAL-\u0131n reysl\u0259rinin say\u0131n\u0131n art\u0131r\u0131lmas\u0131 istiqam\u0259tind\u0259 y\u00fcr\u00fcd\u00fcl\u0259n siyas\u0259t davam etdiril\u0259c\u0259k. Avia\u015firk\u0259t s\u0259rni\u015finl\u0259r\u0259 Cenevr\u0259d\u0259n Bak\u0131ya v\u0259 geriy\u0259 birba\u015fa aviareys t\u0259qdim etm\u0259kd\u0259n m\u0259mnundur. Cenevr\u0259 reysini h\u0259yata ke\u00e7ir\u0259n t\u0259yyar\u0259l\u0259r dig\u0259rl\u0259rind\u0259n f\u0259rql\u0259nir. Bel\u0259 ki, Bak\u0131-Cenevr\u0259 istiqam\u0259tind\u0259 u\u00e7u\u015flar h\u0259yata ke\u00e7ir\u0259n t\u0259yyar\u0259l\u0259rin \u00fc\u00e7&hellip;<\/p>\n","protected":false},"author":2,"featured_media":22376,"comment_status":"closed","ping_status":"closed","sticky":false,"template":"","format":"standard","meta":{"om_disable_all_campaigns":false,"_monsterinsights_skip_tracking":false,"_monsterinsights_sitenote_active":false,"_monsterinsights_sitenote_note":"","_monsterinsights_sitenote_category":0},"categories":[1],"tags":[],"aioseo_notices":[],"gutentor_comment":0,"rttpg_featured_image_url":{"full":["https:\/\/arantv.az\/wp-content\/uploads\/2018\/10\/botmsb6c1d1surns72s7i1mfl2azal.jpg",1280,720,false],"landscape":["https:\/\/arantv.az\/wp-content\/uploads\/2018\/10\/botmsb6c1d1surns72s7i1mfl2azal.jpg",1280,720,false],"portraits":["https:\/\/arantv.az\/wp-content\/uploads\/2018\/10\/botmsb6c1d1surns72s7i1mfl2azal.jpg",1280,720,false],"thumbnail":["https:\/\/arantv.az\/wp-content\/uploads\/2018\/10\/botmsb6c1d1surns72s7i1mfl2azal-150x150.jpg",150,150,true],"medium":["https:\/\/arantv.az\/wp-content\/uploads\/2018\/10\/botmsb6c1d1surns72s7i1mfl2azal-300x169.jpg",300,169,true],"large":["https:\/\/arantv.az\/wp-content\/uploads\/2018\/10\/botmsb6c1d1surns72s7i1mfl2azal-1024x576.jpg",640,360,true],"1536x1536":["https:\/\/arantv.az\/wp-content\/uploads\/2018\/10\/botmsb6c1d1surns72s7i1mfl2azal.jpg",1280,720,false],"2048x2048":["https:\/\/arantv.az\/wp-content\/uploads\/2018\/10\/botmsb6c1d1surns72s7i1mfl2azal.jpg",1280,720,false],"post-thumbnail":["https:\/\/arantv.az\/wp-content\/uploads\/2018\/10\/botmsb6c1d1surns72s7i1mfl2azal-240x172.jpg",240,172,true],"advps-thumb-one":["https:\/\/arantv.az\/wp-content\/uploads\/2018\/10\/botmsb6c1d1surns72s7i1mfl2azal-1200x620.jpg",1200,620,true]},"rttpg_author":{"display_name":"V\u00fcsal Rafiqo\u011flu","author_link":"https:\/\/arantv.az\/?author=2"},"rttpg_comment":0,"rttpg_category":"<a href=\"https:\/\/arantv.az\/?cat=1\" rel=\"category\">C\u0259miyy\u0259t<\/a>","rttpg_excerpt":"ARANTV.AZ x\u0259b\u0259r verir ki, oktyabr\u0131n 30-da \u201cAz\u0259rbaycan Hava Yollar\u0131\u201d (AZAL) birg\u0259 \u00e7arter proqram\u0131 \u00e7\u0259r\u00e7iv\u0259sind\u0259 Bak\u0131-Cenevr\u0259 mar\u015frutu \u00fczr\u0259 ilk u\u00e7u\u015funu yerin\u0259 yetirib. AZAL avia\u015firk\u0259ti v\u0259 aeroportun r\u0259hb\u0259rliyinin, diplomatik korpuslar v\u0259 K\u0130V n\u00fcmay\u0259nd\u0259l\u0259rinin i\u015ftirak\u0131 il\u0259 Cenevr\u0259 hava liman\u0131nda t\u0259yyar\u0259nin qar\u015f\u0131lanma m\u0259rasimi ke\u00e7irilib. Qar\u015f\u0131lanma m\u0259rasimind\u0259 \u00e7\u0131x\u0131\u015f ed\u0259n \u201cAz\u0259rbaycan Hava Yollar\u0131\u201d s\u0259rni\u015fin avia\u015firk\u0259tinin direktoru C\u0259mil Manizad\u0259 bildirib ki, AZAL-\u0131n&hellip;","_links":{"self":[{"href":"https:\/\/arantv.az\/index.php?rest_route=\/wp\/v2\/posts\/22375"}],"collection":[{"href":"https:\/\/arantv.az\/index.php?rest_route=\/wp\/v2\/posts"}],"about":[{"href":"https:\/\/arantv.az\/index.php?rest_route=\/wp\/v2\/types\/post"}],"author":[{"embeddable":true,"href":"https:\/\/arantv.az\/index.php?rest_route=\/wp\/v2\/users\/2"}],"replies":[{"embeddable":true,"href":"https:\/\/arantv.az\/index.php?rest_route=%2Fwp%2Fv2%2Fcomments&post=22375"}],"version-history":[{"count":0,"href":"https:\/\/arantv.az\/index.php?rest_route=\/wp\/v2\/posts\/22375\/revisions"}],"wp:featuredmedia":[{"embeddable":true,"href":"https:\/\/arantv.az\/index.php?rest_route=\/wp\/v2\/media\/22376"}],"wp:attachment":[{"href":"https:\/\/arantv.az\/index.php?rest_route=%2Fwp%2Fv2%2Fmedia&parent=22375"}],"wp:term":[{"taxonomy":"category","embeddable":true,"href":"https:\/\/arantv.az\/index.php?rest_route=%2Fwp%2Fv2%2Fcategories&post=22375"},{"taxonomy":"post_tag","embeddable":true,"href":"https:\/\/arantv.az\/index.php?rest_route=%2Fwp%2Fv2%2Ftags&post=22375"}],"curies":[{"name":"wp","href":"https:\/\/api.w.org\/{rel}","templated":true}]}}