{"id":22379,"date":"2018-10-31T14:20:00","date_gmt":"2018-10-31T11:20:00","guid":{"rendered":"http:\/\/arantv.az\/?p=22379"},"modified":"2018-10-31T14:20:00","modified_gmt":"2018-10-31T11:20:00","slug":"informal-v%c9%99-qeyri-formal-usullarla-%c9%99ld%c9%99-edil%c9%99n-s%c9%99rist%c9%99l%c9%99rin-taninmasi-adli-konfrans-kecirilib","status":"publish","type":"post","link":"https:\/\/arantv.az\/?p=22379","title":{"rendered":"\u201c\u0130nformal v\u0259 qeyri-formal \u00fcsullarla \u0259ld\u0259 edil\u0259n s\u0259ri\u015ft\u0259l\u0259rin tan\u0131nmas\u0131\u201d adl\u0131 konfrans ke\u00e7irilib"},"content":{"rendered":"<p><strong>ARANTV.AZ<\/strong> x\u0259b\u0259r verir ki, oktyabr\u0131n 31-d\u0259 Bak\u0131da Az\u0259rbaycan Respublikas\u0131n\u0131n T\u0259hsil Nazirliyi, Avropa \u0130ttifaq\u0131 v\u0259 BMT-nin \u0130nki\u015faf Proqram\u0131n\u0131n birg\u0259 t\u0259\u015fkilat\u00e7\u0131l\u0131\u011f\u0131 il\u0259 &#8220;\u0130nformal v\u0259 qeyri-formal \u00fcsullarla \u0259ld\u0259 edilmi\u015f s\u0259ri\u015ft\u0259l\u0259rin tan\u0131nmas\u0131&#8221; m\u00f6vzusunda konfrans ke\u00e7irilib.<\/p>\n<p>Konfrans\u0131n ke\u00e7irilm\u0259sind\u0259 \u0259sas m\u0259qs\u0259d informal v\u0259 qeyri-formal \u00fcsullarla \u0259ld\u0259 edilmi\u015f s\u0259ri\u015ft\u0259l\u0259rin tan\u0131nmas\u0131 mexanizmi il\u0259 ba\u011fl\u0131 beyn\u0259lxalq t\u0259cr\u00fcb\u0259nin v\u0259 haz\u0131rlanacaq normativ s\u0259n\u0259dl\u0259rl\u0259 \u0259laq\u0259dar birg\u0259 m\u00fczakir\u0259l\u0259rin apar\u0131lmas\u0131d\u0131r.<\/p>\n<p>T\u0259dbird\u0259 Az\u0259rbaycan\u0131n t\u0259hsil naziri Ceyhun Bayramov pe\u015f\u0259 t\u0259hsilinin inki\u015faf\u0131 sah\u0259sind\u0259 \u00f6lk\u0259mizd\u0259 g\u00f6r\u00fcl\u0259n i\u015fl\u0259rd\u0259n dan\u0131\u015f\u0131b. Nazir pe\u015f\u0259 t\u0259hsilinin \u00f6lk\u0259mizin sosial-iqtisadi inki\u015faf\u0131na t\u0259kan ver\u0259n, iqtisadiyyat\u0131n b\u00fct\u00fcn sah\u0259l\u0259ri \u00fc\u00e7\u00fcn ixtisasl\u0131 kadr haz\u0131rl\u0131\u011f\u0131n\u0131 t\u0259min ed\u0259n apar\u0131c\u0131 t\u0259hsil pill\u0259si oldu\u011funu vur\u011fulay\u0131b.<\/p>\n<p>Az\u0259rbaycan\u0131n \u0259m\u0259k v\u0259 \u0259halinin sosial m\u00fcdafi\u0259si naziri Sahil Babayev iqtisadiyyatda m\u00fcasir meyill\u0259rin pe\u015f\u0259 t\u0259hsili qar\u015f\u0131s\u0131nda yeni t\u0259l\u0259bl\u0259r qoydu\u011funu v\u0259 \u0259m\u0259k bazar\u0131nda r\u0259qab\u0259t\u0259davaml\u0131 ixtisasl\u0131 kadrlara t\u0259l\u0259bat\u0131n artd\u0131\u011f\u0131n\u0131 qeyd edib.<\/p>\n<p>BMT-nin rezident \u0259laq\u0259l\u0259ndiricisi, BMT-nin \u0130nki\u015faf Proqram\u0131n\u0131n Az\u0259rbaycanda rezident n\u00fcmay\u0259nd\u0259si Qulam \u0130saqzai pe\u015f\u0259 t\u0259hsili sah\u0259sind\u0259 h\u0259yata ke\u00e7iril\u0259n layih\u0259l\u0259rd\u0259n v\u0259 onlar\u0131n \u0259h\u0259miyy\u0259tind\u0259n b\u0259hs edib.<\/p>\n<p>Sonra m\u00f6vzu il\u0259 ba\u011fl\u0131 m\u00fczakir\u0259l\u0259r apar\u0131l\u0131b.<\/p>\n","protected":false},"excerpt":{"rendered":"<p>ARANTV.AZ x\u0259b\u0259r verir ki, oktyabr\u0131n 31-d\u0259 Bak\u0131da Az\u0259rbaycan Respublikas\u0131n\u0131n T\u0259hsil Nazirliyi, Avropa \u0130ttifaq\u0131 v\u0259 BMT-nin \u0130nki\u015faf Proqram\u0131n\u0131n birg\u0259 t\u0259\u015fkilat\u00e7\u0131l\u0131\u011f\u0131 il\u0259 &#8220;\u0130nformal v\u0259 qeyri-formal \u00fcsullarla \u0259ld\u0259 edilmi\u015f s\u0259ri\u015ft\u0259l\u0259rin tan\u0131nmas\u0131&#8221; m\u00f6vzusunda konfrans ke\u00e7irilib. Konfrans\u0131n ke\u00e7irilm\u0259sind\u0259 \u0259sas m\u0259qs\u0259d informal v\u0259 qeyri-formal \u00fcsullarla \u0259ld\u0259 edilmi\u015f s\u0259ri\u015ft\u0259l\u0259rin tan\u0131nmas\u0131 mexanizmi il\u0259 ba\u011fl\u0131 beyn\u0259lxalq t\u0259cr\u00fcb\u0259nin v\u0259 haz\u0131rlanacaq normativ s\u0259n\u0259dl\u0259rl\u0259 \u0259laq\u0259dar birg\u0259 m\u00fczakir\u0259l\u0259rin apar\u0131lmas\u0131d\u0131r. T\u0259dbird\u0259 Az\u0259rbaycan\u0131n t\u0259hsil naziri Ceyhun Bayramov pe\u015f\u0259 t\u0259hsilinin inki\u015faf\u0131 sah\u0259sind\u0259 \u00f6lk\u0259mizd\u0259 g\u00f6r\u00fcl\u0259n i\u015fl\u0259rd\u0259n dan\u0131\u015f\u0131b. Nazir pe\u015f\u0259 t\u0259hsilinin \u00f6lk\u0259mizin sosial-iqtisadi inki\u015faf\u0131na t\u0259kan ver\u0259n, iqtisadiyyat\u0131n b\u00fct\u00fcn sah\u0259l\u0259ri \u00fc\u00e7\u00fcn ixtisasl\u0131 kadr haz\u0131rl\u0131\u011f\u0131n\u0131 t\u0259min ed\u0259n apar\u0131c\u0131 t\u0259hsil pill\u0259si&hellip;<\/p>\n","protected":false},"author":2,"featured_media":22380,"comment_status":"closed","ping_status":"closed","sticky":false,"template":"","format":"standard","meta":{"om_disable_all_campaigns":false,"_monsterinsights_skip_tracking":false,"_monsterinsights_sitenote_active":false,"_monsterinsights_sitenote_note":"","_monsterinsights_sitenote_category":0},"categories":[1],"tags":[],"aioseo_notices":[],"gutentor_comment":0,"rttpg_featured_image_url":{"full":["https:\/\/arantv.az\/wp-content\/uploads\/2018\/10\/botmsb6c1d1surns72s7i1mfl2teh.jpg",995,669,false],"landscape":["https:\/\/arantv.az\/wp-content\/uploads\/2018\/10\/botmsb6c1d1surns72s7i1mfl2teh.jpg",995,669,false],"portraits":["https:\/\/arantv.az\/wp-content\/uploads\/2018\/10\/botmsb6c1d1surns72s7i1mfl2teh.jpg",995,669,false],"thumbnail":["https:\/\/arantv.az\/wp-content\/uploads\/2018\/10\/botmsb6c1d1surns72s7i1mfl2teh-150x150.jpg",150,150,true],"medium":["https:\/\/arantv.az\/wp-content\/uploads\/2018\/10\/botmsb6c1d1surns72s7i1mfl2teh-300x202.jpg",300,202,true],"large":["https:\/\/arantv.az\/wp-content\/uploads\/2018\/10\/botmsb6c1d1surns72s7i1mfl2teh.jpg",640,430,false],"1536x1536":["https:\/\/arantv.az\/wp-content\/uploads\/2018\/10\/botmsb6c1d1surns72s7i1mfl2teh.jpg",995,669,false],"2048x2048":["https:\/\/arantv.az\/wp-content\/uploads\/2018\/10\/botmsb6c1d1surns72s7i1mfl2teh.jpg",995,669,false],"post-thumbnail":["https:\/\/arantv.az\/wp-content\/uploads\/2018\/10\/botmsb6c1d1surns72s7i1mfl2teh-240x172.jpg",240,172,true],"advps-thumb-one":["https:\/\/arantv.az\/wp-content\/uploads\/2018\/10\/botmsb6c1d1surns72s7i1mfl2teh-995x620.jpg",995,620,true]},"rttpg_author":{"display_name":"V\u00fcsal Rafiqo\u011flu","author_link":"https:\/\/arantv.az\/?author=2"},"rttpg_comment":0,"rttpg_category":"<a href=\"https:\/\/arantv.az\/?cat=1\" rel=\"category\">C\u0259miyy\u0259t<\/a>","rttpg_excerpt":"ARANTV.AZ x\u0259b\u0259r verir ki, oktyabr\u0131n 31-d\u0259 Bak\u0131da Az\u0259rbaycan Respublikas\u0131n\u0131n T\u0259hsil Nazirliyi, Avropa \u0130ttifaq\u0131 v\u0259 BMT-nin \u0130nki\u015faf Proqram\u0131n\u0131n birg\u0259 t\u0259\u015fkilat\u00e7\u0131l\u0131\u011f\u0131 il\u0259 &#8220;\u0130nformal v\u0259 qeyri-formal \u00fcsullarla \u0259ld\u0259 edilmi\u015f s\u0259ri\u015ft\u0259l\u0259rin tan\u0131nmas\u0131&#8221; m\u00f6vzusunda konfrans ke\u00e7irilib. Konfrans\u0131n ke\u00e7irilm\u0259sind\u0259 \u0259sas m\u0259qs\u0259d informal v\u0259 qeyri-formal \u00fcsullarla \u0259ld\u0259 edilmi\u015f s\u0259ri\u015ft\u0259l\u0259rin tan\u0131nmas\u0131 mexanizmi il\u0259 ba\u011fl\u0131 beyn\u0259lxalq t\u0259cr\u00fcb\u0259nin v\u0259 haz\u0131rlanacaq normativ s\u0259n\u0259dl\u0259rl\u0259 \u0259laq\u0259dar birg\u0259 m\u00fczakir\u0259l\u0259rin&hellip;","_links":{"self":[{"href":"https:\/\/arantv.az\/index.php?rest_route=\/wp\/v2\/posts\/22379"}],"collection":[{"href":"https:\/\/arantv.az\/index.php?rest_route=\/wp\/v2\/posts"}],"about":[{"href":"https:\/\/arantv.az\/index.php?rest_route=\/wp\/v2\/types\/post"}],"author":[{"embeddable":true,"href":"https:\/\/arantv.az\/index.php?rest_route=\/wp\/v2\/users\/2"}],"replies":[{"embeddable":true,"href":"https:\/\/arantv.az\/index.php?rest_route=%2Fwp%2Fv2%2Fcomments&post=22379"}],"version-history":[{"count":0,"href":"https:\/\/arantv.az\/index.php?rest_route=\/wp\/v2\/posts\/22379\/revisions"}],"wp:featuredmedia":[{"embeddable":true,"href":"https:\/\/arantv.az\/index.php?rest_route=\/wp\/v2\/media\/22380"}],"wp:attachment":[{"href":"https:\/\/arantv.az\/index.php?rest_route=%2Fwp%2Fv2%2Fmedia&parent=22379"}],"wp:term":[{"taxonomy":"category","embeddable":true,"href":"https:\/\/arantv.az\/index.php?rest_route=%2Fwp%2Fv2%2Fcategories&post=22379"},{"taxonomy":"post_tag","embeddable":true,"href":"https:\/\/arantv.az\/index.php?rest_route=%2Fwp%2Fv2%2Ftags&post=22379"}],"curies":[{"name":"wp","href":"https:\/\/api.w.org\/{rel}","templated":true}]}}