{"id":22389,"date":"2018-10-31T14:29:14","date_gmt":"2018-10-31T11:29:14","guid":{"rendered":"http:\/\/arantv.az\/?p=22389"},"modified":"2018-10-31T14:29:14","modified_gmt":"2018-10-31T11:29:14","slug":"f%c9%99day%c9%99-lacinin-istintaqi-basa-catdi-c%c9%99za-ist%c9%99nil%c9%99c%c9%99k","status":"publish","type":"post","link":"https:\/\/arantv.az\/?p=22389","title":{"rendered":"F\u0259day\u0259 La\u00e7\u0131n\u0131n istintaq\u0131 ba\u015fa \u00e7atd\u0131 &#8211; C\u0259za ist\u0259nil\u0259c\u0259k"},"content":{"rendered":"<p><strong>Bu g\u00fcn Bak\u0131 A\u011f\u0131r Cinay\u0259tl\u0259r M\u0259hk\u0259m\u0259sind\u0259 Bak\u0131da m\u0259hbuslar\u0131n qa\u00e7mas\u0131na k\u00f6m\u0259k g\u00f6st\u0259rm\u0259kd\u0259 t\u0259qsirl\u0259ndiril\u0259n m\u00fc\u011f\u0259nni F\u0259day\u0259 La\u00e7\u0131n v\u0259 daha 12 n\u0259f\u0259rin cinay\u0259t i\u015fi \u00fczr\u0259 n\u00f6vb\u0259ti m\u0259hk\u0259m\u0259 iclas\u0131 davam etdirilib.<\/strong><\/p>\n<p><strong>ARANTV.AZ<\/strong> &#8220;report&#8221;a istinad\u0259n x\u0259b\u0259r verir ki, hakim Azad M\u0259cidovun s\u0259drliyi il\u0259 ke\u00e7iril\u0259n prosesd\u0259 m\u0259hk\u0259m\u0259 istintaq\u0131n\u0131n ba\u015fa \u00e7atd\u0131\u011f\u0131 elan olunub. N\u00f6vb\u0259ti iclasda prokuror c\u0259za ist\u0259y\u0259c\u0259k.<\/p>\n<p>M\u0259hk\u0259m\u0259 prosesi noyabr\u0131n 5-d\u0259k t\u0259xir\u0259 sal\u0131n\u0131b.<\/p>\n<p>Qeyd ed\u0259k ki, \u00f6t\u0259n il oktyabr\u0131n 23-d\u0259 Bak\u0131da m\u0259hbuslar\u0131n qa\u00e7mas\u0131 fakt\u0131 il\u0259 ba\u011fl\u0131 Ba\u015f Prokurorlu\u011fun A\u011f\u0131r Cinay\u0259tl\u0259r\u0259 Dair \u0130\u015fl\u0259r \u00fczr\u0259 \u0130stintaq \u0130dar\u0259sind\u0259 ba\u015flanan cinay\u0259t i\u015fi \u00fczr\u0259 F\u0259day\u0259 M\u0259mm\u0259dova (F\u0259day\u0259 La\u00e7\u0131n) t\u0259qsirl\u0259ndiril\u0259n \u015f\u0259xs qismind\u0259 c\u0259lb olunaraq N\u0259simi Rayon M\u0259hk\u0259m\u0259sinin q\u0259rar\u0131 il\u0259 bar\u0259sind\u0259 h\u0259bs q\u0259timkan t\u0259dbiri se\u00e7ilib.<\/p>\n<p>\u0130ttiham akt\u0131na \u0259sas\u0259n, 7 n\u0259f\u0259r &#8211; M\u00fcz\u0259ff\u0259r M\u0259mm\u0259dov, Emil S\u0259f\u0259rov, Ramil S\u0259limov, H\u0259t\u0259m \u018fliyev, V\u00fcsal Abbasov, R\u00f6v\u015f\u0259n Camalov v\u0259 R\u0259\u015fad M\u0259mm\u0259dov z\u0259r\u0259r\u00e7\u0259kmi\u015f \u015f\u0259xs qismind\u0259 tan\u0131n\u0131r.<\/p>\n","protected":false},"excerpt":{"rendered":"<p>Bu g\u00fcn Bak\u0131 A\u011f\u0131r Cinay\u0259tl\u0259r M\u0259hk\u0259m\u0259sind\u0259 Bak\u0131da m\u0259hbuslar\u0131n qa\u00e7mas\u0131na k\u00f6m\u0259k g\u00f6st\u0259rm\u0259kd\u0259 t\u0259qsirl\u0259ndiril\u0259n m\u00fc\u011f\u0259nni F\u0259day\u0259 La\u00e7\u0131n v\u0259 daha 12 n\u0259f\u0259rin cinay\u0259t i\u015fi \u00fczr\u0259 n\u00f6vb\u0259ti m\u0259hk\u0259m\u0259 iclas\u0131 davam etdirilib. ARANTV.AZ &#8220;report&#8221;a istinad\u0259n x\u0259b\u0259r verir ki, hakim Azad M\u0259cidovun s\u0259drliyi il\u0259 ke\u00e7iril\u0259n prosesd\u0259 m\u0259hk\u0259m\u0259 istintaq\u0131n\u0131n ba\u015fa \u00e7atd\u0131\u011f\u0131 elan olunub. N\u00f6vb\u0259ti iclasda prokuror c\u0259za ist\u0259y\u0259c\u0259k. M\u0259hk\u0259m\u0259 prosesi noyabr\u0131n 5-d\u0259k t\u0259xir\u0259 sal\u0131n\u0131b. Qeyd ed\u0259k ki, \u00f6t\u0259n il oktyabr\u0131n 23-d\u0259 Bak\u0131da m\u0259hbuslar\u0131n qa\u00e7mas\u0131 fakt\u0131 il\u0259 ba\u011fl\u0131 Ba\u015f Prokurorlu\u011fun A\u011f\u0131r Cinay\u0259tl\u0259r\u0259 Dair \u0130\u015fl\u0259r \u00fczr\u0259 \u0130stintaq \u0130dar\u0259sind\u0259 ba\u015flanan cinay\u0259t i\u015fi \u00fczr\u0259 F\u0259day\u0259 M\u0259mm\u0259dova (F\u0259day\u0259 La\u00e7\u0131n) t\u0259qsirl\u0259ndiril\u0259n \u015f\u0259xs qismind\u0259&hellip;<\/p>\n","protected":false},"author":2,"featured_media":22390,"comment_status":"closed","ping_status":"closed","sticky":false,"template":"","format":"standard","meta":{"om_disable_all_campaigns":false,"_monsterinsights_skip_tracking":false,"_monsterinsights_sitenote_active":false,"_monsterinsights_sitenote_note":"","_monsterinsights_sitenote_category":0},"categories":[5],"tags":[],"aioseo_notices":[],"gutentor_comment":0,"rttpg_featured_image_url":{"full":["https:\/\/arantv.az\/wp-content\/uploads\/2018\/10\/164858_f2a21pv6un.jpg",640,427,false],"landscape":["https:\/\/arantv.az\/wp-content\/uploads\/2018\/10\/164858_f2a21pv6un.jpg",640,427,false],"portraits":["https:\/\/arantv.az\/wp-content\/uploads\/2018\/10\/164858_f2a21pv6un.jpg",640,427,false],"thumbnail":["https:\/\/arantv.az\/wp-content\/uploads\/2018\/10\/164858_f2a21pv6un-150x150.jpg",150,150,true],"medium":["https:\/\/arantv.az\/wp-content\/uploads\/2018\/10\/164858_f2a21pv6un-300x200.jpg",300,200,true],"large":["https:\/\/arantv.az\/wp-content\/uploads\/2018\/10\/164858_f2a21pv6un.jpg",640,427,false],"1536x1536":["https:\/\/arantv.az\/wp-content\/uploads\/2018\/10\/164858_f2a21pv6un.jpg",640,427,false],"2048x2048":["https:\/\/arantv.az\/wp-content\/uploads\/2018\/10\/164858_f2a21pv6un.jpg",640,427,false],"post-thumbnail":["https:\/\/arantv.az\/wp-content\/uploads\/2018\/10\/164858_f2a21pv6un-240x172.jpg",240,172,true],"advps-thumb-one":["https:\/\/arantv.az\/wp-content\/uploads\/2018\/10\/164858_f2a21pv6un.jpg",640,427,false]},"rttpg_author":{"display_name":"V\u00fcsal Rafiqo\u011flu","author_link":"https:\/\/arantv.az\/?author=2"},"rttpg_comment":0,"rttpg_category":"<a href=\"https:\/\/arantv.az\/?cat=5\" rel=\"category\">Hadis\u0259<\/a>","rttpg_excerpt":"Bu g\u00fcn Bak\u0131 A\u011f\u0131r Cinay\u0259tl\u0259r M\u0259hk\u0259m\u0259sind\u0259 Bak\u0131da m\u0259hbuslar\u0131n qa\u00e7mas\u0131na k\u00f6m\u0259k g\u00f6st\u0259rm\u0259kd\u0259 t\u0259qsirl\u0259ndiril\u0259n m\u00fc\u011f\u0259nni F\u0259day\u0259 La\u00e7\u0131n v\u0259 daha 12 n\u0259f\u0259rin cinay\u0259t i\u015fi \u00fczr\u0259 n\u00f6vb\u0259ti m\u0259hk\u0259m\u0259 iclas\u0131 davam etdirilib. ARANTV.AZ &#8220;report&#8221;a istinad\u0259n x\u0259b\u0259r verir ki, hakim Azad M\u0259cidovun s\u0259drliyi il\u0259 ke\u00e7iril\u0259n prosesd\u0259 m\u0259hk\u0259m\u0259 istintaq\u0131n\u0131n ba\u015fa \u00e7atd\u0131\u011f\u0131 elan olunub. N\u00f6vb\u0259ti iclasda prokuror c\u0259za ist\u0259y\u0259c\u0259k. M\u0259hk\u0259m\u0259 prosesi noyabr\u0131n 5-d\u0259k&hellip;","_links":{"self":[{"href":"https:\/\/arantv.az\/index.php?rest_route=\/wp\/v2\/posts\/22389"}],"collection":[{"href":"https:\/\/arantv.az\/index.php?rest_route=\/wp\/v2\/posts"}],"about":[{"href":"https:\/\/arantv.az\/index.php?rest_route=\/wp\/v2\/types\/post"}],"author":[{"embeddable":true,"href":"https:\/\/arantv.az\/index.php?rest_route=\/wp\/v2\/users\/2"}],"replies":[{"embeddable":true,"href":"https:\/\/arantv.az\/index.php?rest_route=%2Fwp%2Fv2%2Fcomments&post=22389"}],"version-history":[{"count":0,"href":"https:\/\/arantv.az\/index.php?rest_route=\/wp\/v2\/posts\/22389\/revisions"}],"wp:featuredmedia":[{"embeddable":true,"href":"https:\/\/arantv.az\/index.php?rest_route=\/wp\/v2\/media\/22390"}],"wp:attachment":[{"href":"https:\/\/arantv.az\/index.php?rest_route=%2Fwp%2Fv2%2Fmedia&parent=22389"}],"wp:term":[{"taxonomy":"category","embeddable":true,"href":"https:\/\/arantv.az\/index.php?rest_route=%2Fwp%2Fv2%2Fcategories&post=22389"},{"taxonomy":"post_tag","embeddable":true,"href":"https:\/\/arantv.az\/index.php?rest_route=%2Fwp%2Fv2%2Ftags&post=22389"}],"curies":[{"name":"wp","href":"https:\/\/api.w.org\/{rel}","templated":true}]}}