{"id":22411,"date":"2018-10-31T15:24:31","date_gmt":"2018-10-31T12:24:31","guid":{"rendered":"http:\/\/arantv.az\/?p=22411"},"modified":"2018-10-31T15:24:31","modified_gmt":"2018-10-31T12:24:31","slug":"iki-dostdan-d%c9%99hs%c9%99tli-h%c9%99r%c9%99k%c9%99t-icdil%c9%99r-v%c9%99-gec%c9%99-yarisi-g%c9%99lib-az%c9%99rbaycanda","status":"publish","type":"post","link":"https:\/\/arantv.az\/?p=22411","title":{"rendered":"\u0130ki dostdan D\u018fH\u015e\u018fTL\u0130 H\u018fR\u018fK\u018fT: i\u00e7dil\u0259r v\u0259 gec\u0259 yar\u0131s\u0131 g\u0259lib&#8230; &#8211; Az\u0259rbaycanda"},"content":{"rendered":"<p><strong>\u015e\u0259mkird\u0259 q\u0259tl t\u00f6r\u0259tm\u0259kd\u0259 t\u0259qsirli bilin\u0259n 1975-ci il t\u0259v\u0259ll\u00fcdl\u00fc La\u00e7\u0131n M\u0259mm\u0259dovun cinay\u0259t i\u015fi \u00fczr\u0259 m\u0259hk\u0259m\u0259 prosesi ba\u015fa \u00e7at\u0131b.<\/strong><\/p>\n<p><b>ARANTV.AZ\u00a0<\/b>x\u0259b\u0259r verir ki, La\u00e7\u0131n M\u0259mm\u0259dov 2014-c\u00fc il noyabr\u0131n 24-d\u0259, gec\u0259 saat 03 rad\u0259l\u0259rind\u0259 \u015e\u0259mkir \u015f\u0259h\u0259ri, H.Aslanov k\u00fc\u00e7\u0259si 14 sayl\u0131 \u00fcnvanda yerl\u0259\u015f\u0259n \u201cQaqalar market\u201d adl\u0131 ma\u011fazada ma\u011fazan\u0131n sahibi Firuz Zamanovu xuliqanl\u0131q niyy\u0259ti il\u0259 q\u0259sd\u0259n h\u0259yatdan m\u0259hrum edib.<\/p>\n<p><strong>\u0130\u00e7ki m\u0259clisi<\/strong><\/p>\n<p>Bel\u0259 ki, La\u00e7\u0131n M\u0259mm\u0259dov h\u0259min g\u00fcn ya\u015fad\u0131\u011f\u0131 \u015ei\u015ft\u0259p\u0259 k\u0259ndind\u0259 h\u0259mk\u0259ndlil\u0259ri Anar Qurbanov, Zeynal Aslanov v\u0259 Mir\u0259li \u0130badullayev il\u0259 spirtli i\u00e7ki i\u00e7ib.<\/p>\n<p>Daha sonra La\u00e7\u0131n M\u0259mm\u0259dov Anar Qurbanovla birlikd\u0259 sonuncunun idar\u0259 etdiyi \u201cVAZ-21015\u201d markal\u0131 avtomobil\u0259 \u0259yl\u0259\u015fib, \u00e7ax\u0131r almaq m\u0259qs\u0259dil\u0259 saat 03.15-d\u0259 \u015e\u0259mkir \u015f\u0259h\u0259ri, H.Aslanov k\u00fc\u00e7\u0259si 14 \u00fcnvan\u0131nda yerl\u0259\u015f\u0259n \u201cQaqalar market\u201d adl\u0131 ma\u011fazaya g\u0259lib.<\/p>\n<p><strong>Marketd\u0259 m\u00fcbahis\u0259<\/strong><\/p>\n<p>Anar Qurbanov ma\u015f\u0131n\u0131 ma\u011fazan\u0131n qar\u015f\u0131s\u0131nda saxlad\u0131qdan sonra ma\u011fazaya daxil olub. Bu zaman La\u00e7\u0131n M\u0259mm\u0259dov Anar Qurbanovun sat\u0131c\u0131 \u0130srafil \u0130srafilzad\u0259 il\u0259 m\u00fcbahis\u0259 etdiyini g\u00f6r\u00fcb. O, \u00f6z\u00fc d\u0259 ma\u015f\u0131ndan d\u00fc\u015f\u0259r\u0259k, ora g\u0259lib.<\/p>\n<p>La\u00e7\u0131n M\u0259mm\u0259dov i\u00e7\u0259ri daxil olaraq sat\u0131c\u0131ya Anar Qurbanovun s\u0259rxo\u015f oldu\u011funu deyib, aran\u0131 sakitl\u0259\u015fdirib. Sonra bir \u0259d\u0259d \u00e7ax\u0131r al\u0131b, Anarla birlikd\u0259 ma\u011fazadan gedibl\u0259r.<\/p>\n<p><strong>Gec\u0259yar\u0131s\u0131 dava<\/strong><\/p>\n<p>H\u0259min g\u00fcn saat 03.23-d\u0259 \u00e7ax\u0131r \u015f\u00fc\u015f\u0259sinin a\u011fz\u0131ndak\u0131 t\u0131xac\u0131 sat\u0131c\u0131ya a\u00e7d\u0131rmaqdan \u00f6tr\u00fc La\u00e7\u0131n M\u0259mm\u0259dov Anarla birlikd\u0259 yenid\u0259n h\u0259min ma\u011fazan\u0131n qar\u015f\u0131s\u0131na g\u0259lib.<\/p>\n<p>Bu d\u0259f\u0259 La\u00e7\u0131n M\u0259mm\u0259dovun \u00f6z\u00fc i\u00e7\u0259ri daxil olub, sat\u0131c\u0131 \u0130srafil \u0130srafilzad\u0259d\u0259n \u00e7ax\u0131r\u0131n qapa\u011f\u0131n\u0131 a\u00e7ma\u011f\u0131 xahi\u015f edib. Bu zaman Anar Qurbanov yenid\u0259n i\u00e7\u0259ri girib, \u00e7ax\u0131r\u0131n qapa\u011f\u0131n\u0131 a\u00e7a bilm\u0259m\u0259sini \u0130srafil \u0130srafilzad\u0259y\u0259 kobud formada irad tutub.<\/p>\n<p>Daha sonra Anar Qurbanov sonuncuya m\u0259xsus \u201c\u0130PHONE\u201d markal\u0131 mobil telefonunu g\u00f6t\u00fcr\u00fcb v\u0259 \u0130srafil \u0130srafilzad\u0259y\u0259 t\u0259r\u0259f at\u0131b.<\/p>\n<p><strong>Ma\u011faza sahibinin q\u0259tli<\/strong><\/p>\n<p>La\u00e7\u0131n M\u0259mm\u0259dov \u0259vv\u0259lc\u0259 Anar\u0131n bu h\u0259r\u0259k\u0259tl\u0259rinin qar\u015f\u0131s\u0131n\u0131 alma\u011fa t\u0259\u015f\u0259bb\u00fcs g\u00f6st\u0259rs\u0259 d\u0259, h\u0259min vaxt ma\u011fazaya daxil olan ma\u011fazan\u0131n sahibi Firuz Zamanov Anar Qurbanova irad\u0131na kobud formada etiraz bildirib.<\/p>\n<p>La\u00e7\u0131n M\u0259mm\u0259dov Firuz Zamanova zor t\u0259tbiq edib, ona sa\u011flaml\u0131\u011fa z\u0259r\u0259r vurmayan x\u0259sar\u0259tl\u0259r yetirib. La\u00e7\u0131n M\u0259mm\u0259dov sonra he\u00e7 bir \u0259sasl\u0131 s\u0259b\u0259b olmadan Firuz Zamanovu q\u0259sd\u0259n \u00f6ld\u00fcrm\u0259k q\u0259rar\u0131na g\u0259lib.<\/p>\n<p><strong>\u0130ki z\u0259rb\u0259 v\u0259 ittiham<\/strong><\/p>\n<p>La\u00e7\u0131n M\u0259mm\u0259dov bu niyy\u0259tl\u0259 \u00fcst\u00fcnd\u0259 g\u0259zdirdiyi b\u0131\u00e7aqla Firuz Zamanovun k\u00fcr\u0259yin\u0259 2 d\u0259f\u0259 z\u0259rb\u0259 endirib. Z\u0259rb\u0259nin t\u0259sirind\u0259n Firuz Zamanov hadis\u0259 yerind\u0259 \u00f6l\u00fcb.<\/p>\n<div id=\"AdributorNativeVideo0\" class=\"AdributorNativeVideo\"><\/div>\n<p>\u0130stintaq orqan\u0131 t\u0259r\u0259find\u0259n La\u00e7\u0131n M\u0259mm\u0259dovun bar\u0259sind\u0259 Cinay\u0259t M\u0259c\u0259ll\u0259sinin 120.2.2-ci (xuliqanl\u0131q niyy\u0259ti il\u0259 adam \u00f6ld\u00fcrm\u0259) madd\u0259si il\u0259 ittiham elan edilib.<\/p>\n<p><strong>17 il h\u0259bs<\/strong><\/p>\n<p>G\u0259nc\u0259 A\u011f\u0131r Cinay\u0259tl\u0259r M\u0259hk\u0259m\u0259sinin h\u00f6km\u00fc il\u0259 La\u00e7\u0131n M\u0259mm\u0259dov 17 il m\u00fcdd\u0259tin\u0259 azadl\u0131qdan m\u0259hrum edilib. H\u00f6kmd\u0259n naraz\u0131 qalan La\u00e7\u0131n M\u0259mm\u0259dov apelyasiya \u015fikay\u0259ti verib.<\/p>\n<p>La\u00e7\u0131n M\u0259mm\u0259dov bar\u0259sind\u0259 Cinay\u0259t M\u0259c\u0259ll\u0259sinin 126.3-c\u00fc (ehtiyats\u0131zllqdan adam \u00f6ld\u00fcrm\u0259) madd\u0259si il\u0259 ittiham elan edilm\u0259sini, h\u0259min madd\u0259nin sanksiyas\u0131nda n\u0259z\u0259rd\u0259 tutulmu\u015f c\u0259zadan da a\u015fa\u011f\u0131 h\u0259dd\u0259 c\u0259za t\u0259yin olunmas\u0131n\u0131 xahi\u015f edib.<\/p>\n<p><strong>C\u0259za y\u00fcng\u00fcll\u0259\u015fdirildi, prokuror naraz\u0131 qald\u0131<\/strong><\/p>\n<p>H\u0259m\u00e7inin z\u0259r\u0259r\u00e7\u0259kmi\u015f t\u0259r\u0259f d\u0259 apelyasiya \u015fikay\u0259ti verib. Z\u0259r\u0259r\u00e7\u0259kmi\u015f t\u0259r\u0259fin n\u00fcmay\u0259nd\u0259si La\u00e7\u0131n M\u0259mm\u0259dovun bar\u0259sind\u0259 olan c\u0259zan\u0131n daha da s\u0259rl\u0259\u015fdirilm\u0259sini xahi\u015f edib.<\/p>\n<p>2015-ci il d\u0259 G\u0259nc\u0259 Apelyasiya M\u0259hk\u0259m\u0259sind\u0259 hakim El\u015fad Bayramovun s\u0259drliyi il\u0259 ba\u015f tutan prosesd\u0259 t\u0259qsirl\u0259ndiril\u0259n \u015f\u0259xsin apelyasiya \u015fikay\u0259ti qism\u0259n t\u0259min olunub.<\/p>\n<p>M\u0259hk\u0259m\u0259nin q\u0259rar\u0131 il\u0259 La\u00e7\u0131n M\u0259mm\u0259dovun \u0259m\u0259li Cinay\u0259t M\u0259c\u0259ll\u0259sinin 120.1-ci (q\u0259sd\u0259n adam \u00f6ld\u00fcrm\u0259) madd\u0259sin\u0259 t\u00f6vsif edilib. Onun c\u0259zas\u0131 11 il\u0259 endirilib.<\/p>\n<p>Bu q\u0259rardan prokuror kasasiya protesti verib. Prokuror G\u0259nc\u0259 Apelyasiya M\u0259hk\u0259m\u0259sinin 25 iyun 2015-ci il tarixli q\u0259rar\u0131n\u0131n l\u0259\u011fv edilm\u0259sini, i\u015fin yenid\u0259n apelyasiya instansiyas\u0131nda ara\u015fd\u0131r\u0131lmas\u0131 bar\u0259d\u0259 q\u0259rar q\u0259bul edilm\u0259sini ist\u0259yib.<\/p>\n<p>Ali M\u0259hk\u0259m\u0259d\u0259 hakim G\u00fclzar Rzayevan\u0131n s\u0259drliyi il\u0259 ba\u015f tutan prosesd\u0259 prokurorun protesti t\u0259min olunub. G\u0259nc\u0259 Apelyasiya M\u0259hk\u0259m\u0259sinin q\u0259rar\u0131 l\u0259\u011fv edilib, i\u015fin yenid\u0259n apelyasiya instansiyas\u0131nda ara\u015fd\u0131r\u0131lmas\u0131 bar\u0259d\u0259 q\u0259rar q\u0259bul edilib.<\/p>\n<p>Bu d\u0259f\u0259 G\u0259nc\u0259 Apelyasiya M\u0259hk\u0259m\u0259sind\u0259 \u015fikay\u0259t\u0259 hakim \u00c7ingiz M\u0259mm\u0259dovun s\u0259drlik etdiyi kollegiyada bax\u0131l\u0131b. Hakim kollegiyas\u0131n\u0131n q\u0259rar\u0131 il\u0259 La\u00e7\u0131n M\u0259mm\u0259dovun apelyasiya \u015fikay\u0259ti t\u0259min olunmay\u0131b.<\/p>\n<p><strong>C\u0259za b\u0259rpa edildi<\/strong><\/p>\n<p>Bu q\u0259rardan naraz\u0131 qalan La\u00e7\u0131n M\u0259mm\u0259dovun m\u00fcdafi\u0259\u00e7isi kasasiya \u015fikay\u0259ti verib. O, m\u00fcv\u0259kkilinin bar\u0259sind\u0259 olan h\u00f6km\u00fcn l\u0259\u011fv edilm\u0259sini, c\u0259zas\u0131n\u0131n y\u00fcng\u00fcll\u0259\u015fdirilm\u0259sini xahi\u015f edib.<\/p>\n<p>La\u00e7\u0131n M\u0259mm\u0259dovun m\u00fcdafi\u0259\u00e7isinin \u015fikay\u0259ti ara\u015fd\u0131r\u0131lmas\u0131 \u00fc\u00e7\u00fcn Ali M\u0259hk\u0259m\u0259y\u0259 g\u00f6nd\u0259rilib. \u015eikay\u0259t hakim Hafiz N\u0259sibovun s\u0259drlik etdiyi kollegiyada ara\u015fd\u0131r\u0131l\u0131b.<\/p>\n<p>Kasasiya \u015fikay\u0259tinin d\u0259lill\u0259rini ara\u015fd\u0131ran hakim hey\u0259ti sonda q\u0259rar elan edib. Q\u0259rara g\u00f6r\u0259, La\u00e7\u0131n M\u0259mm\u0259dovun m\u00fcdafi\u0259\u00e7isinin kasasiya \u015fikay\u0259ti t\u0259min olunmay\u0131b.publika.az<\/p>\n","protected":false},"excerpt":{"rendered":"<p>\u015e\u0259mkird\u0259 q\u0259tl t\u00f6r\u0259tm\u0259kd\u0259 t\u0259qsirli bilin\u0259n 1975-ci il t\u0259v\u0259ll\u00fcdl\u00fc La\u00e7\u0131n M\u0259mm\u0259dovun cinay\u0259t i\u015fi \u00fczr\u0259 m\u0259hk\u0259m\u0259 prosesi ba\u015fa \u00e7at\u0131b. ARANTV.AZ\u00a0x\u0259b\u0259r verir ki, La\u00e7\u0131n M\u0259mm\u0259dov 2014-c\u00fc il noyabr\u0131n 24-d\u0259, gec\u0259 saat 03 rad\u0259l\u0259rind\u0259 \u015e\u0259mkir \u015f\u0259h\u0259ri, H.Aslanov k\u00fc\u00e7\u0259si 14 sayl\u0131 \u00fcnvanda yerl\u0259\u015f\u0259n \u201cQaqalar market\u201d adl\u0131 ma\u011fazada ma\u011fazan\u0131n sahibi Firuz Zamanovu xuliqanl\u0131q niyy\u0259ti il\u0259 q\u0259sd\u0259n h\u0259yatdan m\u0259hrum edib. \u0130\u00e7ki m\u0259clisi Bel\u0259 ki, La\u00e7\u0131n M\u0259mm\u0259dov h\u0259min g\u00fcn ya\u015fad\u0131\u011f\u0131 \u015ei\u015ft\u0259p\u0259 k\u0259ndind\u0259 h\u0259mk\u0259ndlil\u0259ri Anar Qurbanov, Zeynal Aslanov v\u0259 Mir\u0259li \u0130badullayev il\u0259 spirtli i\u00e7ki i\u00e7ib. Daha sonra La\u00e7\u0131n M\u0259mm\u0259dov Anar Qurbanovla birlikd\u0259 sonuncunun idar\u0259 etdiyi \u201cVAZ-21015\u201d markal\u0131 avtomobil\u0259 \u0259yl\u0259\u015fib,&hellip;<\/p>\n","protected":false},"author":2,"featured_media":22412,"comment_status":"closed","ping_status":"closed","sticky":false,"template":"","format":"standard","meta":{"om_disable_all_campaigns":false,"_monsterinsights_skip_tracking":false,"_monsterinsights_sitenote_active":false,"_monsterinsights_sitenote_note":"","_monsterinsights_sitenote_category":0},"categories":[5],"tags":[],"aioseo_notices":[],"gutentor_comment":0,"rttpg_featured_image_url":{"full":["https:\/\/arantv.az\/wp-content\/uploads\/2018\/10\/hebsxana_1-3.jpg",800,450,false],"landscape":["https:\/\/arantv.az\/wp-content\/uploads\/2018\/10\/hebsxana_1-3.jpg",800,450,false],"portraits":["https:\/\/arantv.az\/wp-content\/uploads\/2018\/10\/hebsxana_1-3.jpg",800,450,false],"thumbnail":["https:\/\/arantv.az\/wp-content\/uploads\/2018\/10\/hebsxana_1-3-150x150.jpg",150,150,true],"medium":["https:\/\/arantv.az\/wp-content\/uploads\/2018\/10\/hebsxana_1-3-300x169.jpg",300,169,true],"large":["https:\/\/arantv.az\/wp-content\/uploads\/2018\/10\/hebsxana_1-3.jpg",640,360,false],"1536x1536":["https:\/\/arantv.az\/wp-content\/uploads\/2018\/10\/hebsxana_1-3.jpg",800,450,false],"2048x2048":["https:\/\/arantv.az\/wp-content\/uploads\/2018\/10\/hebsxana_1-3.jpg",800,450,false],"post-thumbnail":["https:\/\/arantv.az\/wp-content\/uploads\/2018\/10\/hebsxana_1-3-240x172.jpg",240,172,true],"advps-thumb-one":["https:\/\/arantv.az\/wp-content\/uploads\/2018\/10\/hebsxana_1-3.jpg",800,450,false]},"rttpg_author":{"display_name":"V\u00fcsal Rafiqo\u011flu","author_link":"https:\/\/arantv.az\/?author=2"},"rttpg_comment":0,"rttpg_category":"<a href=\"https:\/\/arantv.az\/?cat=5\" rel=\"category\">Hadis\u0259<\/a>","rttpg_excerpt":"\u015e\u0259mkird\u0259 q\u0259tl t\u00f6r\u0259tm\u0259kd\u0259 t\u0259qsirli bilin\u0259n 1975-ci il t\u0259v\u0259ll\u00fcdl\u00fc La\u00e7\u0131n M\u0259mm\u0259dovun cinay\u0259t i\u015fi \u00fczr\u0259 m\u0259hk\u0259m\u0259 prosesi ba\u015fa \u00e7at\u0131b. ARANTV.AZ\u00a0x\u0259b\u0259r verir ki, La\u00e7\u0131n M\u0259mm\u0259dov 2014-c\u00fc il noyabr\u0131n 24-d\u0259, gec\u0259 saat 03 rad\u0259l\u0259rind\u0259 \u015e\u0259mkir \u015f\u0259h\u0259ri, H.Aslanov k\u00fc\u00e7\u0259si 14 sayl\u0131 \u00fcnvanda yerl\u0259\u015f\u0259n \u201cQaqalar market\u201d adl\u0131 ma\u011fazada ma\u011fazan\u0131n sahibi Firuz Zamanovu xuliqanl\u0131q niyy\u0259ti il\u0259 q\u0259sd\u0259n h\u0259yatdan m\u0259hrum edib. \u0130\u00e7ki m\u0259clisi&hellip;","_links":{"self":[{"href":"https:\/\/arantv.az\/index.php?rest_route=\/wp\/v2\/posts\/22411"}],"collection":[{"href":"https:\/\/arantv.az\/index.php?rest_route=\/wp\/v2\/posts"}],"about":[{"href":"https:\/\/arantv.az\/index.php?rest_route=\/wp\/v2\/types\/post"}],"author":[{"embeddable":true,"href":"https:\/\/arantv.az\/index.php?rest_route=\/wp\/v2\/users\/2"}],"replies":[{"embeddable":true,"href":"https:\/\/arantv.az\/index.php?rest_route=%2Fwp%2Fv2%2Fcomments&post=22411"}],"version-history":[{"count":0,"href":"https:\/\/arantv.az\/index.php?rest_route=\/wp\/v2\/posts\/22411\/revisions"}],"wp:featuredmedia":[{"embeddable":true,"href":"https:\/\/arantv.az\/index.php?rest_route=\/wp\/v2\/media\/22412"}],"wp:attachment":[{"href":"https:\/\/arantv.az\/index.php?rest_route=%2Fwp%2Fv2%2Fmedia&parent=22411"}],"wp:term":[{"taxonomy":"category","embeddable":true,"href":"https:\/\/arantv.az\/index.php?rest_route=%2Fwp%2Fv2%2Fcategories&post=22411"},{"taxonomy":"post_tag","embeddable":true,"href":"https:\/\/arantv.az\/index.php?rest_route=%2Fwp%2Fv2%2Ftags&post=22411"}],"curies":[{"name":"wp","href":"https:\/\/api.w.org\/{rel}","templated":true}]}}