{"id":22420,"date":"2018-10-31T15:34:50","date_gmt":"2018-10-31T12:34:50","guid":{"rendered":"http:\/\/arantv.az\/?p=22420"},"modified":"2018-10-31T15:34:50","modified_gmt":"2018-10-31T12:34:50","slug":"%c9%99m%c9%99k-bazarinda-kifay%c9%99t-q%c9%99d%c9%99r-ixtisassiz-isci-quvv%c9%99si-var-nazir","status":"publish","type":"post","link":"https:\/\/arantv.az\/?p=22420","title":{"rendered":"&#8220;\u018fm\u0259k bazar\u0131nda kifay\u0259t q\u0259d\u0259r ixtisass\u0131z i\u015f\u00e7i q\u00fcvv\u0259si var&#8221; \u2014 Nazir"},"content":{"rendered":"<div class=\"spot\">&#8220;M\u0259\u015f\u011fulluq bazar\u0131nda f\u0259aliyy\u0259t g\u00f6st\u0259r\u0259n kifay\u0259t q\u0259d\u0259r ixtisass\u0131z i\u015f\u00e7i q\u00fcvv\u0259sin\u0259 malikik. Lakin bu o dem\u0259k deyil ki, onlar\u0131n s\u0259ri\u015ft\u0259si v\u0259 bacar\u0131\u011f\u0131 yoxdur. \u018fksin\u0259, bu insanlar\u0131n n\u0259sild\u0259n-n\u0259sl\u0259 \u00f6t\u00fcr\u00fcl\u0259n s\u0259ri\u015ft\u0259 v\u0259 bacar\u0131qlar\u0131 m\u00f6vcuddur&#8221;.<\/div>\n<p><strong>ARANTV.AZ<\/strong> Report-a istinad\u0259n x\u0259b\u0259r verir ki, bunu \u0259m\u0259k v\u0259 \u0259halinin sosial m\u00fcdafi\u0259si naziri Sahil Babayev &#8220;\u0130nformal v\u0259 qeyri-formal \u00fcsullarla \u0259ld\u0259 edilmi\u015f s\u0259ri\u015ft\u0259l\u0259rin tan\u0131nmas\u0131&#8221; m\u00f6vzusunda ke\u00e7iril\u0259n konfransda deyib.<\/p>\n<p>Nazir bildirib ki, h\u0259min \u015f\u0259xsl\u0259rin r\u0259smi t\u0259sdiq s\u0259n\u0259di yoxdur. Ona g\u00f6r\u0259 d\u0259 qeyri-formal v\u0259 informativ bacar\u0131qlar\u0131n\u0131n tan\u0131nmas\u0131 mexanizminin yarad\u0131lmas\u0131 b\u00f6y\u00fck \u0259h\u0259miyy\u0259t\u0259 malikdir.<\/p>\n<p>S.Babayev qeyd edib ki, Az\u0259rbaycanda kifay\u0259t q\u0259d\u0259r insan h\u0259r hans\u0131 pe\u015f\u0259 m\u00fc\u0259ssis\u0259sini v\u0259 ya ali t\u0259hsil m\u00fc\u0259ssis\u0259sini bitirm\u0259yib, lakin istehsal prosesind\u0259 b\u00f6y\u00fck bacar\u0131qlara yiy\u0259l\u0259nib: &#8220;Ona g\u00f6r\u0259 d\u0259 \u00e7\u0259r\u00e7iv\u0259ni tam \u015f\u0259kild\u0259 m\u00fc\u0259yy\u0259n etdikd\u0259n sonra pe\u015f\u0259 standartlar\u0131n\u0131 haz\u0131rlamal\u0131y\u0131q. \u018fvv\u0259ll\u0259r haz\u0131rlanm\u0131\u015f v\u0259 k\u00f6hn\u0259lmi\u015f 270 pe\u015f\u0259 standart\u0131 m\u00fcasir d\u00f6vr\u00fcn t\u0259l\u0259bl\u0259rin\u0259 uy\u011funla\u015fd\u0131r\u0131lmal\u0131d\u0131r. \u00d6lk\u0259d\u0259 8 pill\u0259li t\u0259hsil modelin\u0259 ke\u00e7ildiyind\u0259n bu standartlar yenil\u0259nm\u0259lidir&#8221;.<\/p>\n<p>Nazir \u0259lav\u0259 edib ki, d\u00fcnyada 6 min pe\u015f\u0259 var v\u0259 Az\u0259rbaycan bazar\u0131n\u0131n \u0259n az\u0131 95 faizini \u0259hat\u0259 ed\u0259n 1000 pe\u015f\u0259 \u00fczr\u0259 standartlar\u0131n haz\u0131rlanmas\u0131 yekunla\u015fd\u0131r\u0131lmal\u0131d\u0131r: &#8220;\u0130nsanlar\u0131n qeyri-formal v\u0259 informativ bacar\u0131qlar\u0131n\u0131 n\u0259 \u015f\u0259kild\u0259 tan\u0131yaca\u011f\u0131m\u0131za, onlar\u0131n sertifikatla\u015fmas\u0131n\u0131 hans\u0131 formada h\u0259yata ke\u00e7ir\u0259c\u0259yimiz\u0259 dair mexanizmi m\u00fc\u0259yy\u0259nl\u0259\u015fdirm\u0259liyik. Bu mexanizm Az\u0259rbaycan\u0131n \u0259m\u0259k bazar\u0131na t\u00f6hf\u0259 ver\u0259c\u0259k. Bu, insanlar\u0131n \u015firk\u0259tl\u0259rd\u0259 i\u015fini rahatla\u015fd\u0131racaq v\u0259 b\u00f6y\u00fck ixtisasl\u0131 i\u015f\u00e7i q\u00fcvv\u0259sin\u0259 \u00e7\u0131x\u0131\u015f imkan\u0131 yaradacaq&#8221;.<\/p>\n<p>Onun s\u00f6zl\u0259rin\u0259 g\u00f6r\u0259, beyn\u0259lxalq t\u0259\u015fkilatlarla v\u0259 T\u0259hsil Nazirliyi il\u0259 birg\u0259 aktiv \u0259m\u0259kda\u015fl\u0131q apar\u0131l\u0131r: &#8220;Q\u0131sa m\u00fcdd\u0259td\u0259 s\u0259n\u0259dl\u0259rin haz\u0131rlanmas\u0131n\u0131 t\u0259min ed\u0259 bil\u0259rik. Ali t\u0259hsil m\u00fc\u0259ssis\u0259l\u0259rinin m\u0259zunlar\u0131 he\u00e7 d\u0259 \u0259m\u0259k bazar\u0131nda tam t\u0259msil olunmur. \u00c7\u00fcnki \u0259m\u0259k bazar\u0131n\u0131n \u0259ks\u0259riyy\u0259ti orta ixtisas v\u0259 pe\u015f\u0259 t\u0259hsilin\u0259 malik insanlard\u0131r&#8221;.<\/p>\n","protected":false},"excerpt":{"rendered":"<p>&#8220;M\u0259\u015f\u011fulluq bazar\u0131nda f\u0259aliyy\u0259t g\u00f6st\u0259r\u0259n kifay\u0259t q\u0259d\u0259r ixtisass\u0131z i\u015f\u00e7i q\u00fcvv\u0259sin\u0259 malikik. Lakin bu o dem\u0259k deyil ki, onlar\u0131n s\u0259ri\u015ft\u0259si v\u0259 bacar\u0131\u011f\u0131 yoxdur. \u018fksin\u0259, bu insanlar\u0131n n\u0259sild\u0259n-n\u0259sl\u0259 \u00f6t\u00fcr\u00fcl\u0259n s\u0259ri\u015ft\u0259 v\u0259 bacar\u0131qlar\u0131 m\u00f6vcuddur&#8221;. ARANTV.AZ Report-a istinad\u0259n x\u0259b\u0259r verir ki, bunu \u0259m\u0259k v\u0259 \u0259halinin sosial m\u00fcdafi\u0259si naziri Sahil Babayev &#8220;\u0130nformal v\u0259 qeyri-formal \u00fcsullarla \u0259ld\u0259 edilmi\u015f s\u0259ri\u015ft\u0259l\u0259rin tan\u0131nmas\u0131&#8221; m\u00f6vzusunda ke\u00e7iril\u0259n konfransda deyib. Nazir bildirib ki, h\u0259min \u015f\u0259xsl\u0259rin r\u0259smi t\u0259sdiq s\u0259n\u0259di yoxdur. Ona g\u00f6r\u0259 d\u0259 qeyri-formal v\u0259 informativ bacar\u0131qlar\u0131n\u0131n tan\u0131nmas\u0131 mexanizminin yarad\u0131lmas\u0131 b\u00f6y\u00fck \u0259h\u0259miyy\u0259t\u0259 malikdir. S.Babayev qeyd edib ki, Az\u0259rbaycanda kifay\u0259t q\u0259d\u0259r insan h\u0259r hans\u0131 pe\u015f\u0259&hellip;<\/p>\n","protected":false},"author":2,"featured_media":22421,"comment_status":"closed","ping_status":"closed","sticky":false,"template":"","format":"standard","meta":{"om_disable_all_campaigns":false,"_monsterinsights_skip_tracking":false,"_monsterinsights_sitenote_active":false,"_monsterinsights_sitenote_note":"","_monsterinsights_sitenote_category":0},"categories":[19],"tags":[],"aioseo_notices":[],"gutentor_comment":0,"rttpg_featured_image_url":{"full":["https:\/\/arantv.az\/wp-content\/uploads\/2018\/10\/SahilBabayev.jpg",620,375,false],"landscape":["https:\/\/arantv.az\/wp-content\/uploads\/2018\/10\/SahilBabayev.jpg",620,375,false],"portraits":["https:\/\/arantv.az\/wp-content\/uploads\/2018\/10\/SahilBabayev.jpg",620,375,false],"thumbnail":["https:\/\/arantv.az\/wp-content\/uploads\/2018\/10\/SahilBabayev-150x150.jpg",150,150,true],"medium":["https:\/\/arantv.az\/wp-content\/uploads\/2018\/10\/SahilBabayev-300x181.jpg",300,181,true],"large":["https:\/\/arantv.az\/wp-content\/uploads\/2018\/10\/SahilBabayev.jpg",620,375,false],"1536x1536":["https:\/\/arantv.az\/wp-content\/uploads\/2018\/10\/SahilBabayev.jpg",620,375,false],"2048x2048":["https:\/\/arantv.az\/wp-content\/uploads\/2018\/10\/SahilBabayev.jpg",620,375,false],"post-thumbnail":["https:\/\/arantv.az\/wp-content\/uploads\/2018\/10\/SahilBabayev-240x172.jpg",240,172,true],"advps-thumb-one":["https:\/\/arantv.az\/wp-content\/uploads\/2018\/10\/SahilBabayev.jpg",620,375,false]},"rttpg_author":{"display_name":"V\u00fcsal Rafiqo\u011flu","author_link":"https:\/\/arantv.az\/?author=2"},"rttpg_comment":0,"rttpg_category":"<a href=\"https:\/\/arantv.az\/?cat=19\" rel=\"category\">G\u00fcnd\u0259m<\/a>","rttpg_excerpt":"&#8220;M\u0259\u015f\u011fulluq bazar\u0131nda f\u0259aliyy\u0259t g\u00f6st\u0259r\u0259n kifay\u0259t q\u0259d\u0259r ixtisass\u0131z i\u015f\u00e7i q\u00fcvv\u0259sin\u0259 malikik. Lakin bu o dem\u0259k deyil ki, onlar\u0131n s\u0259ri\u015ft\u0259si v\u0259 bacar\u0131\u011f\u0131 yoxdur. \u018fksin\u0259, bu insanlar\u0131n n\u0259sild\u0259n-n\u0259sl\u0259 \u00f6t\u00fcr\u00fcl\u0259n s\u0259ri\u015ft\u0259 v\u0259 bacar\u0131qlar\u0131 m\u00f6vcuddur&#8221;. ARANTV.AZ Report-a istinad\u0259n x\u0259b\u0259r verir ki, bunu \u0259m\u0259k v\u0259 \u0259halinin sosial m\u00fcdafi\u0259si naziri Sahil Babayev &#8220;\u0130nformal v\u0259 qeyri-formal \u00fcsullarla \u0259ld\u0259 edilmi\u015f s\u0259ri\u015ft\u0259l\u0259rin tan\u0131nmas\u0131&#8221; m\u00f6vzusunda ke\u00e7iril\u0259n&hellip;","_links":{"self":[{"href":"https:\/\/arantv.az\/index.php?rest_route=\/wp\/v2\/posts\/22420"}],"collection":[{"href":"https:\/\/arantv.az\/index.php?rest_route=\/wp\/v2\/posts"}],"about":[{"href":"https:\/\/arantv.az\/index.php?rest_route=\/wp\/v2\/types\/post"}],"author":[{"embeddable":true,"href":"https:\/\/arantv.az\/index.php?rest_route=\/wp\/v2\/users\/2"}],"replies":[{"embeddable":true,"href":"https:\/\/arantv.az\/index.php?rest_route=%2Fwp%2Fv2%2Fcomments&post=22420"}],"version-history":[{"count":0,"href":"https:\/\/arantv.az\/index.php?rest_route=\/wp\/v2\/posts\/22420\/revisions"}],"wp:featuredmedia":[{"embeddable":true,"href":"https:\/\/arantv.az\/index.php?rest_route=\/wp\/v2\/media\/22421"}],"wp:attachment":[{"href":"https:\/\/arantv.az\/index.php?rest_route=%2Fwp%2Fv2%2Fmedia&parent=22420"}],"wp:term":[{"taxonomy":"category","embeddable":true,"href":"https:\/\/arantv.az\/index.php?rest_route=%2Fwp%2Fv2%2Fcategories&post=22420"},{"taxonomy":"post_tag","embeddable":true,"href":"https:\/\/arantv.az\/index.php?rest_route=%2Fwp%2Fv2%2Ftags&post=22420"}],"curies":[{"name":"wp","href":"https:\/\/api.w.org\/{rel}","templated":true}]}}