{"id":22424,"date":"2018-10-31T15:36:15","date_gmt":"2018-10-31T12:36:15","guid":{"rendered":"http:\/\/arantv.az\/?p=22424"},"modified":"2018-10-31T15:36:15","modified_gmt":"2018-10-31T12:36:15","slug":"pes%c9%99-t%c9%99hsilinin-inkisafi-issizliyin-arada-qaldirilmasina-tohf%c9%99-verir-ceyhun-bayramov","status":"publish","type":"post","link":"https:\/\/arantv.az\/?p=22424","title":{"rendered":"&#8220;Pe\u015f\u0259 t\u0259hsilinin inki\u015faf\u0131 i\u015fsizliyin arada qald\u0131r\u0131lmas\u0131na t\u00f6hf\u0259 verir&#8221; \u2014 Ceyhun Bayramov"},"content":{"rendered":"<div class=\"spot\">&#8220;\u0130nsan kapital\u0131n\u0131n \u0259h\u0259miyy\u0259tinin artd\u0131\u011f\u0131 v\u0259 r\u0259qab\u0259tin y\u00fcks\u0259k oldu\u011fu m\u00fcasir d\u00f6vrd\u0259 f\u0259rdl\u0259r, c\u0259miyy\u0259t v\u0259 iqtisadiyyat\u0131n inki\u015faf\u0131 \u00fc\u00e7\u00fcn informal v\u0259 qeyri-formal \u00fcsullarla \u0259ld\u0259 edilmi\u015f bacar\u0131qlar\u0131n v\u0259 s\u0259ri\u015ft\u0259l\u0259rin tan\u0131nmas\u0131 b\u00f6y\u00fck \u0259h\u0259miyy\u0259t k\u0259sb edir&#8221;.<\/div>\n<p><strong>ARANTV.AZ\u00a0<\/strong> x\u0259b\u0259r verir ki, bunu t\u0259hsil naziri Ceyhun Bayramov &#8220;\u0130nformal v\u0259 qeyri-formal \u00fcsullarla \u0259ld\u0259 edilmi\u015f s\u0259ri\u015ft\u0259l\u0259rin tan\u0131nmas\u0131&#8221; m\u00f6vzusunda ke\u00e7iril\u0259n konfransda deyib.<\/p>\n<p>Onun s\u00f6zl\u0259rin\u0259 g\u00f6r\u0259, \u00f6lk\u0259d\u0259 bacar\u0131qlar\u0131n bu yolla tan\u0131nmas\u0131 v\u0259 bundan sonra \u0259m\u0259k bazar\u0131na daxil olmaq ist\u0259y\u0259n \u015f\u0259xsl\u0259rin pe\u015f\u0259 ixtisas\u0131n\u0131 t\u0259sdiq ed\u0259n s\u0259n\u0259din icbariliyi pe\u015f\u0259 t\u0259hsilin\u0259 mara\u011f\u0131n \u0259h\u0259miyy\u0259tli d\u0259r\u0259c\u0259d\u0259 artmas\u0131na v\u0259 m\u0259\u015f\u011fullu\u011fa bilavasit\u0259 t\u0259sir g\u00f6st\u0259r\u0259c\u0259k.<\/p>\n<div id=\"AdributorNativeVideo0\" class=\"AdributorNativeVideo\"><\/div>\n<p>Nazir bildirib ki, pe\u015f\u0259 t\u0259hsilinin inki\u015faf\u0131 insan kapital\u0131n\u0131n formala\u015fmas\u0131na, g\u0259ncl\u0259r aras\u0131nda m\u0259\u015f\u011fullu\u011fun t\u0259min edilm\u0259sin\u0259, i\u015fsizliyin arada qald\u0131r\u0131lmas\u0131na t\u00f6hf\u0259 verir.<\/p>\n<p>C.Bayramov \u0259lav\u0259 edib ki, aidiyyat\u0131 d\u00f6vl\u0259t qurumlar\u0131n\u0131n, sahibkarlar\u0131n, i\u015f\u0259g\u00f6t\u00fcr\u0259n t\u0259\u015fkilatlar\u0131n n\u00fcmay\u0259nd\u0259l\u0259rinin, yerli v\u0259 beyn\u0259lxalq ekspertl\u0259rin daxil oldu\u011fu i\u015f\u00e7i qrup t\u0259r\u0259find\u0259n &#8220;V\u0259t\u0259nda\u015flar\u0131n pe\u015f\u0259-ixtisas t\u0259hsili \u00fczr\u0259 qeyri-formal v\u0259 informal t\u0259hsil formalar\u0131 vasit\u0259sil\u0259 \u0259ld\u0259 etdikl\u0259ri bilik, bacar\u0131q, s\u0259ri\u015ft\u0259 v\u0259 t\u0259cr\u00fcb\u0259nin qiym\u0259tl\u0259ndirilm\u0259si v\u0259 tan\u0131nmas\u0131 m\u0259qs\u0259di il\u0259 imtahan\u0131n ke\u00e7irilm\u0259si v\u0259 onlara pe\u015f\u0259 ixtisas\u0131n\u0131 t\u0259sdiq ed\u0259n s\u0259n\u0259din verilm\u0259si qaydas\u0131&#8221; haz\u0131rlan\u0131b.\u00f6lk\u0259.az<\/p>\n","protected":false},"excerpt":{"rendered":"<p>&#8220;\u0130nsan kapital\u0131n\u0131n \u0259h\u0259miyy\u0259tinin artd\u0131\u011f\u0131 v\u0259 r\u0259qab\u0259tin y\u00fcks\u0259k oldu\u011fu m\u00fcasir d\u00f6vrd\u0259 f\u0259rdl\u0259r, c\u0259miyy\u0259t v\u0259 iqtisadiyyat\u0131n inki\u015faf\u0131 \u00fc\u00e7\u00fcn informal v\u0259 qeyri-formal \u00fcsullarla \u0259ld\u0259 edilmi\u015f bacar\u0131qlar\u0131n v\u0259 s\u0259ri\u015ft\u0259l\u0259rin tan\u0131nmas\u0131 b\u00f6y\u00fck \u0259h\u0259miyy\u0259t k\u0259sb edir&#8221;. ARANTV.AZ\u00a0 x\u0259b\u0259r verir ki, bunu t\u0259hsil naziri Ceyhun Bayramov &#8220;\u0130nformal v\u0259 qeyri-formal \u00fcsullarla \u0259ld\u0259 edilmi\u015f s\u0259ri\u015ft\u0259l\u0259rin tan\u0131nmas\u0131&#8221; m\u00f6vzusunda ke\u00e7iril\u0259n konfransda deyib. Onun s\u00f6zl\u0259rin\u0259 g\u00f6r\u0259, \u00f6lk\u0259d\u0259 bacar\u0131qlar\u0131n bu yolla tan\u0131nmas\u0131 v\u0259 bundan sonra \u0259m\u0259k bazar\u0131na daxil olmaq ist\u0259y\u0259n \u015f\u0259xsl\u0259rin pe\u015f\u0259 ixtisas\u0131n\u0131 t\u0259sdiq ed\u0259n s\u0259n\u0259din icbariliyi pe\u015f\u0259 t\u0259hsilin\u0259 mara\u011f\u0131n \u0259h\u0259miyy\u0259tli d\u0259r\u0259c\u0259d\u0259 artmas\u0131na v\u0259 m\u0259\u015f\u011fullu\u011fa bilavasit\u0259 t\u0259sir g\u00f6st\u0259r\u0259c\u0259k. Nazir bildirib ki, pe\u015f\u0259 t\u0259hsilinin&hellip;<\/p>\n","protected":false},"author":2,"featured_media":22425,"comment_status":"closed","ping_status":"closed","sticky":false,"template":"","format":"standard","meta":{"om_disable_all_campaigns":false,"_monsterinsights_skip_tracking":false,"_monsterinsights_sitenote_active":false,"_monsterinsights_sitenote_note":"","_monsterinsights_sitenote_category":0},"categories":[14],"tags":[],"aioseo_notices":[],"gutentor_comment":0,"rttpg_featured_image_url":{"full":["https:\/\/arantv.az\/wp-content\/uploads\/2018\/10\/ceyhunbayramov.jpg",620,375,false],"landscape":["https:\/\/arantv.az\/wp-content\/uploads\/2018\/10\/ceyhunbayramov.jpg",620,375,false],"portraits":["https:\/\/arantv.az\/wp-content\/uploads\/2018\/10\/ceyhunbayramov.jpg",620,375,false],"thumbnail":["https:\/\/arantv.az\/wp-content\/uploads\/2018\/10\/ceyhunbayramov-150x150.jpg",150,150,true],"medium":["https:\/\/arantv.az\/wp-content\/uploads\/2018\/10\/ceyhunbayramov-300x181.jpg",300,181,true],"large":["https:\/\/arantv.az\/wp-content\/uploads\/2018\/10\/ceyhunbayramov.jpg",620,375,false],"1536x1536":["https:\/\/arantv.az\/wp-content\/uploads\/2018\/10\/ceyhunbayramov.jpg",620,375,false],"2048x2048":["https:\/\/arantv.az\/wp-content\/uploads\/2018\/10\/ceyhunbayramov.jpg",620,375,false],"post-thumbnail":["https:\/\/arantv.az\/wp-content\/uploads\/2018\/10\/ceyhunbayramov-240x172.jpg",240,172,true],"advps-thumb-one":["https:\/\/arantv.az\/wp-content\/uploads\/2018\/10\/ceyhunbayramov.jpg",620,375,false]},"rttpg_author":{"display_name":"V\u00fcsal Rafiqo\u011flu","author_link":"https:\/\/arantv.az\/?author=2"},"rttpg_comment":0,"rttpg_category":"<a href=\"https:\/\/arantv.az\/?cat=14\" rel=\"category\">T\u0259hsil Mill\u0259tin G\u0259l\u0259c\u0259yidir<\/a>","rttpg_excerpt":"&#8220;\u0130nsan kapital\u0131n\u0131n \u0259h\u0259miyy\u0259tinin artd\u0131\u011f\u0131 v\u0259 r\u0259qab\u0259tin y\u00fcks\u0259k oldu\u011fu m\u00fcasir d\u00f6vrd\u0259 f\u0259rdl\u0259r, c\u0259miyy\u0259t v\u0259 iqtisadiyyat\u0131n inki\u015faf\u0131 \u00fc\u00e7\u00fcn informal v\u0259 qeyri-formal \u00fcsullarla \u0259ld\u0259 edilmi\u015f bacar\u0131qlar\u0131n v\u0259 s\u0259ri\u015ft\u0259l\u0259rin tan\u0131nmas\u0131 b\u00f6y\u00fck \u0259h\u0259miyy\u0259t k\u0259sb edir&#8221;. ARANTV.AZ\u00a0 x\u0259b\u0259r verir ki, bunu t\u0259hsil naziri Ceyhun Bayramov &#8220;\u0130nformal v\u0259 qeyri-formal \u00fcsullarla \u0259ld\u0259 edilmi\u015f s\u0259ri\u015ft\u0259l\u0259rin tan\u0131nmas\u0131&#8221; m\u00f6vzusunda ke\u00e7iril\u0259n konfransda deyib. Onun s\u00f6zl\u0259rin\u0259 g\u00f6r\u0259, \u00f6lk\u0259d\u0259&hellip;","_links":{"self":[{"href":"https:\/\/arantv.az\/index.php?rest_route=\/wp\/v2\/posts\/22424"}],"collection":[{"href":"https:\/\/arantv.az\/index.php?rest_route=\/wp\/v2\/posts"}],"about":[{"href":"https:\/\/arantv.az\/index.php?rest_route=\/wp\/v2\/types\/post"}],"author":[{"embeddable":true,"href":"https:\/\/arantv.az\/index.php?rest_route=\/wp\/v2\/users\/2"}],"replies":[{"embeddable":true,"href":"https:\/\/arantv.az\/index.php?rest_route=%2Fwp%2Fv2%2Fcomments&post=22424"}],"version-history":[{"count":0,"href":"https:\/\/arantv.az\/index.php?rest_route=\/wp\/v2\/posts\/22424\/revisions"}],"wp:featuredmedia":[{"embeddable":true,"href":"https:\/\/arantv.az\/index.php?rest_route=\/wp\/v2\/media\/22425"}],"wp:attachment":[{"href":"https:\/\/arantv.az\/index.php?rest_route=%2Fwp%2Fv2%2Fmedia&parent=22424"}],"wp:term":[{"taxonomy":"category","embeddable":true,"href":"https:\/\/arantv.az\/index.php?rest_route=%2Fwp%2Fv2%2Fcategories&post=22424"},{"taxonomy":"post_tag","embeddable":true,"href":"https:\/\/arantv.az\/index.php?rest_route=%2Fwp%2Fv2%2Ftags&post=22424"}],"curies":[{"name":"wp","href":"https:\/\/api.w.org\/{rel}","templated":true}]}}