{"id":22439,"date":"2018-10-31T15:53:31","date_gmt":"2018-10-31T12:53:31","guid":{"rendered":"http:\/\/arantv.az\/?p=22439"},"modified":"2018-10-31T15:53:31","modified_gmt":"2018-10-31T12:53:31","slug":"nikolas-lobel-az%c9%99rbaycan-bizim-ucun-vacib-t%c9%99r%c9%99fdasdir","status":"publish","type":"post","link":"https:\/\/arantv.az\/?p=22439","title":{"rendered":"Nikolas L\u00f6bel: \u201cAz\u0259rbaycan bizim \u00fc\u00e7\u00fcn vacib t\u0259r\u0259fda\u015fd\u0131r\u201d"},"content":{"rendered":"<p><strong>ARANTV.AZ<\/strong> x\u0259b\u0259r verir ki, Almaniya Az\u0259rbaycanla \u0259m\u0259kda\u015fl\u0131qda \u00e7ox maraql\u0131d\u0131r. Bu s\u00f6zl\u0259ri \u00f6lk\u0259mizd\u0259 s\u0259f\u0259rd\u0259 olan Almaniya Bundestaq\u0131n\u0131n deputat\u0131 Nikolas L\u00f6bel Milli M\u0259clisd\u0259 ke\u00e7irdiyi g\u00f6r\u00fc\u015fd\u0259 s\u0259sl\u0259ndirib.<\/p>\n<p>\u00d6lk\u0259l\u0259rimizin m\u00f6vcud m\u00fcnasib\u0259tl\u0259rind\u0259n dan\u0131\u015fan Milli M\u0259clisin Beyn\u0259lxalq m\u00fcnasib\u0259tl\u0259r v\u0259 parlamentl\u0259raras\u0131 \u0259laq\u0259l\u0259r komit\u0259sinin s\u0259dri S\u0259m\u0259d Seyidov bildirdi ki, Az\u0259rbaycan Almaniya il\u0259 \u0259m\u0259kda\u015fl\u0131\u011fa x\u00fcsusi \u00f6n\u0259m verir. O, m\u00fcnasib\u0259tl\u0259rd\u0259 parlament diplomatiyas\u0131n\u0131n m\u00fch\u00fcm rolunu da qeyd etdi. Yenid\u0259n Bak\u0131da olmaqdan \u00e7ox m\u0259mnunam, dey\u0259n\u00a0 Almaniya Bundestaq\u0131n\u0131n deputat\u0131 Nikolas L\u00f6bel bildirdi ki, \u00f6lk\u0259si region, x\u00fcsusil\u0259 Az\u0259rbaycanla \u0259m\u0259kda\u015fl\u0131qda maraql\u0131d\u0131r. \u018flav\u0259 etdi ki, biz b\u00fct\u00fcn istiqam\u0259tl\u0259rd\u0259, x\u00fcsusil\u0259 iqtisadi, enerji sah\u0259l\u0259rind\u0259 \u0259m\u0259kda\u015fl\u0131\u011fa b\u00f6y\u00fck maraq g\u00f6st\u0259ririk. O, bu ilin avqustunda Almaniya Kansleri Angela Merkelin Az\u0259rbaycana s\u0259f\u0259rinin m\u00fch\u00fcm \u0259h\u0259miyy\u0259tini vur\u011fulayaraq bunun t\u0259r\u0259fl\u0259r \u00fc\u00e7\u00fcn faydal\u0131 oldu\u011funu dedi. Diqq\u0259t\u0259 \u00e7atd\u0131rd\u0131 ki, bu s\u0259f\u0259r b\u00fct\u00f6vl\u00fckd\u0259 Az\u0259rbaycan\u0131n Almaniya \u00fc\u00e7\u00fcn vacib t\u0259r\u0259fda\u015f oldu\u011funu bir daha n\u00fcmayi\u015f etdirdi. Almaniyal\u0131 parlamentari xalq\u0131m\u0131z\u0131 Az\u0259rbaycan Xalq Cumhuriyy\u0259tinin 100 illiyi m\u00fcnasib\u0259ti il\u0259 d\u0259 t\u0259brik etdi.<\/p>\n","protected":false},"excerpt":{"rendered":"<p>ARANTV.AZ x\u0259b\u0259r verir ki, Almaniya Az\u0259rbaycanla \u0259m\u0259kda\u015fl\u0131qda \u00e7ox maraql\u0131d\u0131r. Bu s\u00f6zl\u0259ri \u00f6lk\u0259mizd\u0259 s\u0259f\u0259rd\u0259 olan Almaniya Bundestaq\u0131n\u0131n deputat\u0131 Nikolas L\u00f6bel Milli M\u0259clisd\u0259 ke\u00e7irdiyi g\u00f6r\u00fc\u015fd\u0259 s\u0259sl\u0259ndirib. \u00d6lk\u0259l\u0259rimizin m\u00f6vcud m\u00fcnasib\u0259tl\u0259rind\u0259n dan\u0131\u015fan Milli M\u0259clisin Beyn\u0259lxalq m\u00fcnasib\u0259tl\u0259r v\u0259 parlamentl\u0259raras\u0131 \u0259laq\u0259l\u0259r komit\u0259sinin s\u0259dri S\u0259m\u0259d Seyidov bildirdi ki, Az\u0259rbaycan Almaniya il\u0259 \u0259m\u0259kda\u015fl\u0131\u011fa x\u00fcsusi \u00f6n\u0259m verir. O, m\u00fcnasib\u0259tl\u0259rd\u0259 parlament diplomatiyas\u0131n\u0131n m\u00fch\u00fcm rolunu da qeyd etdi. Yenid\u0259n Bak\u0131da olmaqdan \u00e7ox m\u0259mnunam, dey\u0259n\u00a0 Almaniya Bundestaq\u0131n\u0131n deputat\u0131 Nikolas L\u00f6bel bildirdi ki, \u00f6lk\u0259si region, x\u00fcsusil\u0259 Az\u0259rbaycanla \u0259m\u0259kda\u015fl\u0131qda maraql\u0131d\u0131r. \u018flav\u0259 etdi ki, biz b\u00fct\u00fcn istiqam\u0259tl\u0259rd\u0259, x\u00fcsusil\u0259 iqtisadi, enerji sah\u0259l\u0259rind\u0259 \u0259m\u0259kda\u015fl\u0131\u011fa b\u00f6y\u00fck maraq g\u00f6st\u0259ririk.&hellip;<\/p>\n","protected":false},"author":2,"featured_media":22440,"comment_status":"closed","ping_status":"closed","sticky":false,"template":"","format":"standard","meta":{"om_disable_all_campaigns":false,"_monsterinsights_skip_tracking":false,"_monsterinsights_sitenote_active":false,"_monsterinsights_sitenote_note":"","_monsterinsights_sitenote_category":0},"categories":[4],"tags":[],"aioseo_notices":[],"gutentor_comment":0,"rttpg_featured_image_url":{"full":["https:\/\/arantv.az\/wp-content\/uploads\/2018\/10\/botmsb6c1d1surns72s7i1mfl2alm.jpg",860,573,false],"landscape":["https:\/\/arantv.az\/wp-content\/uploads\/2018\/10\/botmsb6c1d1surns72s7i1mfl2alm.jpg",860,573,false],"portraits":["https:\/\/arantv.az\/wp-content\/uploads\/2018\/10\/botmsb6c1d1surns72s7i1mfl2alm.jpg",860,573,false],"thumbnail":["https:\/\/arantv.az\/wp-content\/uploads\/2018\/10\/botmsb6c1d1surns72s7i1mfl2alm-150x150.jpg",150,150,true],"medium":["https:\/\/arantv.az\/wp-content\/uploads\/2018\/10\/botmsb6c1d1surns72s7i1mfl2alm-300x200.jpg",300,200,true],"large":["https:\/\/arantv.az\/wp-content\/uploads\/2018\/10\/botmsb6c1d1surns72s7i1mfl2alm.jpg",640,426,false],"1536x1536":["https:\/\/arantv.az\/wp-content\/uploads\/2018\/10\/botmsb6c1d1surns72s7i1mfl2alm.jpg",860,573,false],"2048x2048":["https:\/\/arantv.az\/wp-content\/uploads\/2018\/10\/botmsb6c1d1surns72s7i1mfl2alm.jpg",860,573,false],"post-thumbnail":["https:\/\/arantv.az\/wp-content\/uploads\/2018\/10\/botmsb6c1d1surns72s7i1mfl2alm-240x172.jpg",240,172,true],"advps-thumb-one":["https:\/\/arantv.az\/wp-content\/uploads\/2018\/10\/botmsb6c1d1surns72s7i1mfl2alm.jpg",860,573,false]},"rttpg_author":{"display_name":"V\u00fcsal Rafiqo\u011flu","author_link":"https:\/\/arantv.az\/?author=2"},"rttpg_comment":0,"rttpg_category":"<a href=\"https:\/\/arantv.az\/?cat=4\" rel=\"category\">Siyas\u0259t<\/a>","rttpg_excerpt":"ARANTV.AZ x\u0259b\u0259r verir ki, Almaniya Az\u0259rbaycanla \u0259m\u0259kda\u015fl\u0131qda \u00e7ox maraql\u0131d\u0131r. Bu s\u00f6zl\u0259ri \u00f6lk\u0259mizd\u0259 s\u0259f\u0259rd\u0259 olan Almaniya Bundestaq\u0131n\u0131n deputat\u0131 Nikolas L\u00f6bel Milli M\u0259clisd\u0259 ke\u00e7irdiyi g\u00f6r\u00fc\u015fd\u0259 s\u0259sl\u0259ndirib. \u00d6lk\u0259l\u0259rimizin m\u00f6vcud m\u00fcnasib\u0259tl\u0259rind\u0259n dan\u0131\u015fan Milli M\u0259clisin Beyn\u0259lxalq m\u00fcnasib\u0259tl\u0259r v\u0259 parlamentl\u0259raras\u0131 \u0259laq\u0259l\u0259r komit\u0259sinin s\u0259dri S\u0259m\u0259d Seyidov bildirdi ki, Az\u0259rbaycan Almaniya il\u0259 \u0259m\u0259kda\u015fl\u0131\u011fa x\u00fcsusi \u00f6n\u0259m verir. O, m\u00fcnasib\u0259tl\u0259rd\u0259 parlament diplomatiyas\u0131n\u0131n m\u00fch\u00fcm rolunu da&hellip;","_links":{"self":[{"href":"https:\/\/arantv.az\/index.php?rest_route=\/wp\/v2\/posts\/22439"}],"collection":[{"href":"https:\/\/arantv.az\/index.php?rest_route=\/wp\/v2\/posts"}],"about":[{"href":"https:\/\/arantv.az\/index.php?rest_route=\/wp\/v2\/types\/post"}],"author":[{"embeddable":true,"href":"https:\/\/arantv.az\/index.php?rest_route=\/wp\/v2\/users\/2"}],"replies":[{"embeddable":true,"href":"https:\/\/arantv.az\/index.php?rest_route=%2Fwp%2Fv2%2Fcomments&post=22439"}],"version-history":[{"count":0,"href":"https:\/\/arantv.az\/index.php?rest_route=\/wp\/v2\/posts\/22439\/revisions"}],"wp:featuredmedia":[{"embeddable":true,"href":"https:\/\/arantv.az\/index.php?rest_route=\/wp\/v2\/media\/22440"}],"wp:attachment":[{"href":"https:\/\/arantv.az\/index.php?rest_route=%2Fwp%2Fv2%2Fmedia&parent=22439"}],"wp:term":[{"taxonomy":"category","embeddable":true,"href":"https:\/\/arantv.az\/index.php?rest_route=%2Fwp%2Fv2%2Fcategories&post=22439"},{"taxonomy":"post_tag","embeddable":true,"href":"https:\/\/arantv.az\/index.php?rest_route=%2Fwp%2Fv2%2Ftags&post=22439"}],"curies":[{"name":"wp","href":"https:\/\/api.w.org\/{rel}","templated":true}]}}