{"id":22442,"date":"2018-10-31T15:55:02","date_gmt":"2018-10-31T12:55:02","guid":{"rendered":"http:\/\/arantv.az\/?p=22442"},"modified":"2018-10-31T15:55:02","modified_gmt":"2018-10-31T12:55:02","slug":"bakida-turkpa-nin-huquqi-m%c9%99s%c9%99l%c9%99l%c9%99r-v%c9%99-beyn%c9%99lxalq-%c9%99laq%c9%99l%c9%99r-komissiyasinin-iclasi-kecirilib","status":"publish","type":"post","link":"https:\/\/arantv.az\/?p=22442","title":{"rendered":"Bak\u0131da T\u00dcRKPA-n\u0131n H\u00fcquqi M\u0259s\u0259l\u0259l\u0259r v\u0259 Beyn\u0259lxalq \u018flaq\u0259l\u0259r Komissiyas\u0131n\u0131n iclas\u0131 ke\u00e7irilib"},"content":{"rendered":"<p><strong>ARANTV.AZ<\/strong> x\u0259b\u0259r verir ki, Bak\u0131da T\u00fcrkdilli \u00d6lk\u0259l\u0259rin Parlament Assambleyas\u0131n\u0131n H\u00fcquqi M\u0259s\u0259l\u0259l\u0259r v\u0259 Beyn\u0259lxalq \u018flaq\u0259l\u0259r Komissiyas\u0131n\u0131n iclas\u0131 ke\u00e7irilib.<\/p>\n<p>\u0130clas\u0131 a\u00e7an komit\u0259nin s\u0259dri, T\u00fcrkiy\u0259 B\u00f6y\u00fck Mill\u0259t M\u0259clisinin \u00fczv\u00fc \u0130smet U\u00e7ma toplant\u0131n\u0131 y\u00fcks\u0259k s\u0259viyy\u0259d\u0259 t\u0259\u015fkil etdiyin\u0259 g\u00f6r\u0259 \u00f6lk\u0259miz\u0259 t\u0259\u015f\u0259kk\u00fcr\u00fcn\u00fc bildirdi. Az\u0259rbaycan\u0131 Cumhuriyy\u0259tin 100 illik yubileyi m\u00fcnasib\u0259ti il\u0259 t\u0259brik ed\u0259r\u0259k bildirdi ki, bu \u00f6lk\u0259 d\u00fcnyada m\u0259d\u0259niyy\u0259t-s\u0259n\u0259t paytaxt\u0131, z\u0259ngin m\u0259n\u0259vi irsi, maddi nem\u0259tl\u0259ri, eyni zamanda insan qaynaqlar\u0131 il\u0259 say\u0131l\u0131b-se\u00e7ilir. Az\u0259rbaycanla T\u00fcrkiy\u0259nin birg\u0259 atd\u0131\u011f\u0131 add\u0131mlardan, rella\u015fd\u0131rd\u0131\u011f\u0131 layih\u0259l\u0259rd\u0259n dan\u0131\u015faraq g\u00f6r\u00fcl\u0259n i\u015fl\u0259rin b\u00fct\u00f6vl\u00fckd\u0259 t\u00fcrk d\u00fcnyas\u0131n\u0131n g\u0259l\u0259c\u0259yin\u0259 hesabland\u0131\u011f\u0131n\u0131 dedi.<\/p>\n<p>T\u00dcRKPA-n\u0131n 10 illik tarixin\u0259 n\u0259z\u0259r salan komit\u0259 s\u0259dri bildirdi ki, qurumun yarand\u0131\u011f\u0131 vaxtdan qar\u015f\u0131s\u0131na qoyulan m\u0259qs\u0259dl\u0259rin\u0259 \u00e7atmas\u0131 \u00fc\u00e7\u00fcn \u00e7ox i\u015f g\u00f6r\u00fcl\u00fcb. Lakin zaman v\u0259 \u015f\u0259rait bu i\u015fl\u0259rin daha da s\u00fcr\u0259tl\u0259ndirilm\u0259sini t\u0259l\u0259b edir. \u0130smet U\u00e7ma Assambleyan\u0131n 10 illik yubileyi il\u0259 ba\u011fl\u0131 g\u0259l\u0259n ay \u0130zmird\u0259 b\u00f6y\u00fck toplant\u0131 ke\u00e7iril\u0259c\u0259yini dedi.<\/p>\n<p>\u0130clasda T\u00dcRKPA katibliyinin maliyy\u0259 \u018fsasnam\u0259si, T\u00dcRKPA-n\u0131n G\u00f6st\u0259rdiyi Xidm\u0259tl\u0259r\u0259 g\u00f6r\u0259 Medallar\u0131 v\u0259 Medal v\u0259siq\u0259l\u0259rinin \u018fsasnam\u0259si, 2017-ci il \u00fc\u00e7\u00fcn Assambleya Katibliyi b\u00fcdc\u0259sinin icras\u0131n\u0131n illik auditi, T\u00dcRKPA-ya \u00fczv d\u00f6vl\u0259tl\u0259rin terrorizm\u0259 qar\u015f\u0131 m\u00fcbariz\u0259 haqq\u0131nda qanunvericiliy\u0259 dair ortaq m\u00f6vqeyinin m\u00fc\u0259yy\u0259nl\u0259\u015fdirilm\u0259si \u00fczr\u0259 hesabat m\u0259ruz\u0259si m\u00fczakir\u0259 olundu.<\/p>\n<p>\u0130clas\u0131n yekun s\u0259n\u0259dl\u0259ri Assambleyan\u0131n\u0131n plenar sessiyas\u0131na t\u0259qdim olunacaq.<\/p>\n","protected":false},"excerpt":{"rendered":"<p>ARANTV.AZ x\u0259b\u0259r verir ki, Bak\u0131da T\u00fcrkdilli \u00d6lk\u0259l\u0259rin Parlament Assambleyas\u0131n\u0131n H\u00fcquqi M\u0259s\u0259l\u0259l\u0259r v\u0259 Beyn\u0259lxalq \u018flaq\u0259l\u0259r Komissiyas\u0131n\u0131n iclas\u0131 ke\u00e7irilib. \u0130clas\u0131 a\u00e7an komit\u0259nin s\u0259dri, T\u00fcrkiy\u0259 B\u00f6y\u00fck Mill\u0259t M\u0259clisinin \u00fczv\u00fc \u0130smet U\u00e7ma toplant\u0131n\u0131 y\u00fcks\u0259k s\u0259viyy\u0259d\u0259 t\u0259\u015fkil etdiyin\u0259 g\u00f6r\u0259 \u00f6lk\u0259miz\u0259 t\u0259\u015f\u0259kk\u00fcr\u00fcn\u00fc bildirdi. Az\u0259rbaycan\u0131 Cumhuriyy\u0259tin 100 illik yubileyi m\u00fcnasib\u0259ti il\u0259 t\u0259brik ed\u0259r\u0259k bildirdi ki, bu \u00f6lk\u0259 d\u00fcnyada m\u0259d\u0259niyy\u0259t-s\u0259n\u0259t paytaxt\u0131, z\u0259ngin m\u0259n\u0259vi irsi, maddi nem\u0259tl\u0259ri, eyni zamanda insan qaynaqlar\u0131 il\u0259 say\u0131l\u0131b-se\u00e7ilir. Az\u0259rbaycanla T\u00fcrkiy\u0259nin birg\u0259 atd\u0131\u011f\u0131 add\u0131mlardan, rella\u015fd\u0131rd\u0131\u011f\u0131 layih\u0259l\u0259rd\u0259n dan\u0131\u015faraq g\u00f6r\u00fcl\u0259n i\u015fl\u0259rin b\u00fct\u00f6vl\u00fckd\u0259 t\u00fcrk d\u00fcnyas\u0131n\u0131n g\u0259l\u0259c\u0259yin\u0259 hesabland\u0131\u011f\u0131n\u0131 dedi. T\u00dcRKPA-n\u0131n 10 illik tarixin\u0259 n\u0259z\u0259r salan komit\u0259 s\u0259dri bildirdi ki,&hellip;<\/p>\n","protected":false},"author":2,"featured_media":22443,"comment_status":"closed","ping_status":"closed","sticky":false,"template":"","format":"standard","meta":{"om_disable_all_campaigns":false,"_monsterinsights_skip_tracking":false,"_monsterinsights_sitenote_active":false,"_monsterinsights_sitenote_note":"","_monsterinsights_sitenote_category":0},"categories":[1],"tags":[],"aioseo_notices":[],"gutentor_comment":0,"rttpg_featured_image_url":{"full":["https:\/\/arantv.az\/wp-content\/uploads\/2018\/10\/botmsb6c1d1surns72s7i1mfl2turk.jpg",1000,490,false],"landscape":["https:\/\/arantv.az\/wp-content\/uploads\/2018\/10\/botmsb6c1d1surns72s7i1mfl2turk.jpg",1000,490,false],"portraits":["https:\/\/arantv.az\/wp-content\/uploads\/2018\/10\/botmsb6c1d1surns72s7i1mfl2turk.jpg",1000,490,false],"thumbnail":["https:\/\/arantv.az\/wp-content\/uploads\/2018\/10\/botmsb6c1d1surns72s7i1mfl2turk-150x150.jpg",150,150,true],"medium":["https:\/\/arantv.az\/wp-content\/uploads\/2018\/10\/botmsb6c1d1surns72s7i1mfl2turk-300x147.jpg",300,147,true],"large":["https:\/\/arantv.az\/wp-content\/uploads\/2018\/10\/botmsb6c1d1surns72s7i1mfl2turk.jpg",640,314,false],"1536x1536":["https:\/\/arantv.az\/wp-content\/uploads\/2018\/10\/botmsb6c1d1surns72s7i1mfl2turk.jpg",1000,490,false],"2048x2048":["https:\/\/arantv.az\/wp-content\/uploads\/2018\/10\/botmsb6c1d1surns72s7i1mfl2turk.jpg",1000,490,false],"post-thumbnail":["https:\/\/arantv.az\/wp-content\/uploads\/2018\/10\/botmsb6c1d1surns72s7i1mfl2turk-240x172.jpg",240,172,true],"advps-thumb-one":["https:\/\/arantv.az\/wp-content\/uploads\/2018\/10\/botmsb6c1d1surns72s7i1mfl2turk.jpg",1000,490,false]},"rttpg_author":{"display_name":"V\u00fcsal Rafiqo\u011flu","author_link":"https:\/\/arantv.az\/?author=2"},"rttpg_comment":0,"rttpg_category":"<a href=\"https:\/\/arantv.az\/?cat=1\" rel=\"category\">C\u0259miyy\u0259t<\/a>","rttpg_excerpt":"ARANTV.AZ x\u0259b\u0259r verir ki, Bak\u0131da T\u00fcrkdilli \u00d6lk\u0259l\u0259rin Parlament Assambleyas\u0131n\u0131n H\u00fcquqi M\u0259s\u0259l\u0259l\u0259r v\u0259 Beyn\u0259lxalq \u018flaq\u0259l\u0259r Komissiyas\u0131n\u0131n iclas\u0131 ke\u00e7irilib. \u0130clas\u0131 a\u00e7an komit\u0259nin s\u0259dri, T\u00fcrkiy\u0259 B\u00f6y\u00fck Mill\u0259t M\u0259clisinin \u00fczv\u00fc \u0130smet U\u00e7ma toplant\u0131n\u0131 y\u00fcks\u0259k s\u0259viyy\u0259d\u0259 t\u0259\u015fkil etdiyin\u0259 g\u00f6r\u0259 \u00f6lk\u0259miz\u0259 t\u0259\u015f\u0259kk\u00fcr\u00fcn\u00fc bildirdi. Az\u0259rbaycan\u0131 Cumhuriyy\u0259tin 100 illik yubileyi m\u00fcnasib\u0259ti il\u0259 t\u0259brik ed\u0259r\u0259k bildirdi ki, bu \u00f6lk\u0259 d\u00fcnyada m\u0259d\u0259niyy\u0259t-s\u0259n\u0259t paytaxt\u0131, z\u0259ngin m\u0259n\u0259vi&hellip;","_links":{"self":[{"href":"https:\/\/arantv.az\/index.php?rest_route=\/wp\/v2\/posts\/22442"}],"collection":[{"href":"https:\/\/arantv.az\/index.php?rest_route=\/wp\/v2\/posts"}],"about":[{"href":"https:\/\/arantv.az\/index.php?rest_route=\/wp\/v2\/types\/post"}],"author":[{"embeddable":true,"href":"https:\/\/arantv.az\/index.php?rest_route=\/wp\/v2\/users\/2"}],"replies":[{"embeddable":true,"href":"https:\/\/arantv.az\/index.php?rest_route=%2Fwp%2Fv2%2Fcomments&post=22442"}],"version-history":[{"count":0,"href":"https:\/\/arantv.az\/index.php?rest_route=\/wp\/v2\/posts\/22442\/revisions"}],"wp:featuredmedia":[{"embeddable":true,"href":"https:\/\/arantv.az\/index.php?rest_route=\/wp\/v2\/media\/22443"}],"wp:attachment":[{"href":"https:\/\/arantv.az\/index.php?rest_route=%2Fwp%2Fv2%2Fmedia&parent=22442"}],"wp:term":[{"taxonomy":"category","embeddable":true,"href":"https:\/\/arantv.az\/index.php?rest_route=%2Fwp%2Fv2%2Fcategories&post=22442"},{"taxonomy":"post_tag","embeddable":true,"href":"https:\/\/arantv.az\/index.php?rest_route=%2Fwp%2Fv2%2Ftags&post=22442"}],"curies":[{"name":"wp","href":"https:\/\/api.w.org\/{rel}","templated":true}]}}