{"id":22451,"date":"2018-10-31T15:59:44","date_gmt":"2018-10-31T12:59:44","guid":{"rendered":"http:\/\/arantv.az\/?p=22451"},"modified":"2018-10-31T15:59:44","modified_gmt":"2018-10-31T12:59:44","slug":"m%c9%99cburi-kockunl%c9%99r-ucun-goz-muayin%c9%99l%c9%99ri-kecirilib","status":"publish","type":"post","link":"https:\/\/arantv.az\/?p=22451","title":{"rendered":"M\u0259cburi k\u00f6\u00e7k\u00fcnl\u0259r \u00fc\u00e7\u00fcn g\u00f6z m\u00fcayin\u0259l\u0259ri ke\u00e7irilib"},"content":{"rendered":"<p><strong>ARANTV.AZ<\/strong> x\u0259b\u0259r verir ki, Prezident \u0130lham \u018fliyevin tap\u015f\u0131r\u0131\u011f\u0131 il\u0259 Qa\u00e7q\u0131nlar\u0131n v\u0259 M\u0259cburi K\u00f6\u00e7k\u00fcnl\u0259rin \u0130\u015fl\u0259ri \u00fczr\u0259 D\u00f6vl\u0259t Komit\u0259si respublikan\u0131n b\u00fct\u00fcn b\u00f6lg\u0259l\u0259rind\u0259 m\u00fcv\u0259qq\u0259ti m\u0259skunla\u015fm\u0131\u015f m\u0259cburi k\u00f6\u00e7k\u00fcnl\u0259rin m\u00fcraci\u0259tl\u0259rin\u0259 x\u00fcsusi h\u0259ssasl\u0131qla yana\u015f\u0131r, onlar\u0131 narahat ed\u0259n m\u0259s\u0259l\u0259l\u0259rin ara\u015fd\u0131r\u0131lmas\u0131 v\u0259 h\u0259ll olunmas\u0131 \u00fc\u00e7\u00fcn m\u00f6vcud qanunvericilik \u0259sas\u0131nda b\u00fct\u00fcn z\u0259ruri t\u0259dbirl\u0259ri g\u00f6r\u00fcr. Bundan ba\u015fqa Az\u0259rbaycan\u0131n Birinci vitse-prezidenti Mehriban \u018fliyeva m\u0259cburi k\u00f6\u00e7k\u00fcnl\u0259rin q\u0259zal\u0131 v\u0259 h\u0259yat \u00fc\u00e7\u00fcn t\u0259hl\u00fck\u0259li bina v\u0259 tikilil\u0259rd\u0259n yeni m\u0259nzill\u0259r\u0259 k\u00f6\u00e7\u00fcr\u00fclm\u0259sin\u0259 imkan yaradan layih\u0259l\u0259rin icras\u0131n\u0131 daim diqq\u0259td\u0259 saxlay\u0131r. Bu yax\u0131nlarda istifad\u0259y\u0259 veril\u0259n \u201cQobu Park\u201d ya\u015fay\u0131\u015f kompleksi m\u0259hz bel\u0259 layih\u0259l\u0259rd\u0259n biridir. \u00d6t\u0259n h\u0259ft\u0259 burada Komit\u0259 \u018fm\u0259k v\u0259 \u018fhalinin Sosial M\u00fcdafi\u0259si Nazirliyi il\u0259 birlikd\u0259 m\u0259cburi k\u00f6\u00e7k\u00fcnl\u0259r \u00fc\u00e7\u00fcn \u0259m\u0259k yarmarkas\u0131 t\u0259\u015fkil etdi. Bu d\u0259f\u0259ki sosial layih\u0259 \u00e7\u0259r\u00e7iv\u0259sind\u0259 is\u0259\u00a0 m\u0259cburi k\u00f6\u00e7k\u00fcnl\u0259r g\u00f6z m\u00fcayin\u0259sind\u0259n ke\u00e7irildil\u0259r. Aksiya \u201cD\u00fcnyag\u00f6z\u201d G\u00f6z Klinikas\u0131n\u0131n t\u0259\u015f\u0259bb\u00fcs\u00fc, Qa\u00e7q\u0131nlar\u0131n v\u0259 M\u0259cburi K\u00f6\u00e7k\u00fcnl\u0259rin \u0130\u015fl\u0259ri \u00fczr\u0259 D\u00f6vl\u0259t Komit\u0259sinin d\u0259st\u0259yi il\u0259 ba\u015f tutub.<\/p>\n<p>Sakinl\u0259r g\u00fcn \u0259rzind\u0259 pe\u015f\u0259kar oftalmoloqlar t\u0259r\u0259find\u0259n pulsuz m\u00fcayin\u0259 edildi v\u0259 laz\u0131mi m\u0259sl\u0259h\u0259tl\u0259r ald\u0131lar. Ehtiyac yarand\u0131\u011f\u0131 t\u0259qdird\u0259 v\u0259t\u0259nda\u015flar stasionar m\u00fcalic\u0259y\u0259 c\u0259lb olunacaqlar. Prezident \u0130lham \u018fliyevin Az\u0259rbaycan\u0131n h\u0259r v\u0259t\u0259nda\u015f\u0131n\u0131n sa\u011flaml\u0131\u011f\u0131na diqq\u0259ti v\u0259 qay\u011f\u0131ke\u015f m\u00fcnasib\u0259ti sakinl\u0259r t\u0259r\u0259find\u0259n d\u0259 raz\u0131l\u0131qla qar\u015f\u0131land\u0131.<\/p>\n<p>Bu c\u00fcr sosial layih\u0259l\u0259rin g\u0259l\u0259c\u0259kd\u0259 d\u0259 ke\u00e7irilm\u0259si n\u0259z\u0259rd\u0259 tutulub.<\/p>\n","protected":false},"excerpt":{"rendered":"<p>ARANTV.AZ x\u0259b\u0259r verir ki, Prezident \u0130lham \u018fliyevin tap\u015f\u0131r\u0131\u011f\u0131 il\u0259 Qa\u00e7q\u0131nlar\u0131n v\u0259 M\u0259cburi K\u00f6\u00e7k\u00fcnl\u0259rin \u0130\u015fl\u0259ri \u00fczr\u0259 D\u00f6vl\u0259t Komit\u0259si respublikan\u0131n b\u00fct\u00fcn b\u00f6lg\u0259l\u0259rind\u0259 m\u00fcv\u0259qq\u0259ti m\u0259skunla\u015fm\u0131\u015f m\u0259cburi k\u00f6\u00e7k\u00fcnl\u0259rin m\u00fcraci\u0259tl\u0259rin\u0259 x\u00fcsusi h\u0259ssasl\u0131qla yana\u015f\u0131r, onlar\u0131 narahat ed\u0259n m\u0259s\u0259l\u0259l\u0259rin ara\u015fd\u0131r\u0131lmas\u0131 v\u0259 h\u0259ll olunmas\u0131 \u00fc\u00e7\u00fcn m\u00f6vcud qanunvericilik \u0259sas\u0131nda b\u00fct\u00fcn z\u0259ruri t\u0259dbirl\u0259ri g\u00f6r\u00fcr. Bundan ba\u015fqa Az\u0259rbaycan\u0131n Birinci vitse-prezidenti Mehriban \u018fliyeva m\u0259cburi k\u00f6\u00e7k\u00fcnl\u0259rin q\u0259zal\u0131 v\u0259 h\u0259yat \u00fc\u00e7\u00fcn t\u0259hl\u00fck\u0259li bina v\u0259 tikilil\u0259rd\u0259n yeni m\u0259nzill\u0259r\u0259 k\u00f6\u00e7\u00fcr\u00fclm\u0259sin\u0259 imkan yaradan layih\u0259l\u0259rin icras\u0131n\u0131 daim diqq\u0259td\u0259 saxlay\u0131r. Bu yax\u0131nlarda istifad\u0259y\u0259 veril\u0259n \u201cQobu Park\u201d ya\u015fay\u0131\u015f kompleksi m\u0259hz bel\u0259 layih\u0259l\u0259rd\u0259n biridir. \u00d6t\u0259n h\u0259ft\u0259 burada Komit\u0259 \u018fm\u0259k v\u0259 \u018fhalinin&hellip;<\/p>\n","protected":false},"author":2,"featured_media":22452,"comment_status":"closed","ping_status":"closed","sticky":false,"template":"","format":"standard","meta":{"om_disable_all_campaigns":false,"_monsterinsights_skip_tracking":false,"_monsterinsights_sitenote_active":false,"_monsterinsights_sitenote_note":"","_monsterinsights_sitenote_category":0},"categories":[1],"tags":[],"aioseo_notices":[],"gutentor_comment":0,"rttpg_featured_image_url":{"full":["https:\/\/arantv.az\/wp-content\/uploads\/2018\/10\/botmsb6c1d1surns72s7i1mfl2goz.jpg",696,413,false],"landscape":["https:\/\/arantv.az\/wp-content\/uploads\/2018\/10\/botmsb6c1d1surns72s7i1mfl2goz.jpg",696,413,false],"portraits":["https:\/\/arantv.az\/wp-content\/uploads\/2018\/10\/botmsb6c1d1surns72s7i1mfl2goz.jpg",696,413,false],"thumbnail":["https:\/\/arantv.az\/wp-content\/uploads\/2018\/10\/botmsb6c1d1surns72s7i1mfl2goz-150x150.jpg",150,150,true],"medium":["https:\/\/arantv.az\/wp-content\/uploads\/2018\/10\/botmsb6c1d1surns72s7i1mfl2goz-300x178.jpg",300,178,true],"large":["https:\/\/arantv.az\/wp-content\/uploads\/2018\/10\/botmsb6c1d1surns72s7i1mfl2goz.jpg",640,380,false],"1536x1536":["https:\/\/arantv.az\/wp-content\/uploads\/2018\/10\/botmsb6c1d1surns72s7i1mfl2goz.jpg",696,413,false],"2048x2048":["https:\/\/arantv.az\/wp-content\/uploads\/2018\/10\/botmsb6c1d1surns72s7i1mfl2goz.jpg",696,413,false],"post-thumbnail":["https:\/\/arantv.az\/wp-content\/uploads\/2018\/10\/botmsb6c1d1surns72s7i1mfl2goz-240x172.jpg",240,172,true],"advps-thumb-one":["https:\/\/arantv.az\/wp-content\/uploads\/2018\/10\/botmsb6c1d1surns72s7i1mfl2goz.jpg",696,413,false]},"rttpg_author":{"display_name":"V\u00fcsal Rafiqo\u011flu","author_link":"https:\/\/arantv.az\/?author=2"},"rttpg_comment":0,"rttpg_category":"<a href=\"https:\/\/arantv.az\/?cat=1\" rel=\"category\">C\u0259miyy\u0259t<\/a>","rttpg_excerpt":"ARANTV.AZ x\u0259b\u0259r verir ki, Prezident \u0130lham \u018fliyevin tap\u015f\u0131r\u0131\u011f\u0131 il\u0259 Qa\u00e7q\u0131nlar\u0131n v\u0259 M\u0259cburi K\u00f6\u00e7k\u00fcnl\u0259rin \u0130\u015fl\u0259ri \u00fczr\u0259 D\u00f6vl\u0259t Komit\u0259si respublikan\u0131n b\u00fct\u00fcn b\u00f6lg\u0259l\u0259rind\u0259 m\u00fcv\u0259qq\u0259ti m\u0259skunla\u015fm\u0131\u015f m\u0259cburi k\u00f6\u00e7k\u00fcnl\u0259rin m\u00fcraci\u0259tl\u0259rin\u0259 x\u00fcsusi h\u0259ssasl\u0131qla yana\u015f\u0131r, onlar\u0131 narahat ed\u0259n m\u0259s\u0259l\u0259l\u0259rin ara\u015fd\u0131r\u0131lmas\u0131 v\u0259 h\u0259ll olunmas\u0131 \u00fc\u00e7\u00fcn m\u00f6vcud qanunvericilik \u0259sas\u0131nda b\u00fct\u00fcn z\u0259ruri t\u0259dbirl\u0259ri g\u00f6r\u00fcr. Bundan ba\u015fqa Az\u0259rbaycan\u0131n Birinci vitse-prezidenti Mehriban \u018fliyeva m\u0259cburi k\u00f6\u00e7k\u00fcnl\u0259rin q\u0259zal\u0131 v\u0259&hellip;","_links":{"self":[{"href":"https:\/\/arantv.az\/index.php?rest_route=\/wp\/v2\/posts\/22451"}],"collection":[{"href":"https:\/\/arantv.az\/index.php?rest_route=\/wp\/v2\/posts"}],"about":[{"href":"https:\/\/arantv.az\/index.php?rest_route=\/wp\/v2\/types\/post"}],"author":[{"embeddable":true,"href":"https:\/\/arantv.az\/index.php?rest_route=\/wp\/v2\/users\/2"}],"replies":[{"embeddable":true,"href":"https:\/\/arantv.az\/index.php?rest_route=%2Fwp%2Fv2%2Fcomments&post=22451"}],"version-history":[{"count":0,"href":"https:\/\/arantv.az\/index.php?rest_route=\/wp\/v2\/posts\/22451\/revisions"}],"wp:featuredmedia":[{"embeddable":true,"href":"https:\/\/arantv.az\/index.php?rest_route=\/wp\/v2\/media\/22452"}],"wp:attachment":[{"href":"https:\/\/arantv.az\/index.php?rest_route=%2Fwp%2Fv2%2Fmedia&parent=22451"}],"wp:term":[{"taxonomy":"category","embeddable":true,"href":"https:\/\/arantv.az\/index.php?rest_route=%2Fwp%2Fv2%2Fcategories&post=22451"},{"taxonomy":"post_tag","embeddable":true,"href":"https:\/\/arantv.az\/index.php?rest_route=%2Fwp%2Fv2%2Ftags&post=22451"}],"curies":[{"name":"wp","href":"https:\/\/api.w.org\/{rel}","templated":true}]}}