{"id":22457,"date":"2018-10-31T16:07:31","date_gmt":"2018-10-31T13:07:31","guid":{"rendered":"http:\/\/arantv.az\/?p=22457"},"modified":"2018-10-31T16:07:31","modified_gmt":"2018-10-31T13:07:31","slug":"20-yasli-g%c9%99lin-itkin-dusdu-qardasi-polis%c9%99-uz-tutdu","status":"publish","type":"post","link":"https:\/\/arantv.az\/?p=22457","title":{"rendered":"20 ya\u015fl\u0131 g\u0259lin itkin d\u00fc\u015fd\u00fc &#8211; Qarda\u015f\u0131 polis\u0259 \u00fcz tutdu"},"content":{"rendered":"<p>\u015e\u0259ki rayonunda 20 ya\u015fl\u0131 qad\u0131n itkin d\u00fc\u015f\u00fcb.<\/p>\n<p><b>ARANTV.AZ\u00a0\u00a0<\/b>report-a istinad\u0259n x\u0259b\u0259r verir ki, \u015e\u0259ki \u015f\u0259h\u0259r sakini, 1998-ci il t\u0259v\u0259ll\u00fcdl\u00fc \u00c7i\u00e7\u0259k Z\u00fclfiqar q\u0131z\u0131 M\u0259mm\u0259dova oktyabr\u0131n 29-da evd\u0259n \u00e7\u0131xaraq nam\u0259lum istiqam\u0259t\u0259 gedib v\u0259 bir daha geri qay\u0131tmay\u0131b.<\/p>\n<div id=\"AdributorNativeVideo0\" class=\"AdributorNativeVideo\"><\/div>\n<p>Bu bar\u0259d\u0259 rayonun Da\u015fbulaq k\u0259nd sakini, Xalid Z\u00fclfiqar o\u011flu M\u0259mm\u0259dov rayon h\u00fcquq-m\u00fchafiz\u0259 orqanlar\u0131na m\u00fcraci\u0259t ed\u0259r\u0259k bac\u0131s\u0131n\u0131n itkin d\u00fc\u015fm\u0259si il\u0259 ba\u011fl\u0131 m\u0259lumat verib.<\/p>\n<p>\u00c7.M\u0259mm\u0259dovan\u0131n ail\u0259li oldu\u011fu bildirilir.<\/p>\n<p>Haz\u0131rda 20 ya\u015fl\u0131 qad\u0131n\u0131n tap\u0131laraq ail\u0259sin\u0259 t\u0259hvil verilm\u0259si istiqam\u0259tind\u0259 \u0259m\u0259liyyat t\u0259dbiri apar\u0131l\u0131r.<\/p>\n","protected":false},"excerpt":{"rendered":"<p>\u015e\u0259ki rayonunda 20 ya\u015fl\u0131 qad\u0131n itkin d\u00fc\u015f\u00fcb. ARANTV.AZ\u00a0\u00a0report-a istinad\u0259n x\u0259b\u0259r verir ki, \u015e\u0259ki \u015f\u0259h\u0259r sakini, 1998-ci il t\u0259v\u0259ll\u00fcdl\u00fc \u00c7i\u00e7\u0259k Z\u00fclfiqar q\u0131z\u0131 M\u0259mm\u0259dova oktyabr\u0131n 29-da evd\u0259n \u00e7\u0131xaraq nam\u0259lum istiqam\u0259t\u0259 gedib v\u0259 bir daha geri qay\u0131tmay\u0131b. Bu bar\u0259d\u0259 rayonun Da\u015fbulaq k\u0259nd sakini, Xalid Z\u00fclfiqar o\u011flu M\u0259mm\u0259dov rayon h\u00fcquq-m\u00fchafiz\u0259 orqanlar\u0131na m\u00fcraci\u0259t ed\u0259r\u0259k bac\u0131s\u0131n\u0131n itkin d\u00fc\u015fm\u0259si il\u0259 ba\u011fl\u0131 m\u0259lumat verib. \u00c7.M\u0259mm\u0259dovan\u0131n ail\u0259li oldu\u011fu bildirilir. Haz\u0131rda 20 ya\u015fl\u0131 qad\u0131n\u0131n tap\u0131laraq ail\u0259sin\u0259 t\u0259hvil verilm\u0259si istiqam\u0259tind\u0259 \u0259m\u0259liyyat t\u0259dbiri apar\u0131l\u0131r.<\/p>\n","protected":false},"author":2,"featured_media":22458,"comment_status":"closed","ping_status":"closed","sticky":false,"template":"","format":"standard","meta":{"om_disable_all_campaigns":false,"_monsterinsights_skip_tracking":false,"_monsterinsights_sitenote_active":false,"_monsterinsights_sitenote_note":"","_monsterinsights_sitenote_category":0},"categories":[5],"tags":[],"aioseo_notices":[],"gutentor_comment":0,"rttpg_featured_image_url":{"full":["https:\/\/arantv.az\/wp-content\/uploads\/2018\/10\/699612_81540990667.jpg",649,487,false],"landscape":["https:\/\/arantv.az\/wp-content\/uploads\/2018\/10\/699612_81540990667.jpg",649,487,false],"portraits":["https:\/\/arantv.az\/wp-content\/uploads\/2018\/10\/699612_81540990667.jpg",649,487,false],"thumbnail":["https:\/\/arantv.az\/wp-content\/uploads\/2018\/10\/699612_81540990667-150x150.jpg",150,150,true],"medium":["https:\/\/arantv.az\/wp-content\/uploads\/2018\/10\/699612_81540990667-300x225.jpg",300,225,true],"large":["https:\/\/arantv.az\/wp-content\/uploads\/2018\/10\/699612_81540990667.jpg",640,480,false],"1536x1536":["https:\/\/arantv.az\/wp-content\/uploads\/2018\/10\/699612_81540990667.jpg",649,487,false],"2048x2048":["https:\/\/arantv.az\/wp-content\/uploads\/2018\/10\/699612_81540990667.jpg",649,487,false],"post-thumbnail":["https:\/\/arantv.az\/wp-content\/uploads\/2018\/10\/699612_81540990667-240x172.jpg",240,172,true],"advps-thumb-one":["https:\/\/arantv.az\/wp-content\/uploads\/2018\/10\/699612_81540990667.jpg",649,487,false]},"rttpg_author":{"display_name":"V\u00fcsal Rafiqo\u011flu","author_link":"https:\/\/arantv.az\/?author=2"},"rttpg_comment":0,"rttpg_category":"<a href=\"https:\/\/arantv.az\/?cat=5\" rel=\"category\">Hadis\u0259<\/a>","rttpg_excerpt":"\u015e\u0259ki rayonunda 20 ya\u015fl\u0131 qad\u0131n itkin d\u00fc\u015f\u00fcb. ARANTV.AZ\u00a0\u00a0report-a istinad\u0259n x\u0259b\u0259r verir ki, \u015e\u0259ki \u015f\u0259h\u0259r sakini, 1998-ci il t\u0259v\u0259ll\u00fcdl\u00fc \u00c7i\u00e7\u0259k Z\u00fclfiqar q\u0131z\u0131 M\u0259mm\u0259dova oktyabr\u0131n 29-da evd\u0259n \u00e7\u0131xaraq nam\u0259lum istiqam\u0259t\u0259 gedib v\u0259 bir daha geri qay\u0131tmay\u0131b. Bu bar\u0259d\u0259 rayonun Da\u015fbulaq k\u0259nd sakini, Xalid Z\u00fclfiqar o\u011flu M\u0259mm\u0259dov rayon h\u00fcquq-m\u00fchafiz\u0259 orqanlar\u0131na m\u00fcraci\u0259t ed\u0259r\u0259k bac\u0131s\u0131n\u0131n itkin d\u00fc\u015fm\u0259si il\u0259 ba\u011fl\u0131 m\u0259lumat&hellip;","_links":{"self":[{"href":"https:\/\/arantv.az\/index.php?rest_route=\/wp\/v2\/posts\/22457"}],"collection":[{"href":"https:\/\/arantv.az\/index.php?rest_route=\/wp\/v2\/posts"}],"about":[{"href":"https:\/\/arantv.az\/index.php?rest_route=\/wp\/v2\/types\/post"}],"author":[{"embeddable":true,"href":"https:\/\/arantv.az\/index.php?rest_route=\/wp\/v2\/users\/2"}],"replies":[{"embeddable":true,"href":"https:\/\/arantv.az\/index.php?rest_route=%2Fwp%2Fv2%2Fcomments&post=22457"}],"version-history":[{"count":0,"href":"https:\/\/arantv.az\/index.php?rest_route=\/wp\/v2\/posts\/22457\/revisions"}],"wp:featuredmedia":[{"embeddable":true,"href":"https:\/\/arantv.az\/index.php?rest_route=\/wp\/v2\/media\/22458"}],"wp:attachment":[{"href":"https:\/\/arantv.az\/index.php?rest_route=%2Fwp%2Fv2%2Fmedia&parent=22457"}],"wp:term":[{"taxonomy":"category","embeddable":true,"href":"https:\/\/arantv.az\/index.php?rest_route=%2Fwp%2Fv2%2Fcategories&post=22457"},{"taxonomy":"post_tag","embeddable":true,"href":"https:\/\/arantv.az\/index.php?rest_route=%2Fwp%2Fv2%2Ftags&post=22457"}],"curies":[{"name":"wp","href":"https:\/\/api.w.org\/{rel}","templated":true}]}}