{"id":22474,"date":"2018-10-31T18:26:54","date_gmt":"2018-10-31T15:26:54","guid":{"rendered":"http:\/\/arantv.az\/?p=22474"},"modified":"2018-10-31T18:26:54","modified_gmt":"2018-10-31T15:26:54","slug":"s%c9%99ki-s%c9%99h%c9%99rinin-tarixi-hiss%c9%99sinin-qorunmasi-il%c9%99-bagli-%c9%99lav%c9%99-t%c9%99dbirl%c9%99r-haqqinda-az%c9%99rbaycan-respublikasi-prezidentinin-s%c9%99r%c9%99ncami","status":"publish","type":"post","link":"https:\/\/arantv.az\/?p=22474","title":{"rendered":"\u015e\u0259ki \u015f\u0259h\u0259rinin tarixi hiss\u0259sinin qorunmas\u0131 il\u0259 ba\u011fl\u0131 \u0259lav\u0259 t\u0259dbirl\u0259r haqq\u0131nda Az\u0259rbaycan Respublikas\u0131 Prezidentinin S\u0259r\u0259ncam\u0131"},"content":{"rendered":"<p><strong>ARANTV.AZ<\/strong> x\u0259b\u0259r verir ki, s\u0259r\u0259ncamda deyilir.<\/p>\n<p>Az\u0259rbaycan\u0131n \u0259n q\u0259dim \u015f\u0259h\u0259rl\u0259rind\u0259n v\u0259 m\u0259d\u0259niyy\u0259t m\u0259rk\u0259zl\u0259rind\u0259n biri olan \u015e\u0259kinin tarixi hiss\u0259sini \u0259hat\u0259 ed\u0259n \u201cYuxar\u0131 Ba\u015f\u201d D\u00f6vl\u0259t Tarix-Memarl\u0131q Qoru\u011fu \u00e7ox\u0259srlik tarix\u0259 malik abid\u0259l\u0259r v\u0259 unikal m\u0259d\u0259niyy\u0259t n\u00fcmun\u0259l\u0259ri il\u0259 z\u0259ngin bir \u0259razidir.<\/p>\n<p>Son ill\u0259rd\u0259 \u201cYuxar\u0131 Ba\u015f\u201d D\u00f6vl\u0259t Tarix-Memarl\u0131q Qoru\u011funun \u0259razisind\u0259 h\u0259yata ke\u00e7irilmi\u015f t\u0259dbirl\u0259r n\u0259tic\u0259sind\u0259 \u201cA\u015fa\u011f\u0131 Karvansaray\u201d Kompleksi, \u201c\u015e\u0259kixanovlar\u0131n evi\u201d, M.F.Axundzad\u0259nin ev-muzeyi, q\u0259dim k\u00fc\u00e7\u0259l\u0259rin bir hiss\u0259si b\u0259rpa olunmu\u015f, m\u00fc\u0259yy\u0259n abadl\u0131q i\u015fl\u0259ri g\u00f6r\u00fclm\u00fc\u015fd\u00fcr.<\/p>\n<p>\u015e\u0259ki \u015f\u0259h\u0259ri 2008-ci ild\u0259 D\u00fcnya Tarixi \u015e\u0259h\u0259rl\u0259r Liqas\u0131n\u0131n \u00fczv\u00fc se\u00e7ilmi\u015f, 2010-cu ild\u0259 Az\u0259rbaycan\u0131n S\u0259n\u0259tkarl\u0131q Paytaxt\u0131 elan edilmi\u015f, 2017-ci ild\u0259 UNESCO-nun \u201cYarad\u0131c\u0131 \u015f\u0259h\u0259rl\u0259r \u015f\u0259b\u0259k\u0259si\u201d siyah\u0131s\u0131na daxil olunmu\u015fdur.<\/p>\n<p>\u015e\u0259kinin turistl\u0259r \u00fc\u00e7\u00fcn c\u0259lbedici m\u0259kana \u00e7evrilm\u0259si \u0259srl\u0259rin s\u0131na\u011f\u0131ndan \u00e7\u0131xm\u0131\u015f, t\u0259bii t\u0259sirl\u0259r\u0259 m\u0259ruz qalm\u0131\u015f tarix v\u0259 m\u0259d\u0259niyy\u0259t abid\u0259l\u0259rinin konservasiyas\u0131 v\u0259 b\u0259rpas\u0131, \u0259n\u0259n\u0259vi xalq s\u0259n\u0259tkarl\u0131\u011f\u0131 n\u00f6vl\u0259rinin dir\u00e7\u0259ldilm\u0259si, istirah\u0259t-turizm infrastrukturu obyektl\u0259rinin v\u0259 xidm\u0259t sah\u0259l\u0259rinin yarad\u0131lmas\u0131 i\u015fl\u0259rinin s\u00fcr\u0259tl\u0259ndirilm\u0259sini \u015f\u0259rtl\u0259ndirir.<\/p>\n<p>Az\u0259rbaycan Respublikas\u0131 Konstitusiyas\u0131n\u0131n 109-cu madd\u0259sinin 32-ci b\u0259ndini r\u0259hb\u0259r tutaraq q\u0259rara al\u0131ram:<\/p>\n<p>1. Az\u0259rbaycan Respublikas\u0131n\u0131n D\u00f6vl\u0259t Turizm Agentliyi \u00fc\u00e7 ay m\u00fcdd\u0259tind\u0259:<\/p>\n<p>1.1. \u201cYuxar\u0131 Ba\u015f\u201d D\u00f6vl\u0259t Tarix-Memarl\u0131q Qoru\u011funun \u0259razisind\u0259 yerl\u0259\u015f\u0259n tarix v\u0259 m\u0259d\u0259niyy\u0259t abid\u0259l\u0259rinin siyah\u0131ya al\u0131nmas\u0131n\u0131 v\u0259 vahid m\u0259lumat bazas\u0131n\u0131n yarad\u0131lmas\u0131n\u0131 t\u0259min etsin;<\/p>\n<p>1.2. \u201cYuxar\u0131 Ba\u015f\u201d D\u00f6vl\u0259t Tarix-Memarl\u0131q Qoru\u011funun \u0259razisind\u0259 yerl\u0259\u015f\u0259n tarix v\u0259 m\u0259d\u0259niyy\u0259t abid\u0259l\u0259rinin uzunm\u00fcdd\u0259tli qorunmas\u0131, konservasiyas\u0131, b\u0259rpas\u0131 v\u0259 m\u0259qs\u0259dy\u00f6nl\u00fc istifad\u0259si il\u0259 ba\u011fl\u0131 konsepsiyan\u0131n layih\u0259sini haz\u0131rlay\u0131b Az\u0259rbaycan Respublikas\u0131n\u0131n Prezidentin\u0259 t\u0259qdim etsin.<\/p>\n<p>\u0130lham \u018fliyev<\/p>\n<p>Az\u0259rbaycan Respublikas\u0131n\u0131n Prezidenti<\/p>\n<p>Bak\u0131 \u015f\u0259h\u0259ri, 31 oktyabr 2018-ci il.<\/p>\n","protected":false},"excerpt":{"rendered":"<p>ARANTV.AZ x\u0259b\u0259r verir ki, s\u0259r\u0259ncamda deyilir. Az\u0259rbaycan\u0131n \u0259n q\u0259dim \u015f\u0259h\u0259rl\u0259rind\u0259n v\u0259 m\u0259d\u0259niyy\u0259t m\u0259rk\u0259zl\u0259rind\u0259n biri olan \u015e\u0259kinin tarixi hiss\u0259sini \u0259hat\u0259 ed\u0259n \u201cYuxar\u0131 Ba\u015f\u201d D\u00f6vl\u0259t Tarix-Memarl\u0131q Qoru\u011fu \u00e7ox\u0259srlik tarix\u0259 malik abid\u0259l\u0259r v\u0259 unikal m\u0259d\u0259niyy\u0259t n\u00fcmun\u0259l\u0259ri il\u0259 z\u0259ngin bir \u0259razidir. Son ill\u0259rd\u0259 \u201cYuxar\u0131 Ba\u015f\u201d D\u00f6vl\u0259t Tarix-Memarl\u0131q Qoru\u011funun \u0259razisind\u0259 h\u0259yata ke\u00e7irilmi\u015f t\u0259dbirl\u0259r n\u0259tic\u0259sind\u0259 \u201cA\u015fa\u011f\u0131 Karvansaray\u201d Kompleksi, \u201c\u015e\u0259kixanovlar\u0131n evi\u201d, M.F.Axundzad\u0259nin ev-muzeyi, q\u0259dim k\u00fc\u00e7\u0259l\u0259rin bir hiss\u0259si b\u0259rpa olunmu\u015f, m\u00fc\u0259yy\u0259n abadl\u0131q i\u015fl\u0259ri g\u00f6r\u00fclm\u00fc\u015fd\u00fcr. \u015e\u0259ki \u015f\u0259h\u0259ri 2008-ci ild\u0259 D\u00fcnya Tarixi \u015e\u0259h\u0259rl\u0259r Liqas\u0131n\u0131n \u00fczv\u00fc se\u00e7ilmi\u015f, 2010-cu ild\u0259 Az\u0259rbaycan\u0131n S\u0259n\u0259tkarl\u0131q Paytaxt\u0131 elan edilmi\u015f, 2017-ci ild\u0259 UNESCO-nun \u201cYarad\u0131c\u0131 \u015f\u0259h\u0259rl\u0259r \u015f\u0259b\u0259k\u0259si\u201d siyah\u0131s\u0131na&hellip;<\/p>\n","protected":false},"author":2,"featured_media":22475,"comment_status":"closed","ping_status":"closed","sticky":false,"template":"","format":"standard","meta":{"om_disable_all_campaigns":false,"_monsterinsights_skip_tracking":false,"_monsterinsights_sitenote_active":false,"_monsterinsights_sitenote_note":"","_monsterinsights_sitenote_category":0},"categories":[8],"tags":[],"aioseo_notices":[],"gutentor_comment":0,"rttpg_featured_image_url":{"full":["https:\/\/arantv.az\/wp-content\/uploads\/2018\/10\/ilham_aliyev3.jpg",800,600,false],"landscape":["https:\/\/arantv.az\/wp-content\/uploads\/2018\/10\/ilham_aliyev3.jpg",800,600,false],"portraits":["https:\/\/arantv.az\/wp-content\/uploads\/2018\/10\/ilham_aliyev3.jpg",800,600,false],"thumbnail":["https:\/\/arantv.az\/wp-content\/uploads\/2018\/10\/ilham_aliyev3-150x150.jpg",150,150,true],"medium":["https:\/\/arantv.az\/wp-content\/uploads\/2018\/10\/ilham_aliyev3-300x225.jpg",300,225,true],"large":["https:\/\/arantv.az\/wp-content\/uploads\/2018\/10\/ilham_aliyev3.jpg",640,480,false],"1536x1536":["https:\/\/arantv.az\/wp-content\/uploads\/2018\/10\/ilham_aliyev3.jpg",800,600,false],"2048x2048":["https:\/\/arantv.az\/wp-content\/uploads\/2018\/10\/ilham_aliyev3.jpg",800,600,false],"post-thumbnail":["https:\/\/arantv.az\/wp-content\/uploads\/2018\/10\/ilham_aliyev3-240x172.jpg",240,172,true],"advps-thumb-one":["https:\/\/arantv.az\/wp-content\/uploads\/2018\/10\/ilham_aliyev3.jpg",800,600,false]},"rttpg_author":{"display_name":"V\u00fcsal Rafiqo\u011flu","author_link":"https:\/\/arantv.az\/?author=2"},"rttpg_comment":0,"rttpg_category":"<a href=\"https:\/\/arantv.az\/?cat=8\" rel=\"category\">\u018fsas s\u0259hif\u0259<\/a>","rttpg_excerpt":"ARANTV.AZ x\u0259b\u0259r verir ki, s\u0259r\u0259ncamda deyilir. Az\u0259rbaycan\u0131n \u0259n q\u0259dim \u015f\u0259h\u0259rl\u0259rind\u0259n v\u0259 m\u0259d\u0259niyy\u0259t m\u0259rk\u0259zl\u0259rind\u0259n biri olan \u015e\u0259kinin tarixi hiss\u0259sini \u0259hat\u0259 ed\u0259n \u201cYuxar\u0131 Ba\u015f\u201d D\u00f6vl\u0259t Tarix-Memarl\u0131q Qoru\u011fu \u00e7ox\u0259srlik tarix\u0259 malik abid\u0259l\u0259r v\u0259 unikal m\u0259d\u0259niyy\u0259t n\u00fcmun\u0259l\u0259ri il\u0259 z\u0259ngin bir \u0259razidir. Son ill\u0259rd\u0259 \u201cYuxar\u0131 Ba\u015f\u201d D\u00f6vl\u0259t Tarix-Memarl\u0131q Qoru\u011funun \u0259razisind\u0259 h\u0259yata ke\u00e7irilmi\u015f t\u0259dbirl\u0259r n\u0259tic\u0259sind\u0259 \u201cA\u015fa\u011f\u0131 Karvansaray\u201d Kompleksi, \u201c\u015e\u0259kixanovlar\u0131n evi\u201d, M.F.Axundzad\u0259nin&hellip;","_links":{"self":[{"href":"https:\/\/arantv.az\/index.php?rest_route=\/wp\/v2\/posts\/22474"}],"collection":[{"href":"https:\/\/arantv.az\/index.php?rest_route=\/wp\/v2\/posts"}],"about":[{"href":"https:\/\/arantv.az\/index.php?rest_route=\/wp\/v2\/types\/post"}],"author":[{"embeddable":true,"href":"https:\/\/arantv.az\/index.php?rest_route=\/wp\/v2\/users\/2"}],"replies":[{"embeddable":true,"href":"https:\/\/arantv.az\/index.php?rest_route=%2Fwp%2Fv2%2Fcomments&post=22474"}],"version-history":[{"count":0,"href":"https:\/\/arantv.az\/index.php?rest_route=\/wp\/v2\/posts\/22474\/revisions"}],"wp:featuredmedia":[{"embeddable":true,"href":"https:\/\/arantv.az\/index.php?rest_route=\/wp\/v2\/media\/22475"}],"wp:attachment":[{"href":"https:\/\/arantv.az\/index.php?rest_route=%2Fwp%2Fv2%2Fmedia&parent=22474"}],"wp:term":[{"taxonomy":"category","embeddable":true,"href":"https:\/\/arantv.az\/index.php?rest_route=%2Fwp%2Fv2%2Fcategories&post=22474"},{"taxonomy":"post_tag","embeddable":true,"href":"https:\/\/arantv.az\/index.php?rest_route=%2Fwp%2Fv2%2Ftags&post=22474"}],"curies":[{"name":"wp","href":"https:\/\/api.w.org\/{rel}","templated":true}]}}