{"id":22483,"date":"2018-10-31T18:43:48","date_gmt":"2018-10-31T15:43:48","guid":{"rendered":"http:\/\/arantv.az\/?p=22483"},"modified":"2018-10-31T18:43:48","modified_gmt":"2018-10-31T15:43:48","slug":"ekspert-erm%c9%99nistan-boyuk-m%c9%99glubiyy%c9%99tini-qarabaga-g%c9%99tiril%c9%99n-xarici-tor-tokuntul%c9%99rin-kolg%c9%99si-altinda-ort-basdir-etm%c9%99k-ist%c9%99yir","status":"publish","type":"post","link":"https:\/\/arantv.az\/?p=22483","title":{"rendered":"Ekspert: &#8220;Erm\u0259nistan b\u00f6y\u00fck m\u0259\u011flubiyy\u0259tini Qaraba\u011fa g\u0259tiril\u0259n xarici t\u00f6r-t\u00f6k\u00fcnt\u00fcl\u0259rin k\u00f6lg\u0259si alt\u0131nda \u00f6rt-basd\u0131r etm\u0259k ist\u0259yir&#8221;"},"content":{"rendered":"<p>&#8220;Erm\u0259ni lobbi\u00e7il\u0259rinin Avropan\u0131n k\u00fcnc-bucaqlar\u0131ndan marginalla\u015fm\u0131\u015f adamlar\u0131 guya \u0259n m\u00f6t\u0259b\u0259r diplomat v\u0259 siyas\u0259t\u00e7il\u0259r ad\u0131 alt\u0131nda toparlayaraq onlar\u0131n Az\u0259rbaycan\u0131n i\u015f\u011fal olunmu\u015f \u0259razil\u0259rin\u0259 s\u0259f\u0259rini t\u0259\u015fkil etm\u0259sinin saxta mahiyy\u0259ti getdikc\u0259 daha \u00e7ox \u00fcz\u0259 \u00e7\u0131x\u0131r v\u0259 if\u015fa olunur&#8221;.<\/p>\n<p><strong>ARANTV.AZ<\/strong>\u00a0 x\u0259b\u0259r verir ki, bunu trend-\u0259 a\u00e7\u0131qlamas\u0131nda &#8220;Bak\u0131 X\u0259b\u0259r&#8221; q\u0259zetinin ba\u015f redaktoru, ekspert Ayd\u0131n Quliyev deyib.<\/p>\n<p>A.Quliyev bildirib ki, ill\u0259rd\u0259n b\u0259ri erm\u0259ni lobbisinin apard\u0131\u011f\u0131 bu i\u015fl\u0259r n\u0259inki ist\u0259nil\u0259n effekti vermir, h\u0259tta daha da qeyri-ciddi \u015f\u0259kil alma\u011fa ba\u015flay\u0131r:<\/p>\n<p>&#8220;Erm\u0259nil\u0259r i\u015f\u011fal olunmu\u015f \u0259razil\u0259rimizd\u0259 yarad\u0131lm\u0131\u015f qondarma rejimi m\u00fcst\u0259qil subyekt kimi tan\u0131da bil\u0259c\u0259kl\u0259rin\u0259 \u00e7ox \u00fcmidli idil\u0259r. Lakin bir t\u0259r\u0259fd\u0259n Az\u0259rbaycan diplomatiyas\u0131n\u0131n izahat i\u015fl\u0259ri, dig\u0259r t\u0259r\u0259fd\u0259n is\u0259 \u00fcmumi erm\u0259ni iddialar\u0131n\u0131n saxta mahiyy\u0259tinin \u00fcz\u0259 \u00e7\u0131xmas\u0131 n\u0259tic\u0259sind\u0259 erm\u0259ni lobbi\u00e7il\u0259rinin Qaraba\u011fa emissarlar g\u0259tirm\u0259k taktikas\u0131 indi onlar\u0131n \u00f6zl\u0259rin\u0259 qar\u015f\u0131 i\u015fl\u0259m\u0259y\u0259 ba\u015flay\u0131b. H\u0259r s\u0259f\u0259rd\u0259n sonra m\u00f6t\u0259b\u0259r t\u0259\u015fkilatlar qondarma rejimi tan\u0131mad\u0131qlar\u0131 bar\u0259d\u0259 birm\u0259nal\u0131 b\u0259yanatlar verm\u0259kl\u0259 lobbi\u00e7il\u0259rin oyunlar\u0131n\u0131n saxtal\u0131\u011f\u0131n\u0131 b\u00fct\u00fcn d\u00fcnyaya g\u00f6st\u0259rirl\u0259r. Bundan ba\u015fqa, erm\u0259ni lobbi\u00e7il\u0259rinin aldadaraq v\u0259 ya \u015firnikl\u0259ndir\u0259r\u0259k Qaraba\u011fa apard\u0131qlar\u0131 insanlar\u0131n da say\u0131 s\u00fcr\u0259tl\u0259 azal\u0131r, art\u0131q Avropadak\u0131 ciddi dair\u0259l\u0259rin t\u0259msil\u00e7il\u0259ri, deputatlar bu s\u0259f\u0259rl\u0259r\u0259 o q\u0259d\u0259r d\u0259 h\u0259v\u0259sl\u0259 baxm\u0131rlar&#8221;.<\/p>\n<p>Ekspertin s\u00f6zl\u0259rin\u0259 g\u00f6r\u0259, i\u015f o h\u0259dd\u0259 g\u0259lib \u00e7at\u0131b ki, erm\u0259nil\u0259rin Qaraba\u011fa apard\u0131\u011f\u0131 qonaqlar\u0131n aras\u0131nda qeyri-\u0259n\u0259n\u0259vi oriyentasiyal\u0131, \u00f6z \u00f6lk\u0259sind\u0259 \u0259n pis imic\u0259 malik h\u0259r c\u00fcr t\u0259sad\u00fcfi adamlar peyda olma\u011fa ba\u015flay\u0131b:<\/p>\n<p>&#8220;Bu g\u00fcnl\u0259rd\u0259 i\u015f\u011fal olunmu\u015f \u0259razil\u0259rimiz\u0259 apar\u0131lm\u0131\u015f \u015f\u0259xsl\u0259rin siyah\u0131s\u0131na baxmaq kifay\u0259tdir. Erm\u0259nistan\u0131n son \u00fcmid yerin\u0259 \u00e7evrilmi\u015f v\u0259 sad\u0259c\u0259 &#8220;cib siyas\u0259t\u00e7il\u0259ri&#8221; imicin\u0259 malik bu \u015f\u0259xsl\u0259rin f\u0259all\u0131\u011f\u0131 bir daha s\u00fcbut edir ki, Erm\u0259nistan r\u0259hb\u0259rliyi Qaraba\u011f u\u011frunda diplomatiyan\u0131 prinsipial olaraq uduzdu\u011funu \u00e7ox yax\u015f\u0131 anlay\u0131r v\u0259 xaricd\u0259n Qaraba\u011fa g\u0259tiril\u0259n t\u00f6r-t\u00f6k\u00fcnt\u00fcl\u0259r d\u0259st\u0259sinin k\u00f6lg\u0259si alt\u0131nda \u00f6z b\u00f6y\u00fck m\u0259\u011flubiyy\u0259tini \u00f6rt-basd\u0131r etm\u0259k ist\u0259yir&#8221;.<\/p>\n<p>Xat\u0131rladaq ki, \u00f6t\u0259n g\u00fcn Bel\u00e7ika Federal Parlamentinin \u00fczv\u00fc, \u0130slahat\u00e7\u0131lar H\u0259r\u0259kat\u0131 Partiyas\u0131n\u0131n beyn\u0259lxalq \u0259laq\u0259l\u0259r \u00fczr\u0259 s\u0259dri Jan Jak Flao v\u0259 onun m\u00fcavini Culi Szmay Az\u0259rbaycan\u0131n Erm\u0259nistan t\u0259r\u0259find\u0259n i\u015f\u011fal olunmu\u015f \u0259razil\u0259rin\u0259 qanunsuz s\u0259f\u0259r edibl\u0259r.<\/p>\n","protected":false},"excerpt":{"rendered":"<p>&#8220;Erm\u0259ni lobbi\u00e7il\u0259rinin Avropan\u0131n k\u00fcnc-bucaqlar\u0131ndan marginalla\u015fm\u0131\u015f adamlar\u0131 guya \u0259n m\u00f6t\u0259b\u0259r diplomat v\u0259 siyas\u0259t\u00e7il\u0259r ad\u0131 alt\u0131nda toparlayaraq onlar\u0131n Az\u0259rbaycan\u0131n i\u015f\u011fal olunmu\u015f \u0259razil\u0259rin\u0259 s\u0259f\u0259rini t\u0259\u015fkil etm\u0259sinin saxta mahiyy\u0259ti getdikc\u0259 daha \u00e7ox \u00fcz\u0259 \u00e7\u0131x\u0131r v\u0259 if\u015fa olunur&#8221;. ARANTV.AZ\u00a0 x\u0259b\u0259r verir ki, bunu trend-\u0259 a\u00e7\u0131qlamas\u0131nda &#8220;Bak\u0131 X\u0259b\u0259r&#8221; q\u0259zetinin ba\u015f redaktoru, ekspert Ayd\u0131n Quliyev deyib. A.Quliyev bildirib ki, ill\u0259rd\u0259n b\u0259ri erm\u0259ni lobbisinin apard\u0131\u011f\u0131 bu i\u015fl\u0259r n\u0259inki ist\u0259nil\u0259n effekti vermir, h\u0259tta daha da qeyri-ciddi \u015f\u0259kil alma\u011fa ba\u015flay\u0131r: &#8220;Erm\u0259nil\u0259r i\u015f\u011fal olunmu\u015f \u0259razil\u0259rimizd\u0259 yarad\u0131lm\u0131\u015f qondarma rejimi m\u00fcst\u0259qil subyekt kimi tan\u0131da bil\u0259c\u0259kl\u0259rin\u0259 \u00e7ox \u00fcmidli idil\u0259r. Lakin bir t\u0259r\u0259fd\u0259n Az\u0259rbaycan diplomatiyas\u0131n\u0131n&hellip;<\/p>\n","protected":false},"author":2,"featured_media":22484,"comment_status":"closed","ping_status":"closed","sticky":false,"template":"","format":"standard","meta":{"om_disable_all_campaigns":false,"_monsterinsights_skip_tracking":false,"_monsterinsights_sitenote_active":false,"_monsterinsights_sitenote_note":"","_monsterinsights_sitenote_category":0},"categories":[4],"tags":[],"aioseo_notices":[],"gutentor_comment":0,"rttpg_featured_image_url":{"full":["https:\/\/arantv.az\/wp-content\/uploads\/2018\/10\/691788-2.jpg",800,600,false],"landscape":["https:\/\/arantv.az\/wp-content\/uploads\/2018\/10\/691788-2.jpg",800,600,false],"portraits":["https:\/\/arantv.az\/wp-content\/uploads\/2018\/10\/691788-2.jpg",800,600,false],"thumbnail":["https:\/\/arantv.az\/wp-content\/uploads\/2018\/10\/691788-2-150x150.jpg",150,150,true],"medium":["https:\/\/arantv.az\/wp-content\/uploads\/2018\/10\/691788-2-300x225.jpg",300,225,true],"large":["https:\/\/arantv.az\/wp-content\/uploads\/2018\/10\/691788-2.jpg",640,480,false],"1536x1536":["https:\/\/arantv.az\/wp-content\/uploads\/2018\/10\/691788-2.jpg",800,600,false],"2048x2048":["https:\/\/arantv.az\/wp-content\/uploads\/2018\/10\/691788-2.jpg",800,600,false],"post-thumbnail":["https:\/\/arantv.az\/wp-content\/uploads\/2018\/10\/691788-2-240x172.jpg",240,172,true],"advps-thumb-one":["https:\/\/arantv.az\/wp-content\/uploads\/2018\/10\/691788-2.jpg",800,600,false]},"rttpg_author":{"display_name":"V\u00fcsal Rafiqo\u011flu","author_link":"https:\/\/arantv.az\/?author=2"},"rttpg_comment":0,"rttpg_category":"<a href=\"https:\/\/arantv.az\/?cat=4\" rel=\"category\">Siyas\u0259t<\/a>","rttpg_excerpt":"&#8220;Erm\u0259ni lobbi\u00e7il\u0259rinin Avropan\u0131n k\u00fcnc-bucaqlar\u0131ndan marginalla\u015fm\u0131\u015f adamlar\u0131 guya \u0259n m\u00f6t\u0259b\u0259r diplomat v\u0259 siyas\u0259t\u00e7il\u0259r ad\u0131 alt\u0131nda toparlayaraq onlar\u0131n Az\u0259rbaycan\u0131n i\u015f\u011fal olunmu\u015f \u0259razil\u0259rin\u0259 s\u0259f\u0259rini t\u0259\u015fkil etm\u0259sinin saxta mahiyy\u0259ti getdikc\u0259 daha \u00e7ox \u00fcz\u0259 \u00e7\u0131x\u0131r v\u0259 if\u015fa olunur&#8221;. ARANTV.AZ\u00a0 x\u0259b\u0259r verir ki, bunu trend-\u0259 a\u00e7\u0131qlamas\u0131nda &#8220;Bak\u0131 X\u0259b\u0259r&#8221; q\u0259zetinin ba\u015f redaktoru, ekspert Ayd\u0131n Quliyev deyib. A.Quliyev bildirib ki, ill\u0259rd\u0259n b\u0259ri erm\u0259ni&hellip;","_links":{"self":[{"href":"https:\/\/arantv.az\/index.php?rest_route=\/wp\/v2\/posts\/22483"}],"collection":[{"href":"https:\/\/arantv.az\/index.php?rest_route=\/wp\/v2\/posts"}],"about":[{"href":"https:\/\/arantv.az\/index.php?rest_route=\/wp\/v2\/types\/post"}],"author":[{"embeddable":true,"href":"https:\/\/arantv.az\/index.php?rest_route=\/wp\/v2\/users\/2"}],"replies":[{"embeddable":true,"href":"https:\/\/arantv.az\/index.php?rest_route=%2Fwp%2Fv2%2Fcomments&post=22483"}],"version-history":[{"count":0,"href":"https:\/\/arantv.az\/index.php?rest_route=\/wp\/v2\/posts\/22483\/revisions"}],"wp:featuredmedia":[{"embeddable":true,"href":"https:\/\/arantv.az\/index.php?rest_route=\/wp\/v2\/media\/22484"}],"wp:attachment":[{"href":"https:\/\/arantv.az\/index.php?rest_route=%2Fwp%2Fv2%2Fmedia&parent=22483"}],"wp:term":[{"taxonomy":"category","embeddable":true,"href":"https:\/\/arantv.az\/index.php?rest_route=%2Fwp%2Fv2%2Fcategories&post=22483"},{"taxonomy":"post_tag","embeddable":true,"href":"https:\/\/arantv.az\/index.php?rest_route=%2Fwp%2Fv2%2Ftags&post=22483"}],"curies":[{"name":"wp","href":"https:\/\/api.w.org\/{rel}","templated":true}]}}