{"id":22486,"date":"2018-10-31T18:51:09","date_gmt":"2018-10-31T15:51:09","guid":{"rendered":"http:\/\/arantv.az\/?p=22486"},"modified":"2018-10-31T18:51:09","modified_gmt":"2018-10-31T15:51:09","slug":"t%c9%99rt%c9%99rd%c9%99-1-noyabr-k%c9%99nd-t%c9%99s%c9%99rrufati-iscil%c9%99ri-gunu-qeyd-olundu","status":"publish","type":"post","link":"https:\/\/arantv.az\/?p=22486","title":{"rendered":"T\u0259rt\u0259rd\u0259 1 Noyabr &#8211; K\u0259nd T\u0259s\u0259rr\u00fcfat\u0131 \u0130\u015f\u00e7il\u0259ri G\u00fcn\u00fc qeyd olundu"},"content":{"rendered":"<p><b>D\u0130A.AZ: &#8211; \u018fvv\u0259lc\u0259 t\u0259dbir i\u015ftirak\u00e7\u0131lar\u0131 Ulu \u00d6nd\u0259rin abid\u0259si \u00f6n\u00fcn\u0259 g\u00fcl-\u00e7i\u00e7\u0259k d\u0259st\u0259l\u0259ri qoyub, xatir\u0259sini ehtiramla yad etdil\u0259r.<\/p>\n<p>ARANTV.AZ\u00a0 x\u0259b\u0259r verir ki, sonra t\u0259dbir rayon G\u0259ncl\u0259r M\u0259rk\u0259zind\u0259 davam etdirildi.<\/p>\n<p>T\u0259dbird\u0259 \u00e7\u0131x\u0131\u015f ed\u0259n rayon icra hakimiyy\u0259tinin ba\u015f\u00e7\u0131s\u0131 M\u00fcst\u0259qim M\u0259mm\u0259dov \u00f6nc\u0259 t\u0259dbir i\u015ftirak\u00e7\u0131lar\u0131n\u0131 salamlad\u0131. K\u0259nd T\u0259s\u0259rr\u00fcfat\u0131 \u0130\u015f\u00e7il\u0259ri G\u00fcn\u00fc m\u00fcnasib\u0259ti il\u0259 bu sah\u0259d\u0259 \u00e7al\u0131\u015fan h\u0259r k\u0259si t\u0259brik etdi v\u0259 onlara k\u0259nd t\u0259s\u0259rr\u00fcfat\u0131n\u0131n inki\u015faf etdirilm\u0259sind\u0259, g\u0259l\u0259c\u0259k i\u015fl\u0259rind\u0259 u\u011furlar arzulad\u0131. Rayonda k\u0259nd t\u0259s\u0259rr\u00fcfat\u0131 m\u0259hsullar\u0131n\u0131n istehsal\u0131 sah\u0259sind\u0259 g\u00f6r\u00fclm\u00fc\u015f i\u015fl\u0259rd\u0259n v\u0259 \u0259ld\u0259 olunan u\u011furlardan dan\u0131\u015fd\u0131. Bildirdi ki, t\u0259m\u0259li Ulu \u00d6nd\u0259r Heyd\u0259r \u018fliyev t\u0259r\u0259find\u0259n qoyulan aqrar islahatlar bu g\u00fcn c\u0259nab Prezident \u0130lham \u018fliyevin r\u0259hb\u0259rliyi il\u0259 u\u011furla davam etdirilir. Aqrar islahatlar\u0131n h\u0259yata ke\u00e7irilm\u0259sin\u0259 v\u0259 qeyri-neft sektorunun m\u00fch\u00fcm istiqam\u0259ti olan k\u0259nd t\u0259s\u0259rr\u00fcfat\u0131n\u0131n inki\u015faf\u0131na x\u00fcsusi diqq\u0259t yetirilir. G\u00f6r\u00fcl\u0259n i\u015fl\u0259r, m\u0259qs\u0259dy\u00f6nl\u00fc v\u0259 sistemli islahatlar, m\u0259hsul istehsal\u00e7\u0131lar\u0131na h\u0259rt\u0259r\u0259fli d\u00f6vl\u0259t d\u0259st\u0259yi aqrar sektorun inki\u015faf\u0131na stimul yarad\u0131r, emal s\u0259nayesinin inki\u015faf\u0131na yol a\u00e7\u0131r.<\/p>\n<p>T\u0259dbird\u0259 T\u0259rt\u0259r D\u00f6vl\u0259t Aqrar \u0130nki\u015faf M\u0259rk\u0259zinin direktoru Mehman Babayev, \u201cMKT \u0130K\u201d MMC-nin T\u0259rt\u0259r filial\u0131n\u0131n direktoru Feruz Hac\u0131yev, Az\u0259rpamb\u0131q\u201d MMC-nin T\u0259rt\u0259r filial\u0131n\u0131n direktoru F\u0259qani Bab\u0131\u015fov, \u201cAZ AQRO k\u0259nd\u201d MMC-nin direktoru Z\u0259f\u0259r N\u0259sirov, fermer Mirz\u0259 C\u00fcm\u015f\u00fcdov \u00e7\u0131x\u0131\u015f ed\u0259r\u0259k Az\u0259rbaycan Respublikas\u0131n\u0131n Prezidenti c\u0259nab \u0130lham \u018fliyevin r\u0259hb\u0259rliyi il\u0259 regionlar\u0131n social-iqtisadi inki\u015faf\u0131na dair D\u00f6vl\u0259t Proqramlar\u0131 \u00e7\u0259r\u00e7iv\u0259sind\u0259 \u00f6lk\u0259mizd\u0259 \u0259rzaq bollu\u011fu yarad\u0131lmas\u0131 istiqam\u0259tind\u0259 g\u00f6r\u00fclm\u00fc\u015f i\u015fl\u0259rd\u0259n v\u0259 qar\u015f\u0131da duran v\u0259zif\u0259l\u0259rd\u0259n dan\u0131\u015fd\u0131lar. T\u0259rt\u0259r rayonunda bu sah\u0259d\u0259 h\u0259yata ke\u00e7iril\u0259n lahiy\u0259l\u0259ri diqq\u0259t\u0259 \u00e7atd\u0131rd\u0131lar. M\u00f6ht\u0259r\u0259m Prezidentimiz\u0259 k\u0259nd t\u0259s\u0259rr\u00fcfat\u0131 i\u015f\u00e7il\u0259rin\u0259 g\u00f6st\u0259ril\u0259n diqq\u0259t v\u0259 qay\u011f\u0131ya g\u00f6r\u0259 t\u0259rt\u0259rlil\u0259r ad\u0131ndan minn\u0259tdarl\u0131qlar\u0131n\u0131 bildirdil\u0259r.<\/p>\n<p>Sonra rayon r\u0259hb\u0259ri t\u0259r\u0259find\u0259n k\u0259nd t\u0259s\u0259rr\u00fcfat\u0131 sah\u0259sind\u0259 f\u0259rql\u0259n\u0259n bir qrup \u015f\u0259xs F\u0259xri F\u0259rmanla t\u0259ltif olundu<br \/>\n<a href=\"http:\/\/dia.az\/uploads\/posts\/2018-10\/1540987755_05.jpg\"><img title=\"T\u0259rt\u0259rd\u0259 1 Noyabr - K\u0259nd T\u0259s\u0259rr\u00fcfat\u0131 \u0130\u015f\u00e7il\u0259ri G\u00fcn\u00fc  qeyd olundu\" src=\"http:\/\/dia.az\/uploads\/posts\/2018-10\/thumbs\/1540987755_05.jpg\" alt=\"T\u0259rt\u0259rd\u0259 1 Noyabr - K\u0259nd T\u0259s\u0259rr\u00fcfat\u0131 \u0130\u015f\u00e7il\u0259ri G\u00fcn\u00fc  qeyd olundu\" \/><\/a><br \/>\n<a href=\"http:\/\/dia.az\/uploads\/posts\/2018-10\/1540987696_01.jpg\"><img title=\"T\u0259rt\u0259rd\u0259 1 Noyabr - K\u0259nd T\u0259s\u0259rr\u00fcfat\u0131 \u0130\u015f\u00e7il\u0259ri G\u00fcn\u00fc  qeyd olundu\" src=\"http:\/\/dia.az\/uploads\/posts\/2018-10\/thumbs\/1540987696_01.jpg\" alt=\"T\u0259rt\u0259rd\u0259 1 Noyabr - K\u0259nd T\u0259s\u0259rr\u00fcfat\u0131 \u0130\u015f\u00e7il\u0259ri G\u00fcn\u00fc  qeyd olundu\" \/><\/a><br \/>\n<a href=\"http:\/\/dia.az\/uploads\/posts\/2018-10\/1540987728_02.jpg\"><img title=\"T\u0259rt\u0259rd\u0259 1 Noyabr - K\u0259nd T\u0259s\u0259rr\u00fcfat\u0131 \u0130\u015f\u00e7il\u0259ri G\u00fcn\u00fc  qeyd olundu\" src=\"http:\/\/dia.az\/uploads\/posts\/2018-10\/thumbs\/1540987728_02.jpg\" alt=\"T\u0259rt\u0259rd\u0259 1 Noyabr - K\u0259nd T\u0259s\u0259rr\u00fcfat\u0131 \u0130\u015f\u00e7il\u0259ri G\u00fcn\u00fc  qeyd olundu\" \/><\/a><br \/>\n<a href=\"http:\/\/dia.az\/uploads\/posts\/2018-10\/1540987721_03.jpg\"><img title=\"T\u0259rt\u0259rd\u0259 1 Noyabr - K\u0259nd T\u0259s\u0259rr\u00fcfat\u0131 \u0130\u015f\u00e7il\u0259ri G\u00fcn\u00fc  qeyd olundu\" src=\"http:\/\/dia.az\/uploads\/posts\/2018-10\/thumbs\/1540987721_03.jpg\" alt=\"T\u0259rt\u0259rd\u0259 1 Noyabr - K\u0259nd T\u0259s\u0259rr\u00fcfat\u0131 \u0130\u015f\u00e7il\u0259ri G\u00fcn\u00fc  qeyd olundu\" \/><\/a><br \/>\n<a href=\"http:\/\/dia.az\/uploads\/posts\/2018-10\/1540987799_04.jpg\"><img title=\"T\u0259rt\u0259rd\u0259 1 Noyabr - K\u0259nd T\u0259s\u0259rr\u00fcfat\u0131 \u0130\u015f\u00e7il\u0259ri G\u00fcn\u00fc  qeyd olundu\" src=\"http:\/\/dia.az\/uploads\/posts\/2018-10\/thumbs\/1540987799_04.jpg\" alt=\"T\u0259rt\u0259rd\u0259 1 Noyabr - K\u0259nd T\u0259s\u0259rr\u00fcfat\u0131 \u0130\u015f\u00e7il\u0259ri G\u00fcn\u00fc  qeyd olundu\" \/><\/a><\/b><\/p>\n","protected":false},"excerpt":{"rendered":"<p>D\u0130A.AZ: &#8211; \u018fvv\u0259lc\u0259 t\u0259dbir i\u015ftirak\u00e7\u0131lar\u0131 Ulu \u00d6nd\u0259rin abid\u0259si \u00f6n\u00fcn\u0259 g\u00fcl-\u00e7i\u00e7\u0259k d\u0259st\u0259l\u0259ri qoyub, xatir\u0259sini ehtiramla yad etdil\u0259r. ARANTV.AZ\u00a0 x\u0259b\u0259r verir ki, sonra t\u0259dbir rayon G\u0259ncl\u0259r M\u0259rk\u0259zind\u0259 davam etdirildi. T\u0259dbird\u0259 \u00e7\u0131x\u0131\u015f ed\u0259n rayon icra hakimiyy\u0259tinin ba\u015f\u00e7\u0131s\u0131 M\u00fcst\u0259qim M\u0259mm\u0259dov \u00f6nc\u0259 t\u0259dbir i\u015ftirak\u00e7\u0131lar\u0131n\u0131 salamlad\u0131. K\u0259nd T\u0259s\u0259rr\u00fcfat\u0131 \u0130\u015f\u00e7il\u0259ri G\u00fcn\u00fc m\u00fcnasib\u0259ti il\u0259 bu sah\u0259d\u0259 \u00e7al\u0131\u015fan h\u0259r k\u0259si t\u0259brik etdi v\u0259 onlara k\u0259nd t\u0259s\u0259rr\u00fcfat\u0131n\u0131n inki\u015faf etdirilm\u0259sind\u0259, g\u0259l\u0259c\u0259k i\u015fl\u0259rind\u0259 u\u011furlar arzulad\u0131. Rayonda k\u0259nd t\u0259s\u0259rr\u00fcfat\u0131 m\u0259hsullar\u0131n\u0131n istehsal\u0131 sah\u0259sind\u0259 g\u00f6r\u00fclm\u00fc\u015f i\u015fl\u0259rd\u0259n v\u0259 \u0259ld\u0259 olunan u\u011furlardan dan\u0131\u015fd\u0131. Bildirdi ki, t\u0259m\u0259li Ulu \u00d6nd\u0259r Heyd\u0259r \u018fliyev t\u0259r\u0259find\u0259n qoyulan aqrar islahatlar bu g\u00fcn c\u0259nab&hellip;<\/p>\n","protected":false},"author":2,"featured_media":22487,"comment_status":"closed","ping_status":"closed","sticky":false,"template":"","format":"standard","meta":{"om_disable_all_campaigns":false,"_monsterinsights_skip_tracking":false,"_monsterinsights_sitenote_active":false,"_monsterinsights_sitenote_note":"","_monsterinsights_sitenote_category":0},"categories":[2],"tags":[],"aioseo_notices":[],"gutentor_comment":0,"rttpg_featured_image_url":{"full":["https:\/\/arantv.az\/wp-content\/uploads\/2018\/10\/1540987701_0001.jpg",450,300,false],"landscape":["https:\/\/arantv.az\/wp-content\/uploads\/2018\/10\/1540987701_0001.jpg",450,300,false],"portraits":["https:\/\/arantv.az\/wp-content\/uploads\/2018\/10\/1540987701_0001.jpg",450,300,false],"thumbnail":["https:\/\/arantv.az\/wp-content\/uploads\/2018\/10\/1540987701_0001-150x150.jpg",150,150,true],"medium":["https:\/\/arantv.az\/wp-content\/uploads\/2018\/10\/1540987701_0001-300x200.jpg",300,200,true],"large":["https:\/\/arantv.az\/wp-content\/uploads\/2018\/10\/1540987701_0001.jpg",450,300,false],"1536x1536":["https:\/\/arantv.az\/wp-content\/uploads\/2018\/10\/1540987701_0001.jpg",450,300,false],"2048x2048":["https:\/\/arantv.az\/wp-content\/uploads\/2018\/10\/1540987701_0001.jpg",450,300,false],"post-thumbnail":["https:\/\/arantv.az\/wp-content\/uploads\/2018\/10\/1540987701_0001-240x172.jpg",240,172,true],"advps-thumb-one":["https:\/\/arantv.az\/wp-content\/uploads\/2018\/10\/1540987701_0001.jpg",450,300,false]},"rttpg_author":{"display_name":"V\u00fcsal Rafiqo\u011flu","author_link":"https:\/\/arantv.az\/?author=2"},"rttpg_comment":0,"rttpg_category":"<a href=\"https:\/\/arantv.az\/?cat=2\" rel=\"category\">Region X\u0259b\u0259rl\u0259ri<\/a>","rttpg_excerpt":"D\u0130A.AZ: &#8211; \u018fvv\u0259lc\u0259 t\u0259dbir i\u015ftirak\u00e7\u0131lar\u0131 Ulu \u00d6nd\u0259rin abid\u0259si \u00f6n\u00fcn\u0259 g\u00fcl-\u00e7i\u00e7\u0259k d\u0259st\u0259l\u0259ri qoyub, xatir\u0259sini ehtiramla yad etdil\u0259r. ARANTV.AZ\u00a0 x\u0259b\u0259r verir ki, sonra t\u0259dbir rayon G\u0259ncl\u0259r M\u0259rk\u0259zind\u0259 davam etdirildi. T\u0259dbird\u0259 \u00e7\u0131x\u0131\u015f ed\u0259n rayon icra hakimiyy\u0259tinin ba\u015f\u00e7\u0131s\u0131 M\u00fcst\u0259qim M\u0259mm\u0259dov \u00f6nc\u0259 t\u0259dbir i\u015ftirak\u00e7\u0131lar\u0131n\u0131 salamlad\u0131. K\u0259nd T\u0259s\u0259rr\u00fcfat\u0131 \u0130\u015f\u00e7il\u0259ri G\u00fcn\u00fc m\u00fcnasib\u0259ti il\u0259 bu sah\u0259d\u0259 \u00e7al\u0131\u015fan h\u0259r k\u0259si t\u0259brik etdi v\u0259 onlara&hellip;","_links":{"self":[{"href":"https:\/\/arantv.az\/index.php?rest_route=\/wp\/v2\/posts\/22486"}],"collection":[{"href":"https:\/\/arantv.az\/index.php?rest_route=\/wp\/v2\/posts"}],"about":[{"href":"https:\/\/arantv.az\/index.php?rest_route=\/wp\/v2\/types\/post"}],"author":[{"embeddable":true,"href":"https:\/\/arantv.az\/index.php?rest_route=\/wp\/v2\/users\/2"}],"replies":[{"embeddable":true,"href":"https:\/\/arantv.az\/index.php?rest_route=%2Fwp%2Fv2%2Fcomments&post=22486"}],"version-history":[{"count":0,"href":"https:\/\/arantv.az\/index.php?rest_route=\/wp\/v2\/posts\/22486\/revisions"}],"wp:featuredmedia":[{"embeddable":true,"href":"https:\/\/arantv.az\/index.php?rest_route=\/wp\/v2\/media\/22487"}],"wp:attachment":[{"href":"https:\/\/arantv.az\/index.php?rest_route=%2Fwp%2Fv2%2Fmedia&parent=22486"}],"wp:term":[{"taxonomy":"category","embeddable":true,"href":"https:\/\/arantv.az\/index.php?rest_route=%2Fwp%2Fv2%2Fcategories&post=22486"},{"taxonomy":"post_tag","embeddable":true,"href":"https:\/\/arantv.az\/index.php?rest_route=%2Fwp%2Fv2%2Ftags&post=22486"}],"curies":[{"name":"wp","href":"https:\/\/api.w.org\/{rel}","templated":true}]}}