{"id":22497,"date":"2018-11-01T08:20:14","date_gmt":"2018-11-01T05:20:14","guid":{"rendered":"http:\/\/arantv.az\/?p=22497"},"modified":"2018-11-01T08:20:14","modified_gmt":"2018-11-01T05:20:14","slug":"daha-bir-az%c9%99rbaycanli-m%c9%99shur-qadin-alverin%c9%99-gor%c9%99-h%c9%99bs-edildi","status":"publish","type":"post","link":"https:\/\/arantv.az\/?p=22497","title":{"rendered":"Daha bir az\u0259rbaycanl\u0131 m\u0259\u015fhur qad\u0131n alverin\u0259 g\u00f6r\u0259 h\u0259bs edildi"},"content":{"rendered":"<p><strong>\u201c\u0130ntu\u015f\u201d l\u0259q\u0259bli m\u0259\u015fhur stilist \u0130ntizam Yusifov \u0130nsan Alverin\u0259 Qar\u015f\u0131 M\u00fcbariz\u0259 Ba\u015f \u0130dar\u0259si t\u0259r\u0259find\u0259n saxlan\u0131l\u0131b.<\/strong><\/p>\n<p><strong>ARANTV.AZ\u00a0<\/strong> Qafqazinfo-ya istinad\u0259n\u00a0x\u0259b\u0259r verir ki, o, Bak\u0131 \u015f\u0259h\u0259r sakinl\u0259ri olan yetkinlik ya\u015f\u0131na \u00e7atmayan qad\u0131nlar\u0131 fahi\u015f\u0259liy\u0259 c\u0259lb etdiyin\u0259 g\u00f6r\u0259 tutulub.<\/p>\n<p>Stilist N\u0259rimanov rayon m\u0259hk\u0259m\u0259sinin hakimi R\u0259\u015fad Abdulov t\u0259r\u0259find\u0259n h\u0259bs edil\u0259r\u0259k istintaq t\u0259cridxanas\u0131na g\u00f6nd\u0259rilib.<\/p>\n<p>Qeyd ed\u0259k ki, bir m\u00fcdd\u0259t \u0259vv\u0259l prod\u00fcsser T\u0259ran\u0259 S\u0259m\u0259dova da m\u0259hk\u0259m\u0259 q\u0259rar\u0131 il\u0259 qad\u0131n alverin\u0259 g\u00f6r\u0259 azadl\u0131qdan m\u0259hrum edilib.<\/p>\n<div id=\"AdributorNativeVideo0\" class=\"AdributorNativeVideo\"><\/div>\n<p><img src=\"http:\/\/axsam.az\/img\/pics\/large\/2018-10\/164883_82ebvim6dn.jpg\" alt=\"\" align=\"baseline\" border=\"0\" hspace=\"0\" \/><\/p>\n","protected":false},"excerpt":{"rendered":"<p>\u201c\u0130ntu\u015f\u201d l\u0259q\u0259bli m\u0259\u015fhur stilist \u0130ntizam Yusifov \u0130nsan Alverin\u0259 Qar\u015f\u0131 M\u00fcbariz\u0259 Ba\u015f \u0130dar\u0259si t\u0259r\u0259find\u0259n saxlan\u0131l\u0131b. ARANTV.AZ\u00a0 Qafqazinfo-ya istinad\u0259n\u00a0x\u0259b\u0259r verir ki, o, Bak\u0131 \u015f\u0259h\u0259r sakinl\u0259ri olan yetkinlik ya\u015f\u0131na \u00e7atmayan qad\u0131nlar\u0131 fahi\u015f\u0259liy\u0259 c\u0259lb etdiyin\u0259 g\u00f6r\u0259 tutulub. Stilist N\u0259rimanov rayon m\u0259hk\u0259m\u0259sinin hakimi R\u0259\u015fad Abdulov t\u0259r\u0259find\u0259n h\u0259bs edil\u0259r\u0259k istintaq t\u0259cridxanas\u0131na g\u00f6nd\u0259rilib. Qeyd ed\u0259k ki, bir m\u00fcdd\u0259t \u0259vv\u0259l prod\u00fcsser T\u0259ran\u0259 S\u0259m\u0259dova da m\u0259hk\u0259m\u0259 q\u0259rar\u0131 il\u0259 qad\u0131n alverin\u0259 g\u00f6r\u0259 azadl\u0131qdan m\u0259hrum edilib.<\/p>\n","protected":false},"author":2,"featured_media":22498,"comment_status":"closed","ping_status":"closed","sticky":false,"template":"","format":"standard","meta":{"om_disable_all_campaigns":false,"_monsterinsights_skip_tracking":false,"_monsterinsights_sitenote_active":false,"_monsterinsights_sitenote_note":"","_monsterinsights_sitenote_category":0},"categories":[5],"tags":[],"aioseo_notices":[],"gutentor_comment":0,"rttpg_featured_image_url":{"full":["https:\/\/arantv.az\/wp-content\/uploads\/2018\/11\/164882_8xjkym88ru.jpg",717,461,false],"landscape":["https:\/\/arantv.az\/wp-content\/uploads\/2018\/11\/164882_8xjkym88ru.jpg",717,461,false],"portraits":["https:\/\/arantv.az\/wp-content\/uploads\/2018\/11\/164882_8xjkym88ru.jpg",717,461,false],"thumbnail":["https:\/\/arantv.az\/wp-content\/uploads\/2018\/11\/164882_8xjkym88ru-150x150.jpg",150,150,true],"medium":["https:\/\/arantv.az\/wp-content\/uploads\/2018\/11\/164882_8xjkym88ru-300x193.jpg",300,193,true],"large":["https:\/\/arantv.az\/wp-content\/uploads\/2018\/11\/164882_8xjkym88ru.jpg",640,411,false],"1536x1536":["https:\/\/arantv.az\/wp-content\/uploads\/2018\/11\/164882_8xjkym88ru.jpg",717,461,false],"2048x2048":["https:\/\/arantv.az\/wp-content\/uploads\/2018\/11\/164882_8xjkym88ru.jpg",717,461,false],"post-thumbnail":["https:\/\/arantv.az\/wp-content\/uploads\/2018\/11\/164882_8xjkym88ru-240x172.jpg",240,172,true],"advps-thumb-one":["https:\/\/arantv.az\/wp-content\/uploads\/2018\/11\/164882_8xjkym88ru.jpg",717,461,false]},"rttpg_author":{"display_name":"V\u00fcsal Rafiqo\u011flu","author_link":"https:\/\/arantv.az\/?author=2"},"rttpg_comment":0,"rttpg_category":"<a href=\"https:\/\/arantv.az\/?cat=5\" rel=\"category\">Hadis\u0259<\/a>","rttpg_excerpt":"\u201c\u0130ntu\u015f\u201d l\u0259q\u0259bli m\u0259\u015fhur stilist \u0130ntizam Yusifov \u0130nsan Alverin\u0259 Qar\u015f\u0131 M\u00fcbariz\u0259 Ba\u015f \u0130dar\u0259si t\u0259r\u0259find\u0259n saxlan\u0131l\u0131b. ARANTV.AZ\u00a0 Qafqazinfo-ya istinad\u0259n\u00a0x\u0259b\u0259r verir ki, o, Bak\u0131 \u015f\u0259h\u0259r sakinl\u0259ri olan yetkinlik ya\u015f\u0131na \u00e7atmayan qad\u0131nlar\u0131 fahi\u015f\u0259liy\u0259 c\u0259lb etdiyin\u0259 g\u00f6r\u0259 tutulub. Stilist N\u0259rimanov rayon m\u0259hk\u0259m\u0259sinin hakimi R\u0259\u015fad Abdulov t\u0259r\u0259find\u0259n h\u0259bs edil\u0259r\u0259k istintaq t\u0259cridxanas\u0131na g\u00f6nd\u0259rilib. Qeyd ed\u0259k ki, bir m\u00fcdd\u0259t \u0259vv\u0259l prod\u00fcsser T\u0259ran\u0259 S\u0259m\u0259dova&hellip;","_links":{"self":[{"href":"https:\/\/arantv.az\/index.php?rest_route=\/wp\/v2\/posts\/22497"}],"collection":[{"href":"https:\/\/arantv.az\/index.php?rest_route=\/wp\/v2\/posts"}],"about":[{"href":"https:\/\/arantv.az\/index.php?rest_route=\/wp\/v2\/types\/post"}],"author":[{"embeddable":true,"href":"https:\/\/arantv.az\/index.php?rest_route=\/wp\/v2\/users\/2"}],"replies":[{"embeddable":true,"href":"https:\/\/arantv.az\/index.php?rest_route=%2Fwp%2Fv2%2Fcomments&post=22497"}],"version-history":[{"count":0,"href":"https:\/\/arantv.az\/index.php?rest_route=\/wp\/v2\/posts\/22497\/revisions"}],"wp:featuredmedia":[{"embeddable":true,"href":"https:\/\/arantv.az\/index.php?rest_route=\/wp\/v2\/media\/22498"}],"wp:attachment":[{"href":"https:\/\/arantv.az\/index.php?rest_route=%2Fwp%2Fv2%2Fmedia&parent=22497"}],"wp:term":[{"taxonomy":"category","embeddable":true,"href":"https:\/\/arantv.az\/index.php?rest_route=%2Fwp%2Fv2%2Fcategories&post=22497"},{"taxonomy":"post_tag","embeddable":true,"href":"https:\/\/arantv.az\/index.php?rest_route=%2Fwp%2Fv2%2Ftags&post=22497"}],"curies":[{"name":"wp","href":"https:\/\/api.w.org\/{rel}","templated":true}]}}