{"id":22521,"date":"2018-11-01T08:41:49","date_gmt":"2018-11-01T05:41:49","guid":{"rendered":"http:\/\/arantv.az\/?p=22521"},"modified":"2018-11-01T08:41:49","modified_gmt":"2018-11-01T05:41:49","slug":"%c9%99li-h%c9%99s%c9%99nov-mikayil-musfiqin-qaliqlarinin-tapilmasi-il%c9%99-bagli-kiv-d%c9%99-yayilan-materiallar-prezident-ilham-%c9%99liyevin-diqq%c9%99tind%c9%99dir","status":"publish","type":"post","link":"https:\/\/arantv.az\/?p=22521","title":{"rendered":"\u018fli H\u0259s\u0259nov: Mikay\u0131l M\u00fc\u015ffiqin qal\u0131qlar\u0131n\u0131n tap\u0131lmas\u0131 il\u0259 ba\u011fl\u0131 K\u0130V-d\u0259 yay\u0131lan materiallar Prezident \u0130lham \u018fliyevin diqq\u0259tind\u0259dir"},"content":{"rendered":"<p><strong>ARANTV.AZ<\/strong> x\u0259b\u0259r verir ki, Az\u0259rbaycan poeziyas\u0131n\u0131n inki\u015faf\u0131nda b\u00f6y\u00fck rol oyna<span lang=\"AZ-LATIN\">yan<\/span>, Stalin repressiyas\u0131n\u0131n qurban\u0131 ol<span lang=\"AZ-LATIN\">an\u00a0<\/span>v\u0259 1938-ci ild\u0259 g\u00fcll\u0259l\u0259n<span lang=\"AZ-LATIN\">\u0259n\u00a0<\/span>\u015fair Mikay\u0131l M\u00fc\u015ffiqin qal\u0131qlar\u0131n\u0131n tap\u0131lmas\u0131 il\u0259 ba\u011fl\u0131 son zamanlar k\u00fctl\u0259vi informasiya vasit\u0259l\u0259rind\u0259 yay\u0131lan materiallar Prezident \u0130lham \u018fliyevin diqq\u0259tini c\u0259lb edib.<span lang=\"AZ-LATIN\">\u00a0Bu haqda Prezidentin ictimai-siyasi m\u0259s\u0259l\u0259l\u0259r \u00fczr\u0259 k\u00f6m\u0259k\u00e7isi \u018fli H\u0259s\u0259nov m\u0259lumat verib.<\/span><span lang=\"AZ-LATIN\">\u00a0<\/span><\/p>\n<p><span lang=\"AZ-LATIN\">Prezident \u0130lham \u018fliyevin m\u0259s\u0259l\u0259nin ara\u015fd\u0131r\u0131lmas\u0131 \u00fc\u00e7\u00fcn Milli Elml\u0259r Akademiyas\u0131, S\u0259hiyy\u0259, M\u0259d\u0259niyy\u0259t nazirlikl\u0259ri v\u0259 dig\u0259r \u0259laq\u0259dar qurumlar\u0131n n\u00fcmay\u0259nd\u0259l\u0259rind\u0259n ibar\u0259t i\u015f\u00e7i qrupun yarad\u0131lmas\u0131 bar\u0259d\u0259 g\u00f6st\u0259ri\u015f verdiyini dey\u0259n Prezidentin ictimai-siyasi m\u0259s\u0259l\u0259l\u0259r \u00fczr\u0259 k\u00f6m\u0259k\u00e7isi \u018fli H\u0259s\u0259novun s\u00f6zl\u0259rin\u0259 g\u00f6r\u0259, tap\u015f\u0131r\u0131\u011fa \u0259sas\u0259n, Mikay\u0131l M\u00fc\u015ffiq\u0259 m\u0259xsus oldu\u011fu ehtimal edil\u0259n qal\u0131qlar m\u00fcvafiq qaydada DNK ekspertizas\u0131ndan ke\u00e7iril\u0259c\u0259k. \u018fg\u0259r qal\u0131qlar\u0131n h\u0259qiq\u0259t\u0259n ona m\u0259xsus oldu\u011fu t\u0259sdiqini taparsa, \u015fairin yenid\u0259n d\u0259fn olunmas\u0131 il\u0259 ba\u011fl\u0131 b\u00fct\u00fcn z\u0259ruri t\u0259dbirl\u0259r g\u00f6r\u00fcl\u0259c\u0259k. \u018fli H\u0259s\u0259nov onu da qeyd edib ki, Az\u0259rbaycan Prezidenti h\u0259mi\u015f\u0259 Az\u0259rbaycan m\u0259d\u0259niyy\u0259tin\u0259, m\u0259d\u0259niyy\u0259t v\u0259 inc\u0259s\u0259n\u0259t xadiml\u0259rin\u0259, x\u00fcsusil\u0259 repressiya qurban\u0131 olan ziyal\u0131lar\u0131m\u0131z\u0131n xatir\u0259sin\u0259 b\u00f6y\u00fck diqq\u0259tl\u0259 yana\u015f\u0131b. Bunun bariz n\u00fcmun\u0259si kimi, d\u00f6vl\u0259t ba\u015f\u00e7\u0131s\u0131n\u0131n 2017-ci ilin fevral\u0131nda Bak\u0131n\u0131n Yasamal rayonu \u0259razisind\u0259 ke\u00e7mi\u015f Statistika dair\u0259si adlanan yerd\u0259 Mikay\u0131l M\u00fc\u015ffiqin heyk\u0259linin demontaj\u0131na m\u00fcnasib\u0259tini g\u00f6st\u0259rm\u0259k olar. O vaxt Prezident \u0130lham \u018fliyev m\u0259s\u0259l\u0259nin ara\u015fd\u0131r\u0131lmas\u0131, g\u00fcnahkarlar\u0131n c\u0259zaland\u0131r\u0131lmas\u0131, heyk\u0259lin d\u0259rhal \u00f6z yerind\u0259 b\u0259rpa olunmas\u0131 il\u0259 ba\u011fl\u0131 tap\u015f\u0131r\u0131q verdi, h\u0259min g\u00f6st\u0259ri\u015fin q\u0131sa zamanda icra olunmas\u0131ndan sonra da heyk\u0259li ziyar\u0259t etdi v\u0259 \u00f6n\u00fcn\u0259 g\u00fcl d\u0259st\u0259si qoydu. Mikay\u0131l M\u00fc\u015ffiqin qal\u0131qlar\u0131n\u0131n a\u015fkar olunmas\u0131 bar\u0259d\u0259 yay\u0131lan m\u0259lumatlar\u0131n haz\u0131rda d\u00f6vl\u0259t ba\u015f\u00e7\u0131s\u0131n\u0131n n\u0259zar\u0259tind\u0259 oldu\u011funu qeyd ed\u0259n \u018fli H\u0259s\u0259nov m\u0259s\u0259l\u0259nin ciddi ara\u015fd\u0131r\u0131lmas\u0131 il\u0259 ba\u011fl\u0131 q\u0131sa zamanda m\u00fcvafiq t\u0259dbirl\u0259rin g\u00f6r\u00fcl\u0259c\u0259yin\u0259 v\u0259 n\u0259tic\u0259 bar\u0259d\u0259 ictimaiyy\u0259t\u0259 m\u0259lumat veril\u0259c\u0259yin\u0259 \u0259minliyini ifad\u0259 etdi.\u00a0<\/span><span lang=\"AZ-LATIN\">\u00a0<\/span><\/p>\n","protected":false},"excerpt":{"rendered":"<p>ARANTV.AZ x\u0259b\u0259r verir ki, Az\u0259rbaycan poeziyas\u0131n\u0131n inki\u015faf\u0131nda b\u00f6y\u00fck rol oynayan, Stalin repressiyas\u0131n\u0131n qurban\u0131 olan\u00a0v\u0259 1938-ci ild\u0259 g\u00fcll\u0259l\u0259n\u0259n\u00a0\u015fair Mikay\u0131l M\u00fc\u015ffiqin qal\u0131qlar\u0131n\u0131n tap\u0131lmas\u0131 il\u0259 ba\u011fl\u0131 son zamanlar k\u00fctl\u0259vi informasiya vasit\u0259l\u0259rind\u0259 yay\u0131lan materiallar Prezident \u0130lham \u018fliyevin diqq\u0259tini c\u0259lb edib.\u00a0Bu haqda Prezidentin ictimai-siyasi m\u0259s\u0259l\u0259l\u0259r \u00fczr\u0259 k\u00f6m\u0259k\u00e7isi \u018fli H\u0259s\u0259nov m\u0259lumat verib.\u00a0 Prezident \u0130lham \u018fliyevin m\u0259s\u0259l\u0259nin ara\u015fd\u0131r\u0131lmas\u0131 \u00fc\u00e7\u00fcn Milli Elml\u0259r Akademiyas\u0131, S\u0259hiyy\u0259, M\u0259d\u0259niyy\u0259t nazirlikl\u0259ri v\u0259 dig\u0259r \u0259laq\u0259dar qurumlar\u0131n n\u00fcmay\u0259nd\u0259l\u0259rind\u0259n ibar\u0259t i\u015f\u00e7i qrupun yarad\u0131lmas\u0131 bar\u0259d\u0259 g\u00f6st\u0259ri\u015f verdiyini dey\u0259n Prezidentin ictimai-siyasi m\u0259s\u0259l\u0259l\u0259r \u00fczr\u0259 k\u00f6m\u0259k\u00e7isi \u018fli H\u0259s\u0259novun s\u00f6zl\u0259rin\u0259 g\u00f6r\u0259, tap\u015f\u0131r\u0131\u011fa \u0259sas\u0259n, Mikay\u0131l M\u00fc\u015ffiq\u0259 m\u0259xsus oldu\u011fu ehtimal edil\u0259n qal\u0131qlar m\u00fcvafiq&hellip;<\/p>\n","protected":false},"author":2,"featured_media":22522,"comment_status":"closed","ping_status":"closed","sticky":false,"template":"","format":"standard","meta":{"om_disable_all_campaigns":false,"_monsterinsights_skip_tracking":false,"_monsterinsights_sitenote_active":false,"_monsterinsights_sitenote_note":"","_monsterinsights_sitenote_category":0},"categories":[4],"tags":[],"aioseo_notices":[],"gutentor_comment":0,"rttpg_featured_image_url":{"full":["https:\/\/arantv.az\/wp-content\/uploads\/2018\/11\/2hnep1odcnbqqkvolt5h8o6fe1eli.jpg",462,315,false],"landscape":["https:\/\/arantv.az\/wp-content\/uploads\/2018\/11\/2hnep1odcnbqqkvolt5h8o6fe1eli.jpg",462,315,false],"portraits":["https:\/\/arantv.az\/wp-content\/uploads\/2018\/11\/2hnep1odcnbqqkvolt5h8o6fe1eli.jpg",462,315,false],"thumbnail":["https:\/\/arantv.az\/wp-content\/uploads\/2018\/11\/2hnep1odcnbqqkvolt5h8o6fe1eli-150x150.jpg",150,150,true],"medium":["https:\/\/arantv.az\/wp-content\/uploads\/2018\/11\/2hnep1odcnbqqkvolt5h8o6fe1eli-300x205.jpg",300,205,true],"large":["https:\/\/arantv.az\/wp-content\/uploads\/2018\/11\/2hnep1odcnbqqkvolt5h8o6fe1eli.jpg",462,315,false],"1536x1536":["https:\/\/arantv.az\/wp-content\/uploads\/2018\/11\/2hnep1odcnbqqkvolt5h8o6fe1eli.jpg",462,315,false],"2048x2048":["https:\/\/arantv.az\/wp-content\/uploads\/2018\/11\/2hnep1odcnbqqkvolt5h8o6fe1eli.jpg",462,315,false],"post-thumbnail":["https:\/\/arantv.az\/wp-content\/uploads\/2018\/11\/2hnep1odcnbqqkvolt5h8o6fe1eli-240x172.jpg",240,172,true],"advps-thumb-one":["https:\/\/arantv.az\/wp-content\/uploads\/2018\/11\/2hnep1odcnbqqkvolt5h8o6fe1eli.jpg",462,315,false]},"rttpg_author":{"display_name":"V\u00fcsal Rafiqo\u011flu","author_link":"https:\/\/arantv.az\/?author=2"},"rttpg_comment":0,"rttpg_category":"<a href=\"https:\/\/arantv.az\/?cat=4\" rel=\"category\">Siyas\u0259t<\/a>","rttpg_excerpt":"ARANTV.AZ x\u0259b\u0259r verir ki, Az\u0259rbaycan poeziyas\u0131n\u0131n inki\u015faf\u0131nda b\u00f6y\u00fck rol oynayan, Stalin repressiyas\u0131n\u0131n qurban\u0131 olan\u00a0v\u0259 1938-ci ild\u0259 g\u00fcll\u0259l\u0259n\u0259n\u00a0\u015fair Mikay\u0131l M\u00fc\u015ffiqin qal\u0131qlar\u0131n\u0131n tap\u0131lmas\u0131 il\u0259 ba\u011fl\u0131 son zamanlar k\u00fctl\u0259vi informasiya vasit\u0259l\u0259rind\u0259 yay\u0131lan materiallar Prezident \u0130lham \u018fliyevin diqq\u0259tini c\u0259lb edib.\u00a0Bu haqda Prezidentin ictimai-siyasi m\u0259s\u0259l\u0259l\u0259r \u00fczr\u0259 k\u00f6m\u0259k\u00e7isi \u018fli H\u0259s\u0259nov m\u0259lumat verib.\u00a0 Prezident \u0130lham \u018fliyevin m\u0259s\u0259l\u0259nin ara\u015fd\u0131r\u0131lmas\u0131 \u00fc\u00e7\u00fcn Milli Elml\u0259r Akademiyas\u0131,&hellip;","_links":{"self":[{"href":"https:\/\/arantv.az\/index.php?rest_route=\/wp\/v2\/posts\/22521"}],"collection":[{"href":"https:\/\/arantv.az\/index.php?rest_route=\/wp\/v2\/posts"}],"about":[{"href":"https:\/\/arantv.az\/index.php?rest_route=\/wp\/v2\/types\/post"}],"author":[{"embeddable":true,"href":"https:\/\/arantv.az\/index.php?rest_route=\/wp\/v2\/users\/2"}],"replies":[{"embeddable":true,"href":"https:\/\/arantv.az\/index.php?rest_route=%2Fwp%2Fv2%2Fcomments&post=22521"}],"version-history":[{"count":0,"href":"https:\/\/arantv.az\/index.php?rest_route=\/wp\/v2\/posts\/22521\/revisions"}],"wp:featuredmedia":[{"embeddable":true,"href":"https:\/\/arantv.az\/index.php?rest_route=\/wp\/v2\/media\/22522"}],"wp:attachment":[{"href":"https:\/\/arantv.az\/index.php?rest_route=%2Fwp%2Fv2%2Fmedia&parent=22521"}],"wp:term":[{"taxonomy":"category","embeddable":true,"href":"https:\/\/arantv.az\/index.php?rest_route=%2Fwp%2Fv2%2Fcategories&post=22521"},{"taxonomy":"post_tag","embeddable":true,"href":"https:\/\/arantv.az\/index.php?rest_route=%2Fwp%2Fv2%2Ftags&post=22521"}],"curies":[{"name":"wp","href":"https:\/\/api.w.org\/{rel}","templated":true}]}}