{"id":22531,"date":"2018-11-01T08:49:33","date_gmt":"2018-11-01T05:49:33","guid":{"rendered":"http:\/\/arantv.az\/?p=22531"},"modified":"2018-11-01T08:49:33","modified_gmt":"2018-11-01T05:49:33","slug":"dagistan-v%c9%99-az%c9%99rbaycani-d%c9%99miryolu-birl%c9%99sdir%c9%99c%c9%99k","status":"publish","type":"post","link":"https:\/\/arantv.az\/?p=22531","title":{"rendered":"Da\u011f\u0131stan v\u0259 Az\u0259rbaycan\u0131 d\u0259miryolu birl\u0259\u015fdir\u0259c\u0259k"},"content":{"rendered":"<p>Az\u0259rbaycan v\u0259 Da\u011f\u0131stan\u0131 daimi d\u0259miryolu x\u0259tti birl\u0259\u015fdir\u0259c\u0259k.<\/p>\n<p><strong>ARANTV.AZ\u00a0<\/strong>\u00a0x\u0259b\u0259r verir ki, bu s\u00f6zl\u0259ri Da\u011f\u0131stan r\u0259hb\u0259ri\u00a0<strong>Vladimir Vasilyev\u00a0<\/strong>deyib.<\/p>\n<p>\u201c\u0130ndiy\u0259d\u0259k istifad\u0259y\u0259 verilm\u0259y\u0259n b\u00f6y\u00fck n\u0259qliyyat imkanlar\u0131m\u0131z var. Biz Bak\u0131 il\u0259 daimi d\u0259miryol x\u0259ttini haz\u0131rlay\u0131r\u0131q\u201d, &#8211; Vasilyev bildirib.<\/p>\n<div id=\"AdributorNativeVideo0\" class=\"AdributorNativeVideo\"><\/div>\n<p>Onun s\u00f6zl\u0259rin\u0259 g\u00f6r\u0259, bu, h\u0259r iki \u00f6lk\u0259nin iqtisadiyyat\u0131n\u0131 inki\u015faf etdir\u0259c\u0259k.<\/p>\n<p>Bu ilin aprelind\u0259 Maha\u00e7qala v\u0259 Bak\u0131 aras\u0131nda yeni d\u0259miryolu x\u0259ttinin m\u00fczakir\u0259l\u0259rin\u0259 ba\u015flan\u0131l\u0131b. Bundan ba\u015fqa, Bak\u0131-Maha\u00e7qala istiqam\u0259tind\u0259 birba\u015fa aviareysl\u0259rin a\u00e7\u0131lmas\u0131 planla\u015fd\u0131r\u0131l\u0131r. oxu.az<\/p>\n","protected":false},"excerpt":{"rendered":"<p>Az\u0259rbaycan v\u0259 Da\u011f\u0131stan\u0131 daimi d\u0259miryolu x\u0259tti birl\u0259\u015fdir\u0259c\u0259k. ARANTV.AZ\u00a0\u00a0x\u0259b\u0259r verir ki, bu s\u00f6zl\u0259ri Da\u011f\u0131stan r\u0259hb\u0259ri\u00a0Vladimir Vasilyev\u00a0deyib. \u201c\u0130ndiy\u0259d\u0259k istifad\u0259y\u0259 verilm\u0259y\u0259n b\u00f6y\u00fck n\u0259qliyyat imkanlar\u0131m\u0131z var. Biz Bak\u0131 il\u0259 daimi d\u0259miryol x\u0259ttini haz\u0131rlay\u0131r\u0131q\u201d, &#8211; Vasilyev bildirib. Onun s\u00f6zl\u0259rin\u0259 g\u00f6r\u0259, bu, h\u0259r iki \u00f6lk\u0259nin iqtisadiyyat\u0131n\u0131 inki\u015faf etdir\u0259c\u0259k. Bu ilin aprelind\u0259 Maha\u00e7qala v\u0259 Bak\u0131 aras\u0131nda yeni d\u0259miryolu x\u0259ttinin m\u00fczakir\u0259l\u0259rin\u0259 ba\u015flan\u0131l\u0131b. Bundan ba\u015fqa, Bak\u0131-Maha\u00e7qala istiqam\u0259tind\u0259 birba\u015fa aviareysl\u0259rin a\u00e7\u0131lmas\u0131 planla\u015fd\u0131r\u0131l\u0131r. oxu.az<\/p>\n","protected":false},"author":2,"featured_media":22532,"comment_status":"closed","ping_status":"closed","sticky":false,"template":"","format":"standard","meta":{"om_disable_all_campaigns":false,"_monsterinsights_skip_tracking":false,"_monsterinsights_sitenote_active":false,"_monsterinsights_sitenote_note":"","_monsterinsights_sitenote_category":0},"categories":[1],"tags":[],"aioseo_notices":[],"gutentor_comment":0,"rttpg_featured_image_url":{"full":["https:\/\/arantv.az\/wp-content\/uploads\/2018\/11\/demir.jpg",620,420,false],"landscape":["https:\/\/arantv.az\/wp-content\/uploads\/2018\/11\/demir.jpg",620,420,false],"portraits":["https:\/\/arantv.az\/wp-content\/uploads\/2018\/11\/demir.jpg",620,420,false],"thumbnail":["https:\/\/arantv.az\/wp-content\/uploads\/2018\/11\/demir-150x150.jpg",150,150,true],"medium":["https:\/\/arantv.az\/wp-content\/uploads\/2018\/11\/demir-300x203.jpg",300,203,true],"large":["https:\/\/arantv.az\/wp-content\/uploads\/2018\/11\/demir.jpg",620,420,false],"1536x1536":["https:\/\/arantv.az\/wp-content\/uploads\/2018\/11\/demir.jpg",620,420,false],"2048x2048":["https:\/\/arantv.az\/wp-content\/uploads\/2018\/11\/demir.jpg",620,420,false],"post-thumbnail":["https:\/\/arantv.az\/wp-content\/uploads\/2018\/11\/demir-240x172.jpg",240,172,true],"advps-thumb-one":["https:\/\/arantv.az\/wp-content\/uploads\/2018\/11\/demir.jpg",620,420,false]},"rttpg_author":{"display_name":"V\u00fcsal Rafiqo\u011flu","author_link":"https:\/\/arantv.az\/?author=2"},"rttpg_comment":0,"rttpg_category":"<a href=\"https:\/\/arantv.az\/?cat=1\" rel=\"category\">C\u0259miyy\u0259t<\/a>","rttpg_excerpt":"Az\u0259rbaycan v\u0259 Da\u011f\u0131stan\u0131 daimi d\u0259miryolu x\u0259tti birl\u0259\u015fdir\u0259c\u0259k. ARANTV.AZ\u00a0\u00a0x\u0259b\u0259r verir ki, bu s\u00f6zl\u0259ri Da\u011f\u0131stan r\u0259hb\u0259ri\u00a0Vladimir Vasilyev\u00a0deyib. \u201c\u0130ndiy\u0259d\u0259k istifad\u0259y\u0259 verilm\u0259y\u0259n b\u00f6y\u00fck n\u0259qliyyat imkanlar\u0131m\u0131z var. Biz Bak\u0131 il\u0259 daimi d\u0259miryol x\u0259ttini haz\u0131rlay\u0131r\u0131q\u201d, &#8211; Vasilyev bildirib. Onun s\u00f6zl\u0259rin\u0259 g\u00f6r\u0259, bu, h\u0259r iki \u00f6lk\u0259nin iqtisadiyyat\u0131n\u0131 inki\u015faf etdir\u0259c\u0259k. Bu ilin aprelind\u0259 Maha\u00e7qala v\u0259 Bak\u0131 aras\u0131nda yeni d\u0259miryolu x\u0259ttinin m\u00fczakir\u0259l\u0259rin\u0259 ba\u015flan\u0131l\u0131b. Bundan&hellip;","_links":{"self":[{"href":"https:\/\/arantv.az\/index.php?rest_route=\/wp\/v2\/posts\/22531"}],"collection":[{"href":"https:\/\/arantv.az\/index.php?rest_route=\/wp\/v2\/posts"}],"about":[{"href":"https:\/\/arantv.az\/index.php?rest_route=\/wp\/v2\/types\/post"}],"author":[{"embeddable":true,"href":"https:\/\/arantv.az\/index.php?rest_route=\/wp\/v2\/users\/2"}],"replies":[{"embeddable":true,"href":"https:\/\/arantv.az\/index.php?rest_route=%2Fwp%2Fv2%2Fcomments&post=22531"}],"version-history":[{"count":0,"href":"https:\/\/arantv.az\/index.php?rest_route=\/wp\/v2\/posts\/22531\/revisions"}],"wp:featuredmedia":[{"embeddable":true,"href":"https:\/\/arantv.az\/index.php?rest_route=\/wp\/v2\/media\/22532"}],"wp:attachment":[{"href":"https:\/\/arantv.az\/index.php?rest_route=%2Fwp%2Fv2%2Fmedia&parent=22531"}],"wp:term":[{"taxonomy":"category","embeddable":true,"href":"https:\/\/arantv.az\/index.php?rest_route=%2Fwp%2Fv2%2Fcategories&post=22531"},{"taxonomy":"post_tag","embeddable":true,"href":"https:\/\/arantv.az\/index.php?rest_route=%2Fwp%2Fv2%2Ftags&post=22531"}],"curies":[{"name":"wp","href":"https:\/\/api.w.org\/{rel}","templated":true}]}}