{"id":22540,"date":"2018-11-01T08:59:14","date_gmt":"2018-11-01T05:59:14","guid":{"rendered":"http:\/\/arantv.az\/?p=22540"},"modified":"2018-11-01T08:59:14","modified_gmt":"2018-11-01T05:59:14","slug":"bakida-agir-q%c9%99za-ol%c9%99n-var-2","status":"publish","type":"post","link":"https:\/\/arantv.az\/?p=22540","title":{"rendered":"Bak\u0131da a\u011f\u0131r q\u0259za: \u00f6l\u0259n var"},"content":{"rendered":"<p><strong>Bak\u0131da \u00f6l\u00fcml\u0259 n\u0259tic\u0259l\u0259n\u0259n yol q\u0259zas\u0131 ba\u015f verib.<\/strong><\/p>\n<p><b>ARANTV.AZ\u00a0<\/b>x\u0259b\u0259r verir ki, saat 05:50 rad\u0259l\u0259rind\u0259 Qarada\u011f rayonu L\u00f6kbatan q\u0259s\u0259b\u0259si \u0259razisind\u0259 \u201cDaewoo\u201d markal\u0131 90 JX 738 d\u00f6vl\u0259t qeydiyyat ni\u015fanl\u0131 avtomobil yolu ke\u00e7\u0259n 25-30 ya\u015fl\u0131 ki\u015fini vurub. A\u011f\u0131r x\u0259sar\u0259t alan piyadan\u0131n h\u0259yat\u0131n\u0131 xilas etm\u0259k m\u00fcmk\u00fcn olmay\u0131b.<\/p>\n<p>Faktla ba\u011fl\u0131 Qarada\u015f rayon Polis \u0130dar\u0259sind\u0259 cinay\u0259t i\u015fi a\u00e7\u0131l\u0131b, ara\u015fd\u0131rma apar\u0131l\u0131r.publika.az<\/p>\n","protected":false},"excerpt":{"rendered":"<p>Bak\u0131da \u00f6l\u00fcml\u0259 n\u0259tic\u0259l\u0259n\u0259n yol q\u0259zas\u0131 ba\u015f verib. ARANTV.AZ\u00a0x\u0259b\u0259r verir ki, saat 05:50 rad\u0259l\u0259rind\u0259 Qarada\u011f rayonu L\u00f6kbatan q\u0259s\u0259b\u0259si \u0259razisind\u0259 \u201cDaewoo\u201d markal\u0131 90 JX 738 d\u00f6vl\u0259t qeydiyyat ni\u015fanl\u0131 avtomobil yolu ke\u00e7\u0259n 25-30 ya\u015fl\u0131 ki\u015fini vurub. A\u011f\u0131r x\u0259sar\u0259t alan piyadan\u0131n h\u0259yat\u0131n\u0131 xilas etm\u0259k m\u00fcmk\u00fcn olmay\u0131b. Faktla ba\u011fl\u0131 Qarada\u015f rayon Polis \u0130dar\u0259sind\u0259 cinay\u0259t i\u015fi a\u00e7\u0131l\u0131b, ara\u015fd\u0131rma apar\u0131l\u0131r.publika.az<\/p>\n","protected":false},"author":2,"featured_media":22541,"comment_status":"closed","ping_status":"closed","sticky":false,"template":"","format":"standard","meta":{"om_disable_all_campaigns":false,"_monsterinsights_skip_tracking":false,"_monsterinsights_sitenote_active":false,"_monsterinsights_sitenote_note":"","_monsterinsights_sitenote_category":0},"categories":[5],"tags":[],"aioseo_notices":[],"gutentor_comment":0,"rttpg_featured_image_url":{"full":["https:\/\/arantv.az\/wp-content\/uploads\/2018\/11\/meyit.jpg",800,450,false],"landscape":["https:\/\/arantv.az\/wp-content\/uploads\/2018\/11\/meyit.jpg",800,450,false],"portraits":["https:\/\/arantv.az\/wp-content\/uploads\/2018\/11\/meyit.jpg",800,450,false],"thumbnail":["https:\/\/arantv.az\/wp-content\/uploads\/2018\/11\/meyit-150x150.jpg",150,150,true],"medium":["https:\/\/arantv.az\/wp-content\/uploads\/2018\/11\/meyit-300x169.jpg",300,169,true],"large":["https:\/\/arantv.az\/wp-content\/uploads\/2018\/11\/meyit.jpg",640,360,false],"1536x1536":["https:\/\/arantv.az\/wp-content\/uploads\/2018\/11\/meyit.jpg",800,450,false],"2048x2048":["https:\/\/arantv.az\/wp-content\/uploads\/2018\/11\/meyit.jpg",800,450,false],"post-thumbnail":["https:\/\/arantv.az\/wp-content\/uploads\/2018\/11\/meyit-240x172.jpg",240,172,true],"advps-thumb-one":["https:\/\/arantv.az\/wp-content\/uploads\/2018\/11\/meyit.jpg",800,450,false]},"rttpg_author":{"display_name":"V\u00fcsal Rafiqo\u011flu","author_link":"https:\/\/arantv.az\/?author=2"},"rttpg_comment":0,"rttpg_category":"<a href=\"https:\/\/arantv.az\/?cat=5\" rel=\"category\">Hadis\u0259<\/a>","rttpg_excerpt":"Bak\u0131da \u00f6l\u00fcml\u0259 n\u0259tic\u0259l\u0259n\u0259n yol q\u0259zas\u0131 ba\u015f verib. ARANTV.AZ\u00a0x\u0259b\u0259r verir ki, saat 05:50 rad\u0259l\u0259rind\u0259 Qarada\u011f rayonu L\u00f6kbatan q\u0259s\u0259b\u0259si \u0259razisind\u0259 \u201cDaewoo\u201d markal\u0131 90 JX 738 d\u00f6vl\u0259t qeydiyyat ni\u015fanl\u0131 avtomobil yolu ke\u00e7\u0259n 25-30 ya\u015fl\u0131 ki\u015fini vurub. A\u011f\u0131r x\u0259sar\u0259t alan piyadan\u0131n h\u0259yat\u0131n\u0131 xilas etm\u0259k m\u00fcmk\u00fcn olmay\u0131b. Faktla ba\u011fl\u0131 Qarada\u015f rayon Polis \u0130dar\u0259sind\u0259 cinay\u0259t i\u015fi a\u00e7\u0131l\u0131b, ara\u015fd\u0131rma apar\u0131l\u0131r.publika.az","_links":{"self":[{"href":"https:\/\/arantv.az\/index.php?rest_route=\/wp\/v2\/posts\/22540"}],"collection":[{"href":"https:\/\/arantv.az\/index.php?rest_route=\/wp\/v2\/posts"}],"about":[{"href":"https:\/\/arantv.az\/index.php?rest_route=\/wp\/v2\/types\/post"}],"author":[{"embeddable":true,"href":"https:\/\/arantv.az\/index.php?rest_route=\/wp\/v2\/users\/2"}],"replies":[{"embeddable":true,"href":"https:\/\/arantv.az\/index.php?rest_route=%2Fwp%2Fv2%2Fcomments&post=22540"}],"version-history":[{"count":0,"href":"https:\/\/arantv.az\/index.php?rest_route=\/wp\/v2\/posts\/22540\/revisions"}],"wp:featuredmedia":[{"embeddable":true,"href":"https:\/\/arantv.az\/index.php?rest_route=\/wp\/v2\/media\/22541"}],"wp:attachment":[{"href":"https:\/\/arantv.az\/index.php?rest_route=%2Fwp%2Fv2%2Fmedia&parent=22540"}],"wp:term":[{"taxonomy":"category","embeddable":true,"href":"https:\/\/arantv.az\/index.php?rest_route=%2Fwp%2Fv2%2Fcategories&post=22540"},{"taxonomy":"post_tag","embeddable":true,"href":"https:\/\/arantv.az\/index.php?rest_route=%2Fwp%2Fv2%2Ftags&post=22540"}],"curies":[{"name":"wp","href":"https:\/\/api.w.org\/{rel}","templated":true}]}}