{"id":22552,"date":"2018-11-01T09:19:41","date_gmt":"2018-11-01T06:19:41","guid":{"rendered":"http:\/\/arantv.az\/?p=22552"},"modified":"2018-11-01T09:19:41","modified_gmt":"2018-11-01T06:19:41","slug":"iranda-hava-taksil%c9%99ri-istifad%c9%99y%c9%99-veril%c9%99c%c9%99k","status":"publish","type":"post","link":"https:\/\/arantv.az\/?p=22552","title":{"rendered":"\u0130randa hava taksil\u0259ri istifad\u0259y\u0259 veril\u0259c\u0259k"},"content":{"rendered":"<blockquote><p><em><strong>\u0130ran\u0131n Simnan vilay\u0259tinin m\u0259rk\u0259zi aeroportunda iqtisadi f\u0259allar\u0131 v\u0259 investorlar\u0131 da\u015f\u0131maq \u00fc\u00e7\u00fcn hava taksil\u0259rinin istifad\u0259y\u0259 verilm\u0259si n\u0259z\u0259rd\u0259 tutulur.<\/strong><\/em><\/p><\/blockquote>\n<p><strong>ARANTV.AZ<\/strong> trend-\u0259 istinad\u0259n x\u0259b\u0259r verir ki, bunu \u0130ran\u0131n Simnan vilay\u0259ti S\u0259naye \u015e\u0259h\u0259rcikl\u0259ri \u015eirk\u0259tinin icra\u00e7\u0131 direktoru H\u0259s\u0259n Al-Buy\u0259 deyib.<\/p>\n<p>Onun s\u00f6zl\u0259rin\u0259 g\u00f6r\u0259, paytaxt Tehranda bir \u00e7ox iqtisadi f\u0259al\u0131n ofisi var v\u0259 hava taksil\u0259rinin istifad\u0259y\u0259 verilm\u0259si onlar\u0131n Simnan vilay\u0259tin\u0259 g\u0259tirilm\u0259sind\u0259 \u00e7ox \u0259h\u0259miyy\u0259tlidir.<\/p>\n<div id=\"AdributorNativeVideo0\" class=\"AdributorNativeVideo\"><\/div>\n<p>Al-Buy\u0259 \u0259lav\u0259 edib ki, Simnan\u0131n m\u0259rk\u0259zind\u0259 bu imkan\u0131n yarad\u0131lmas\u0131 vilay\u0259td\u0259 investisiya strukturlar\u0131n\u0131 m\u00f6hk\u0259ml\u0259ndir\u0259c\u0259k. Eyni zamanda, \u00f6lk\u0259nin v\u0259 d\u00fcnyan\u0131n m\u00fcxt\u0259lif yerl\u0259rin\u0259 m\u0259hsul ixrac\u0131na t\u0259kan ver\u0259c\u0259k.<\/p>\n","protected":false},"excerpt":{"rendered":"<p>\u0130ran\u0131n Simnan vilay\u0259tinin m\u0259rk\u0259zi aeroportunda iqtisadi f\u0259allar\u0131 v\u0259 investorlar\u0131 da\u015f\u0131maq \u00fc\u00e7\u00fcn hava taksil\u0259rinin istifad\u0259y\u0259 verilm\u0259si n\u0259z\u0259rd\u0259 tutulur. ARANTV.AZ trend-\u0259 istinad\u0259n x\u0259b\u0259r verir ki, bunu \u0130ran\u0131n Simnan vilay\u0259ti S\u0259naye \u015e\u0259h\u0259rcikl\u0259ri \u015eirk\u0259tinin icra\u00e7\u0131 direktoru H\u0259s\u0259n Al-Buy\u0259 deyib. Onun s\u00f6zl\u0259rin\u0259 g\u00f6r\u0259, paytaxt Tehranda bir \u00e7ox iqtisadi f\u0259al\u0131n ofisi var v\u0259 hava taksil\u0259rinin istifad\u0259y\u0259 verilm\u0259si onlar\u0131n Simnan vilay\u0259tin\u0259 g\u0259tirilm\u0259sind\u0259 \u00e7ox \u0259h\u0259miyy\u0259tlidir. Al-Buy\u0259 \u0259lav\u0259 edib ki, Simnan\u0131n m\u0259rk\u0259zind\u0259 bu imkan\u0131n yarad\u0131lmas\u0131 vilay\u0259td\u0259 investisiya strukturlar\u0131n\u0131 m\u00f6hk\u0259ml\u0259ndir\u0259c\u0259k. Eyni zamanda, \u00f6lk\u0259nin v\u0259 d\u00fcnyan\u0131n m\u00fcxt\u0259lif yerl\u0259rin\u0259 m\u0259hsul ixrac\u0131na t\u0259kan ver\u0259c\u0259k.<\/p>\n","protected":false},"author":2,"featured_media":22553,"comment_status":"closed","ping_status":"closed","sticky":false,"template":"","format":"standard","meta":{"om_disable_all_campaigns":false,"_monsterinsights_skip_tracking":false,"_monsterinsights_sitenote_active":false,"_monsterinsights_sitenote_note":"","_monsterinsights_sitenote_category":0},"categories":[7],"tags":[],"aioseo_notices":[],"gutentor_comment":0,"rttpg_featured_image_url":{"full":["https:\/\/arantv.az\/wp-content\/uploads\/2018\/11\/699778.jpg",800,600,false],"landscape":["https:\/\/arantv.az\/wp-content\/uploads\/2018\/11\/699778.jpg",800,600,false],"portraits":["https:\/\/arantv.az\/wp-content\/uploads\/2018\/11\/699778.jpg",800,600,false],"thumbnail":["https:\/\/arantv.az\/wp-content\/uploads\/2018\/11\/699778-150x150.jpg",150,150,true],"medium":["https:\/\/arantv.az\/wp-content\/uploads\/2018\/11\/699778-300x225.jpg",300,225,true],"large":["https:\/\/arantv.az\/wp-content\/uploads\/2018\/11\/699778.jpg",640,480,false],"1536x1536":["https:\/\/arantv.az\/wp-content\/uploads\/2018\/11\/699778.jpg",800,600,false],"2048x2048":["https:\/\/arantv.az\/wp-content\/uploads\/2018\/11\/699778.jpg",800,600,false],"post-thumbnail":["https:\/\/arantv.az\/wp-content\/uploads\/2018\/11\/699778-240x172.jpg",240,172,true],"advps-thumb-one":["https:\/\/arantv.az\/wp-content\/uploads\/2018\/11\/699778.jpg",800,600,false]},"rttpg_author":{"display_name":"V\u00fcsal Rafiqo\u011flu","author_link":"https:\/\/arantv.az\/?author=2"},"rttpg_comment":0,"rttpg_category":"<a href=\"https:\/\/arantv.az\/?cat=7\" rel=\"category\">D\u00fcnya<\/a>","rttpg_excerpt":"\u0130ran\u0131n Simnan vilay\u0259tinin m\u0259rk\u0259zi aeroportunda iqtisadi f\u0259allar\u0131 v\u0259 investorlar\u0131 da\u015f\u0131maq \u00fc\u00e7\u00fcn hava taksil\u0259rinin istifad\u0259y\u0259 verilm\u0259si n\u0259z\u0259rd\u0259 tutulur. ARANTV.AZ trend-\u0259 istinad\u0259n x\u0259b\u0259r verir ki, bunu \u0130ran\u0131n Simnan vilay\u0259ti S\u0259naye \u015e\u0259h\u0259rcikl\u0259ri \u015eirk\u0259tinin icra\u00e7\u0131 direktoru H\u0259s\u0259n Al-Buy\u0259 deyib. Onun s\u00f6zl\u0259rin\u0259 g\u00f6r\u0259, paytaxt Tehranda bir \u00e7ox iqtisadi f\u0259al\u0131n ofisi var v\u0259 hava taksil\u0259rinin istifad\u0259y\u0259 verilm\u0259si onlar\u0131n Simnan vilay\u0259tin\u0259 g\u0259tirilm\u0259sind\u0259&hellip;","_links":{"self":[{"href":"https:\/\/arantv.az\/index.php?rest_route=\/wp\/v2\/posts\/22552"}],"collection":[{"href":"https:\/\/arantv.az\/index.php?rest_route=\/wp\/v2\/posts"}],"about":[{"href":"https:\/\/arantv.az\/index.php?rest_route=\/wp\/v2\/types\/post"}],"author":[{"embeddable":true,"href":"https:\/\/arantv.az\/index.php?rest_route=\/wp\/v2\/users\/2"}],"replies":[{"embeddable":true,"href":"https:\/\/arantv.az\/index.php?rest_route=%2Fwp%2Fv2%2Fcomments&post=22552"}],"version-history":[{"count":0,"href":"https:\/\/arantv.az\/index.php?rest_route=\/wp\/v2\/posts\/22552\/revisions"}],"wp:featuredmedia":[{"embeddable":true,"href":"https:\/\/arantv.az\/index.php?rest_route=\/wp\/v2\/media\/22553"}],"wp:attachment":[{"href":"https:\/\/arantv.az\/index.php?rest_route=%2Fwp%2Fv2%2Fmedia&parent=22552"}],"wp:term":[{"taxonomy":"category","embeddable":true,"href":"https:\/\/arantv.az\/index.php?rest_route=%2Fwp%2Fv2%2Fcategories&post=22552"},{"taxonomy":"post_tag","embeddable":true,"href":"https:\/\/arantv.az\/index.php?rest_route=%2Fwp%2Fv2%2Ftags&post=22552"}],"curies":[{"name":"wp","href":"https:\/\/api.w.org\/{rel}","templated":true}]}}