{"id":22564,"date":"2018-11-01T10:46:03","date_gmt":"2018-11-01T07:46:03","guid":{"rendered":"http:\/\/arantv.az\/?p=22564"},"modified":"2018-11-01T10:46:03","modified_gmt":"2018-11-01T07:46:03","slug":"cnn-az%c9%99rbaycanla-bagli-reportaj-hazirladi-video","status":"publish","type":"post","link":"https:\/\/arantv.az\/?p=22564","title":{"rendered":"CNN Az\u0259rbaycanla ba\u011fl\u0131 reportaj haz\u0131rlad\u0131 &#8211; V\u0130DEO"},"content":{"rendered":"<p>D\u00fcnyaca m\u0259\u015fhur CNN telekanal\u0131 \u201c\u018fb\u0259di m\u0259\u015f\u0259l: Az\u0259rbaycan nec\u0259 odlar yurdu olub\u201d adl\u0131 reportaj yay\u0131mlay\u0131b.<\/p>\n<p><strong>ARANTV.AZ<\/strong>-\u0131n m\u0259lumat\u0131na g\u00f6r\u0259, telekanal s\u00fcjetini Az\u0259rbaycan\u0131n iki \u201cvizit kart\u0131\u201d say\u0131lan \u201cYanar da\u011f\u201d v\u0259 \u201cAt\u0259\u015fgah\u201d kompleksl\u0259rin\u0259 h\u0259sr edib.<\/p>\n<div id=\"AdributorNativeVideo0\" class=\"AdributorNativeVideo\"><\/div>\n<p>Reportajda Az\u0259rbaycanda z\u0259rd\u00fc\u015ftl\u00fcy\u00fcn yaranmas\u0131n\u0131n q\u0131sa tarixi il\u0259 ba\u011fl\u0131 m\u0259lumat verilib v\u0259 m\u00fcasir d\u00f6vrd\u0259 bu iki obyektin turistik vacibliyi qeyd edilib.<\/p>\n<div><iframe loading=\"lazy\" src=\"https:\/\/player.baku.tv\/embed\/4759\" width=\"560\" height=\"315\" frameborder=\"0\" allowfullscreen=\"allowfullscreen\" data-mce-fragment=\"1\"><\/iframe><\/div>\n<p><strong>oxu.az<\/strong><\/p>\n","protected":false},"excerpt":{"rendered":"<p>D\u00fcnyaca m\u0259\u015fhur CNN telekanal\u0131 \u201c\u018fb\u0259di m\u0259\u015f\u0259l: Az\u0259rbaycan nec\u0259 odlar yurdu olub\u201d adl\u0131 reportaj yay\u0131mlay\u0131b. ARANTV.AZ-\u0131n m\u0259lumat\u0131na g\u00f6r\u0259, telekanal s\u00fcjetini Az\u0259rbaycan\u0131n iki \u201cvizit kart\u0131\u201d say\u0131lan \u201cYanar da\u011f\u201d v\u0259 \u201cAt\u0259\u015fgah\u201d kompleksl\u0259rin\u0259 h\u0259sr edib. Reportajda Az\u0259rbaycanda z\u0259rd\u00fc\u015ftl\u00fcy\u00fcn yaranmas\u0131n\u0131n q\u0131sa tarixi il\u0259 ba\u011fl\u0131 m\u0259lumat verilib v\u0259 m\u00fcasir d\u00f6vrd\u0259 bu iki obyektin turistik vacibliyi qeyd edilib. oxu.az<\/p>\n","protected":false},"author":2,"featured_media":22565,"comment_status":"closed","ping_status":"closed","sticky":false,"template":"","format":"standard","meta":{"om_disable_all_campaigns":false,"_monsterinsights_skip_tracking":false,"_monsterinsights_sitenote_active":false,"_monsterinsights_sitenote_note":"","_monsterinsights_sitenote_category":0},"categories":[1],"tags":[],"aioseo_notices":[],"gutentor_comment":0,"rttpg_featured_image_url":{"full":["https:\/\/arantv.az\/wp-content\/uploads\/2018\/11\/yanar.jpg",620,349,false],"landscape":["https:\/\/arantv.az\/wp-content\/uploads\/2018\/11\/yanar.jpg",620,349,false],"portraits":["https:\/\/arantv.az\/wp-content\/uploads\/2018\/11\/yanar.jpg",620,349,false],"thumbnail":["https:\/\/arantv.az\/wp-content\/uploads\/2018\/11\/yanar-150x150.jpg",150,150,true],"medium":["https:\/\/arantv.az\/wp-content\/uploads\/2018\/11\/yanar-300x169.jpg",300,169,true],"large":["https:\/\/arantv.az\/wp-content\/uploads\/2018\/11\/yanar.jpg",620,349,false],"1536x1536":["https:\/\/arantv.az\/wp-content\/uploads\/2018\/11\/yanar.jpg",620,349,false],"2048x2048":["https:\/\/arantv.az\/wp-content\/uploads\/2018\/11\/yanar.jpg",620,349,false],"post-thumbnail":["https:\/\/arantv.az\/wp-content\/uploads\/2018\/11\/yanar-240x172.jpg",240,172,true],"advps-thumb-one":["https:\/\/arantv.az\/wp-content\/uploads\/2018\/11\/yanar.jpg",620,349,false]},"rttpg_author":{"display_name":"V\u00fcsal Rafiqo\u011flu","author_link":"https:\/\/arantv.az\/?author=2"},"rttpg_comment":0,"rttpg_category":"<a href=\"https:\/\/arantv.az\/?cat=1\" rel=\"category\">C\u0259miyy\u0259t<\/a>","rttpg_excerpt":"D\u00fcnyaca m\u0259\u015fhur CNN telekanal\u0131 \u201c\u018fb\u0259di m\u0259\u015f\u0259l: Az\u0259rbaycan nec\u0259 odlar yurdu olub\u201d adl\u0131 reportaj yay\u0131mlay\u0131b. ARANTV.AZ-\u0131n m\u0259lumat\u0131na g\u00f6r\u0259, telekanal s\u00fcjetini Az\u0259rbaycan\u0131n iki \u201cvizit kart\u0131\u201d say\u0131lan \u201cYanar da\u011f\u201d v\u0259 \u201cAt\u0259\u015fgah\u201d kompleksl\u0259rin\u0259 h\u0259sr edib. Reportajda Az\u0259rbaycanda z\u0259rd\u00fc\u015ftl\u00fcy\u00fcn yaranmas\u0131n\u0131n q\u0131sa tarixi il\u0259 ba\u011fl\u0131 m\u0259lumat verilib v\u0259 m\u00fcasir d\u00f6vrd\u0259 bu iki obyektin turistik vacibliyi qeyd edilib. oxu.az","_links":{"self":[{"href":"https:\/\/arantv.az\/index.php?rest_route=\/wp\/v2\/posts\/22564"}],"collection":[{"href":"https:\/\/arantv.az\/index.php?rest_route=\/wp\/v2\/posts"}],"about":[{"href":"https:\/\/arantv.az\/index.php?rest_route=\/wp\/v2\/types\/post"}],"author":[{"embeddable":true,"href":"https:\/\/arantv.az\/index.php?rest_route=\/wp\/v2\/users\/2"}],"replies":[{"embeddable":true,"href":"https:\/\/arantv.az\/index.php?rest_route=%2Fwp%2Fv2%2Fcomments&post=22564"}],"version-history":[{"count":0,"href":"https:\/\/arantv.az\/index.php?rest_route=\/wp\/v2\/posts\/22564\/revisions"}],"wp:featuredmedia":[{"embeddable":true,"href":"https:\/\/arantv.az\/index.php?rest_route=\/wp\/v2\/media\/22565"}],"wp:attachment":[{"href":"https:\/\/arantv.az\/index.php?rest_route=%2Fwp%2Fv2%2Fmedia&parent=22564"}],"wp:term":[{"taxonomy":"category","embeddable":true,"href":"https:\/\/arantv.az\/index.php?rest_route=%2Fwp%2Fv2%2Fcategories&post=22564"},{"taxonomy":"post_tag","embeddable":true,"href":"https:\/\/arantv.az\/index.php?rest_route=%2Fwp%2Fv2%2Ftags&post=22564"}],"curies":[{"name":"wp","href":"https:\/\/api.w.org\/{rel}","templated":true}]}}