{"id":22567,"date":"2018-11-01T10:48:45","date_gmt":"2018-11-01T07:48:45","guid":{"rendered":"http:\/\/arantv.az\/?p=22567"},"modified":"2018-11-01T10:48:45","modified_gmt":"2018-11-01T07:48:45","slug":"turkpa-r%c9%99smisi-az%c9%99rbaycan-%c9%99ld%c9%99-etdiyi-nailiyy%c9%99tl%c9%99rl%c9%99-dunyanin-%c9%99h%c9%99miyy%c9%99tli-olk%c9%99sin%c9%99-cevrilib","status":"publish","type":"post","link":"https:\/\/arantv.az\/?p=22567","title":{"rendered":"T\u00fcrkPA r\u0259smisi: &#8220;Az\u0259rbaycan \u0259ld\u0259 etdiyi nailiyy\u0259tl\u0259rl\u0259 d\u00fcnyan\u0131n \u0259h\u0259miyy\u0259tli \u00f6lk\u0259sin\u0259 \u00e7evrilib&#8221;"},"content":{"rendered":"<blockquote><p><em><strong>Az\u0259rbaycan \u0259ld\u0259 etdiyi nailiyy\u0259tl\u0259rl\u0259 d\u00fcnyan\u0131n \u0259h\u0259miyy\u0259tli \u00f6lk\u0259sin\u0259 \u00e7evrilib.<\/strong><\/em><\/p><\/blockquote>\n<p><strong>ARANTV.AZ<\/strong> trend-\u0259 istinad\u0259n x\u0259b\u0259r verir ki, bunu Milli M\u0259clisd\u0259 T\u00fcrkdilli \u00d6lk\u0259l\u0259rin Parlament Assambleyas\u0131n\u0131n (T\u00fcrkPA) H\u00fcquqi m\u0259s\u0259l\u0259l\u0259r v\u0259 beyn\u0259lxalq \u0259laq\u0259l\u0259r komissiyas\u0131n\u0131n alt\u0131nc\u0131 iclas\u0131nda T\u00fcrkiy\u0259 B\u00f6y\u00fck Mill\u0259t M\u0259clisinin \u00fczv\u00fc, komissiyan\u0131n s\u0259dri \u0130sm\u0259t U\u00e7ma deyib.<\/p>\n<p>\u0130clas\u0131n g\u00fcnd\u0259liyin\u0259 daxil edil\u0259n layih\u0259l\u0259rin \u0259h\u0259miyy\u0259tind\u0259n dan\u0131\u015fan \u0130.U\u00e7ma daha sonra Az\u0259rbaycan\u0131n m\u00fcst\u0259qillik tarixind\u0259n s\u00f6z a\u00e7araq bildirib ki, 1918-ci ild\u0259 b\u00f6y\u00fck m\u00fcbariz\u0259 n\u0259tic\u0259sind\u0259 qarda\u015f Az\u0259rbaycan \u00f6z m\u00fcst\u0259qilliyini elan ed\u0259r\u0259k demokratik d\u00f6vl\u0259t yarad\u0131b:<\/p>\n<p>&#8220;C\u0259mi 23 ay f\u0259aliyy\u0259t g\u00f6st\u0259r\u0259n Xalq C\u00fcmhuriyy\u0259ti 1920-ci il aprelin 28-d\u0259 bol\u015fevik i\u015f\u011fal\u0131 n\u0259tic\u0259sind\u0259 devrilib. 1991-ci ild\u0259 is\u0259 Az\u0259rbaycan yenid\u0259n \u00f6z m\u00fcst\u0259qilliyini b\u0259rpa edib. Az\u0259rbaycan nadir maddi-m\u0259n\u0259vi nem\u0259tl\u0259ri, insan qaynaqlar\u0131, yeralt\u0131 v\u0259 yer\u00fcst\u00fc s\u0259rv\u0259tl\u0259ri, \u0259ld\u0259 etdiyi nailiyy\u0259tl\u0259rl\u0259 d\u00fcnyan\u0131n \u0259h\u0259miyy\u0259tli \u00f6lk\u0259sin\u0259 \u00e7evrilib. Az\u0259rbaycan\u0131n h\u0259r bir u\u011furu T\u00fcrkiy\u0259ni \u00e7ox sevindirir v\u0259 bir qarda\u015f \u00f6lk\u0259 kimi daim onun yan\u0131ndad\u0131r&#8221;.<\/p>\n<p>O qeyd edib ki, t\u00fcrkdilli \u00f6lk\u0259l\u0259r \u00f6z aralar\u0131nda sosial, siyasi, iqtisadi sah\u0259l\u0259rd\u0259 \u0259m\u0259kda\u015fl\u0131\u011f\u0131 daha da inki\u015faf etdir\u0259r\u0259k d\u00fcnyaya bir n\u00fcmun\u0259 g\u00f6st\u0259r\u0259c\u0259kl\u0259r.<\/p>\n","protected":false},"excerpt":{"rendered":"<p>Az\u0259rbaycan \u0259ld\u0259 etdiyi nailiyy\u0259tl\u0259rl\u0259 d\u00fcnyan\u0131n \u0259h\u0259miyy\u0259tli \u00f6lk\u0259sin\u0259 \u00e7evrilib. ARANTV.AZ trend-\u0259 istinad\u0259n x\u0259b\u0259r verir ki, bunu Milli M\u0259clisd\u0259 T\u00fcrkdilli \u00d6lk\u0259l\u0259rin Parlament Assambleyas\u0131n\u0131n (T\u00fcrkPA) H\u00fcquqi m\u0259s\u0259l\u0259l\u0259r v\u0259 beyn\u0259lxalq \u0259laq\u0259l\u0259r komissiyas\u0131n\u0131n alt\u0131nc\u0131 iclas\u0131nda T\u00fcrkiy\u0259 B\u00f6y\u00fck Mill\u0259t M\u0259clisinin \u00fczv\u00fc, komissiyan\u0131n s\u0259dri \u0130sm\u0259t U\u00e7ma deyib. \u0130clas\u0131n g\u00fcnd\u0259liyin\u0259 daxil edil\u0259n layih\u0259l\u0259rin \u0259h\u0259miyy\u0259tind\u0259n dan\u0131\u015fan \u0130.U\u00e7ma daha sonra Az\u0259rbaycan\u0131n m\u00fcst\u0259qillik tarixind\u0259n s\u00f6z a\u00e7araq bildirib ki, 1918-ci ild\u0259 b\u00f6y\u00fck m\u00fcbariz\u0259 n\u0259tic\u0259sind\u0259 qarda\u015f Az\u0259rbaycan \u00f6z m\u00fcst\u0259qilliyini elan ed\u0259r\u0259k demokratik d\u00f6vl\u0259t yarad\u0131b: &#8220;C\u0259mi 23 ay f\u0259aliyy\u0259t g\u00f6st\u0259r\u0259n Xalq C\u00fcmhuriyy\u0259ti 1920-ci il aprelin 28-d\u0259 bol\u015fevik i\u015f\u011fal\u0131 n\u0259tic\u0259sind\u0259 devrilib. 1991-ci ild\u0259 is\u0259 Az\u0259rbaycan&hellip;<\/p>\n","protected":false},"author":2,"featured_media":22568,"comment_status":"closed","ping_status":"closed","sticky":false,"template":"","format":"standard","meta":{"om_disable_all_campaigns":false,"_monsterinsights_skip_tracking":false,"_monsterinsights_sitenote_active":false,"_monsterinsights_sitenote_note":"","_monsterinsights_sitenote_category":0},"categories":[19],"tags":[],"aioseo_notices":[],"gutentor_comment":0,"rttpg_featured_image_url":{"full":["https:\/\/arantv.az\/wp-content\/uploads\/2018\/11\/699801.jpg",800,600,false],"landscape":["https:\/\/arantv.az\/wp-content\/uploads\/2018\/11\/699801.jpg",800,600,false],"portraits":["https:\/\/arantv.az\/wp-content\/uploads\/2018\/11\/699801.jpg",800,600,false],"thumbnail":["https:\/\/arantv.az\/wp-content\/uploads\/2018\/11\/699801-150x150.jpg",150,150,true],"medium":["https:\/\/arantv.az\/wp-content\/uploads\/2018\/11\/699801-300x225.jpg",300,225,true],"large":["https:\/\/arantv.az\/wp-content\/uploads\/2018\/11\/699801.jpg",640,480,false],"1536x1536":["https:\/\/arantv.az\/wp-content\/uploads\/2018\/11\/699801.jpg",800,600,false],"2048x2048":["https:\/\/arantv.az\/wp-content\/uploads\/2018\/11\/699801.jpg",800,600,false],"post-thumbnail":["https:\/\/arantv.az\/wp-content\/uploads\/2018\/11\/699801-240x172.jpg",240,172,true],"advps-thumb-one":["https:\/\/arantv.az\/wp-content\/uploads\/2018\/11\/699801.jpg",800,600,false]},"rttpg_author":{"display_name":"V\u00fcsal Rafiqo\u011flu","author_link":"https:\/\/arantv.az\/?author=2"},"rttpg_comment":0,"rttpg_category":"<a href=\"https:\/\/arantv.az\/?cat=19\" rel=\"category\">G\u00fcnd\u0259m<\/a>","rttpg_excerpt":"Az\u0259rbaycan \u0259ld\u0259 etdiyi nailiyy\u0259tl\u0259rl\u0259 d\u00fcnyan\u0131n \u0259h\u0259miyy\u0259tli \u00f6lk\u0259sin\u0259 \u00e7evrilib. ARANTV.AZ trend-\u0259 istinad\u0259n x\u0259b\u0259r verir ki, bunu Milli M\u0259clisd\u0259 T\u00fcrkdilli \u00d6lk\u0259l\u0259rin Parlament Assambleyas\u0131n\u0131n (T\u00fcrkPA) H\u00fcquqi m\u0259s\u0259l\u0259l\u0259r v\u0259 beyn\u0259lxalq \u0259laq\u0259l\u0259r komissiyas\u0131n\u0131n alt\u0131nc\u0131 iclas\u0131nda T\u00fcrkiy\u0259 B\u00f6y\u00fck Mill\u0259t M\u0259clisinin \u00fczv\u00fc, komissiyan\u0131n s\u0259dri \u0130sm\u0259t U\u00e7ma deyib. \u0130clas\u0131n g\u00fcnd\u0259liyin\u0259 daxil edil\u0259n layih\u0259l\u0259rin \u0259h\u0259miyy\u0259tind\u0259n dan\u0131\u015fan \u0130.U\u00e7ma daha sonra Az\u0259rbaycan\u0131n m\u00fcst\u0259qillik tarixind\u0259n s\u00f6z a\u00e7araq&hellip;","_links":{"self":[{"href":"https:\/\/arantv.az\/index.php?rest_route=\/wp\/v2\/posts\/22567"}],"collection":[{"href":"https:\/\/arantv.az\/index.php?rest_route=\/wp\/v2\/posts"}],"about":[{"href":"https:\/\/arantv.az\/index.php?rest_route=\/wp\/v2\/types\/post"}],"author":[{"embeddable":true,"href":"https:\/\/arantv.az\/index.php?rest_route=\/wp\/v2\/users\/2"}],"replies":[{"embeddable":true,"href":"https:\/\/arantv.az\/index.php?rest_route=%2Fwp%2Fv2%2Fcomments&post=22567"}],"version-history":[{"count":0,"href":"https:\/\/arantv.az\/index.php?rest_route=\/wp\/v2\/posts\/22567\/revisions"}],"wp:featuredmedia":[{"embeddable":true,"href":"https:\/\/arantv.az\/index.php?rest_route=\/wp\/v2\/media\/22568"}],"wp:attachment":[{"href":"https:\/\/arantv.az\/index.php?rest_route=%2Fwp%2Fv2%2Fmedia&parent=22567"}],"wp:term":[{"taxonomy":"category","embeddable":true,"href":"https:\/\/arantv.az\/index.php?rest_route=%2Fwp%2Fv2%2Fcategories&post=22567"},{"taxonomy":"post_tag","embeddable":true,"href":"https:\/\/arantv.az\/index.php?rest_route=%2Fwp%2Fv2%2Ftags&post=22567"}],"curies":[{"name":"wp","href":"https:\/\/api.w.org\/{rel}","templated":true}]}}