{"id":22570,"date":"2018-11-01T10:50:02","date_gmt":"2018-11-01T07:50:02","guid":{"rendered":"http:\/\/arantv.az\/?p=22570"},"modified":"2018-11-01T10:50:02","modified_gmt":"2018-11-01T07:50:02","slug":"az%c9%99rbaycan-dunya-turizm-t%c9%99skilatinin-icraiyy%c9%99-surasinin-109-cu-sessiyasinda-t%c9%99msil-olunur","status":"publish","type":"post","link":"https:\/\/arantv.az\/?p=22570","title":{"rendered":"Az\u0259rbaycan D\u00fcnya Turizm T\u0259\u015fkilat\u0131n\u0131n \u0130craiyy\u0259 \u015euras\u0131n\u0131n 109-cu sessiyas\u0131nda t\u0259msil olunur"},"content":{"rendered":"<p><strong>ARANTV.AZ<\/strong> x\u0259b\u0259r verir ki, Az\u0259rbaycan B\u0259hreyn Krall\u0131\u011f\u0131nda ke\u00e7iril\u0259n D\u00fcnya Turizm T\u0259\u015fkilat\u0131n\u0131n \u0130craiyy\u0259 \u015euras\u0131n\u0131n 109-cu sessiyas\u0131nda t\u0259msil olunur. T\u0259dbir\u0259 40-a yax\u0131n \u00f6lk\u0259d\u0259n 100-d\u0259n \u00e7ox n\u00fcmay\u0259nd\u0259 hey\u0259ti qat\u0131l\u0131b. Sessiyada\u00a0\u00f6lk\u0259mizd\u0259 turizm s\u0259nayesinin inki\u015faf\u0131 \u00fc\u00e7\u00fcn g\u00f6r\u00fcl\u0259n i\u015fl\u0259r v\u0259 h\u0259yata ke\u00e7iril\u0259n islahatlar, h\u0259m\u00e7inin bu islahatlar\u0131n m\u00fcsb\u0259t n\u0259tic\u0259l\u0259ri haqq\u0131nda m\u0259lumat verilib. Bu il oktyabr\u0131n 18-d\u0259 Az\u0259rbaycan\u0131n yeni turizm imici v\u0259 loqosu a\u00e7\u0131qlan\u0131b. Bildirilib ki, yeni brendin noyabrda Londonda ke\u00e7iril\u0259c\u0259k D\u00fcnya S\u0259yah\u0259t Bazar\u0131 beyn\u0259lxalq turizm s\u0259rgisi \u00e7\u0259r\u00e7iv\u0259sind\u0259 beyn\u0259lxalq ictimaiyy\u0259t\u0259 t\u0259qdim oluncaq. Qeyd ed\u0259k ki, BMT-nin D\u00fcnya Turizm T\u0259\u015fkilat\u0131n\u0131n \u0130craiyy\u0259 \u015euras\u0131n\u0131n n\u00f6vb\u0259ti &#8211; 110-cu sessiyas\u0131 2019-cu ild\u0259 Bak\u0131da ke\u00e7iril\u0259c\u0259k.<\/p>\n","protected":false},"excerpt":{"rendered":"<p>ARANTV.AZ x\u0259b\u0259r verir ki, Az\u0259rbaycan B\u0259hreyn Krall\u0131\u011f\u0131nda ke\u00e7iril\u0259n D\u00fcnya Turizm T\u0259\u015fkilat\u0131n\u0131n \u0130craiyy\u0259 \u015euras\u0131n\u0131n 109-cu sessiyas\u0131nda t\u0259msil olunur. T\u0259dbir\u0259 40-a yax\u0131n \u00f6lk\u0259d\u0259n 100-d\u0259n \u00e7ox n\u00fcmay\u0259nd\u0259 hey\u0259ti qat\u0131l\u0131b. Sessiyada\u00a0\u00f6lk\u0259mizd\u0259 turizm s\u0259nayesinin inki\u015faf\u0131 \u00fc\u00e7\u00fcn g\u00f6r\u00fcl\u0259n i\u015fl\u0259r v\u0259 h\u0259yata ke\u00e7iril\u0259n islahatlar, h\u0259m\u00e7inin bu islahatlar\u0131n m\u00fcsb\u0259t n\u0259tic\u0259l\u0259ri haqq\u0131nda m\u0259lumat verilib. Bu il oktyabr\u0131n 18-d\u0259 Az\u0259rbaycan\u0131n yeni turizm imici v\u0259 loqosu a\u00e7\u0131qlan\u0131b. Bildirilib ki, yeni brendin noyabrda Londonda ke\u00e7iril\u0259c\u0259k D\u00fcnya S\u0259yah\u0259t Bazar\u0131 beyn\u0259lxalq turizm s\u0259rgisi \u00e7\u0259r\u00e7iv\u0259sind\u0259 beyn\u0259lxalq ictimaiyy\u0259t\u0259 t\u0259qdim oluncaq. Qeyd ed\u0259k ki, BMT-nin D\u00fcnya Turizm T\u0259\u015fkilat\u0131n\u0131n \u0130craiyy\u0259 \u015euras\u0131n\u0131n n\u00f6vb\u0259ti &#8211; 110-cu sessiyas\u0131 2019-cu ild\u0259 Bak\u0131da&hellip;<\/p>\n","protected":false},"author":2,"featured_media":22571,"comment_status":"closed","ping_status":"closed","sticky":false,"template":"","format":"standard","meta":{"om_disable_all_campaigns":false,"_monsterinsights_skip_tracking":false,"_monsterinsights_sitenote_active":false,"_monsterinsights_sitenote_note":"","_monsterinsights_sitenote_category":0},"categories":[19],"tags":[],"aioseo_notices":[],"gutentor_comment":0,"rttpg_featured_image_url":{"full":["https:\/\/arantv.az\/wp-content\/uploads\/2018\/11\/2hnep1odcnbqqkvolt5h8o6fe1bahrain.jpg",850,458,false],"landscape":["https:\/\/arantv.az\/wp-content\/uploads\/2018\/11\/2hnep1odcnbqqkvolt5h8o6fe1bahrain.jpg",850,458,false],"portraits":["https:\/\/arantv.az\/wp-content\/uploads\/2018\/11\/2hnep1odcnbqqkvolt5h8o6fe1bahrain.jpg",850,458,false],"thumbnail":["https:\/\/arantv.az\/wp-content\/uploads\/2018\/11\/2hnep1odcnbqqkvolt5h8o6fe1bahrain-150x150.jpg",150,150,true],"medium":["https:\/\/arantv.az\/wp-content\/uploads\/2018\/11\/2hnep1odcnbqqkvolt5h8o6fe1bahrain-300x162.jpg",300,162,true],"large":["https:\/\/arantv.az\/wp-content\/uploads\/2018\/11\/2hnep1odcnbqqkvolt5h8o6fe1bahrain.jpg",640,345,false],"1536x1536":["https:\/\/arantv.az\/wp-content\/uploads\/2018\/11\/2hnep1odcnbqqkvolt5h8o6fe1bahrain.jpg",850,458,false],"2048x2048":["https:\/\/arantv.az\/wp-content\/uploads\/2018\/11\/2hnep1odcnbqqkvolt5h8o6fe1bahrain.jpg",850,458,false],"post-thumbnail":["https:\/\/arantv.az\/wp-content\/uploads\/2018\/11\/2hnep1odcnbqqkvolt5h8o6fe1bahrain-240x172.jpg",240,172,true],"advps-thumb-one":["https:\/\/arantv.az\/wp-content\/uploads\/2018\/11\/2hnep1odcnbqqkvolt5h8o6fe1bahrain.jpg",850,458,false]},"rttpg_author":{"display_name":"V\u00fcsal Rafiqo\u011flu","author_link":"https:\/\/arantv.az\/?author=2"},"rttpg_comment":0,"rttpg_category":"<a href=\"https:\/\/arantv.az\/?cat=19\" rel=\"category\">G\u00fcnd\u0259m<\/a>","rttpg_excerpt":"ARANTV.AZ x\u0259b\u0259r verir ki, Az\u0259rbaycan B\u0259hreyn Krall\u0131\u011f\u0131nda ke\u00e7iril\u0259n D\u00fcnya Turizm T\u0259\u015fkilat\u0131n\u0131n \u0130craiyy\u0259 \u015euras\u0131n\u0131n 109-cu sessiyas\u0131nda t\u0259msil olunur. T\u0259dbir\u0259 40-a yax\u0131n \u00f6lk\u0259d\u0259n 100-d\u0259n \u00e7ox n\u00fcmay\u0259nd\u0259 hey\u0259ti qat\u0131l\u0131b. Sessiyada\u00a0\u00f6lk\u0259mizd\u0259 turizm s\u0259nayesinin inki\u015faf\u0131 \u00fc\u00e7\u00fcn g\u00f6r\u00fcl\u0259n i\u015fl\u0259r v\u0259 h\u0259yata ke\u00e7iril\u0259n islahatlar, h\u0259m\u00e7inin bu islahatlar\u0131n m\u00fcsb\u0259t n\u0259tic\u0259l\u0259ri haqq\u0131nda m\u0259lumat verilib. Bu il oktyabr\u0131n 18-d\u0259 Az\u0259rbaycan\u0131n yeni turizm imici v\u0259 loqosu&hellip;","_links":{"self":[{"href":"https:\/\/arantv.az\/index.php?rest_route=\/wp\/v2\/posts\/22570"}],"collection":[{"href":"https:\/\/arantv.az\/index.php?rest_route=\/wp\/v2\/posts"}],"about":[{"href":"https:\/\/arantv.az\/index.php?rest_route=\/wp\/v2\/types\/post"}],"author":[{"embeddable":true,"href":"https:\/\/arantv.az\/index.php?rest_route=\/wp\/v2\/users\/2"}],"replies":[{"embeddable":true,"href":"https:\/\/arantv.az\/index.php?rest_route=%2Fwp%2Fv2%2Fcomments&post=22570"}],"version-history":[{"count":0,"href":"https:\/\/arantv.az\/index.php?rest_route=\/wp\/v2\/posts\/22570\/revisions"}],"wp:featuredmedia":[{"embeddable":true,"href":"https:\/\/arantv.az\/index.php?rest_route=\/wp\/v2\/media\/22571"}],"wp:attachment":[{"href":"https:\/\/arantv.az\/index.php?rest_route=%2Fwp%2Fv2%2Fmedia&parent=22570"}],"wp:term":[{"taxonomy":"category","embeddable":true,"href":"https:\/\/arantv.az\/index.php?rest_route=%2Fwp%2Fv2%2Fcategories&post=22570"},{"taxonomy":"post_tag","embeddable":true,"href":"https:\/\/arantv.az\/index.php?rest_route=%2Fwp%2Fv2%2Ftags&post=22570"}],"curies":[{"name":"wp","href":"https:\/\/api.w.org\/{rel}","templated":true}]}}