{"id":22582,"date":"2018-11-01T13:25:13","date_gmt":"2018-11-01T10:25:13","guid":{"rendered":"http:\/\/arantv.az\/?p=22582"},"modified":"2018-11-01T13:25:13","modified_gmt":"2018-11-01T10:25:13","slug":"az%c9%99rbaycanda-rusv%c9%99txor-prokuror-v%c9%99-kom%c9%99kcisin%c9%99-c%c9%99za-verildi","status":"publish","type":"post","link":"https:\/\/arantv.az\/?p=22582","title":{"rendered":"Az\u0259rbaycanda r\u00fc\u015fv\u0259txor prokuror v\u0259 k\u00f6m\u0259k\u00e7isin\u0259 c\u0259za verildi"},"content":{"rendered":"<p>\u015e\u0259ki A\u011f\u0131r Cinay\u0259tl\u0259r M\u0259hk\u0259m\u0259sind\u0259 \u0130smay\u0131ll\u0131 rayonunun sabiq prokuroru\u00a0<strong>\u00dclvi Abbasov<\/strong>\u00a0v\u0259 prokurorunun b\u00f6y\u00fck k\u00f6m\u0259k\u00e7isi\u00a0<strong>Faiq Quliyev<\/strong>in cinay\u0259t i\u015fi \u00fczr\u0259 m\u0259hk\u0259m\u0259 prosesi ba\u015fa \u00e7at\u0131b.<\/p>\n<p><strong>ARANTV.AZ\u00a0<\/strong>\u00a0x\u0259b\u0259r verir ki, hakim R\u0259\u015fid H\u00fcseynovun s\u0259drliyi il\u0259 ba\u015f tutan prosesd\u0259 h\u00f6km oxunub.<\/p>\n<p>H\u00f6km\u0259 \u0259sas\u0259n, \u00dc. Abbasov doqquz il, F. Quliyev is\u0259 s\u0259kkiz il m\u00fcdd\u0259tin\u0259 azadl\u0131qdan m\u0259hrum edilib.<\/p>\n<div id=\"AdributorNativeVideo0\" class=\"AdributorNativeVideo\"><\/div>\n<p>Qeyd ed\u0259k ki, \u0130smay\u0131ll\u0131 rayon prokurorunun b\u00f6y\u00fck k\u00f6m\u0259k\u00e7isi Faiq Quliyevin qanunsuz \u0259m\u0259ll\u0259ri bar\u0259d\u0259 daxil olmu\u015f v\u0259t\u0259nda\u015f m\u00fcraci\u0259ti \u0259sas\u0131nda Ba\u015f prokuror yan\u0131nda Korrupsiyaya qar\u015f\u0131 M\u00fcbariz\u0259 Ba\u015f \u0130dar\u0259sind\u0259 ara\u015fd\u0131rma apar\u0131l\u0131b.<\/p>\n<p>Ara\u015fd\u0131rma zaman\u0131 Faiq Quliyevin xidm\u0259ti s\u0259lahiyy\u0259tl\u0259rinin icras\u0131 il\u0259 \u0259laq\u0259dar \u201c\u0130smay\u0131ll\u0131 Tikinti-27\u201d ASC-nin idar\u0259 hey\u0259tinin s\u0259dri Azad \u018fliyevd\u0259n sonuncuya m\u0259xsus qum-\u00e7\u0131nq\u0131l karxanas\u0131n\u0131n f\u0259aliyy\u0259ti il\u0259 ba\u011fl\u0131 apar\u0131lm\u0131\u015f ara\u015fd\u0131rman\u0131n n\u0259tic\u0259sind\u0259 bar\u0259sind\u0259 cinay\u0259t i\u015finin ba\u015flanmamas\u0131 \u00fc\u00e7\u00fcn, y\u0259ni ed\u0259c\u0259yi qanunsuz h\u0259r\u0259k\u0259tl\u0259r\u0259 g\u00f6r\u0259 14 iyul 2018-ci il tarixd\u0259, \u0130smay\u0131ll\u0131 rayon prokurorlu\u011funun inzibati binas\u0131nda k\u00fclli miqdarda pul v\u0259saitini r\u00fc\u015fv\u0259t kimi \u015f\u0259xs\u0259n Azad \u018fliyevd\u0259n almas\u0131na \u0259sasl\u0131 \u015f\u00fcbh\u0259l\u0259r m\u00fc\u0259yy\u0259n edilib.<\/p>\n<blockquote>\n<div><em><strong>Oxu:\u00a0<a href=\"https:\/\/oxu.az\/criminal\/275664\" target=\"_blank\" rel=\"noopener\">R\u00fc\u015fv\u0259txor prokuror m\u0259hk\u0259m\u0259 qar\u015f\u0131s\u0131nda<\/a><\/strong><\/em><\/div>\n<\/blockquote>\n<p>\u0130stintaq zaman\u0131, h\u0259m\u00e7inin Faiq Quliyevin 17-18 iyul tarixl\u0259rind\u0259 Qalib S\u00fcleymanova m\u0259xsus karxanan\u0131n f\u0259aliyy\u0259ti il\u0259 ba\u011fl\u0131 apar\u0131lm\u0131\u015f ara\u015fd\u0131rma zaman\u0131 sonuncunun cinay\u0259t m\u0259suliyy\u0259tin\u0259 c\u0259lb olunmamas\u0131 m\u00fcqabilind\u0259 ondan k\u00fclli miqdarda r\u00fc\u015fv\u0259t almas\u0131na da \u0259sasl\u0131 \u015f\u00fcbh\u0259l\u0259r m\u00fc\u0259yy\u0259n edilib.<\/p>\n<p>Faiq Quliyevin rayon prokurorlu\u011funda olan xidm\u0259ti ota\u011f\u0131na bax\u0131\u015f ke\u00e7iril\u0259rk\u0259n seyfd\u0259 r\u00fc\u015fv\u0259t kimi ald\u0131\u011f\u0131 pul v\u0259saiti a\u015fkar edil\u0259r\u0259k maddi s\u00fcbut kimi g\u00f6t\u00fcr\u00fcl\u00fcb.<\/p>\n<p>\u0130\u015f \u00fczr\u0259 Faiq Quliyev\u0259 Cinay\u0259t M\u0259c\u0259ll\u0259sinin 311.3.2 (t\u0259krar r\u00fc\u015fv\u0259t alma ) v\u0259 311.3.3-c\u00fc (k\u00fclli miqdarda r\u00fc\u015fv\u0259t alma) madd\u0259l\u0259ri il\u0259 ittiham elan olunaraq bar\u0259sind\u0259 m\u0259hk\u0259m\u0259nin q\u0259rar\u0131 il\u0259 h\u0259bs q\u0259timkan t\u0259dbiri se\u00e7ilib.<\/p>\n<p>Apar\u0131lm\u0131\u015f xidm\u0259ti yoxlama zaman\u0131 \u0130smay\u0131ll\u0131 rayon prokuroru \u00dclvi Abbasov v\u0259 prokurorun b\u00f6y\u00fck k\u00f6m\u0259k\u00e7isi Faiq Quliyev t\u0259r\u0259find\u0259n v\u0259t\u0259nda\u015flarla qeyri-prosessual m\u00fcnasib\u0259tl\u0259r\u0259 daxil olmaqla xidm\u0259ti s\u0259lahiyy\u0259tl\u0259rinin h\u00fcdudlar\u0131ndan a\u00e7\u0131q-a\u015fkar sur\u0259td\u0259 k\u0259nara \u00e7\u0131xan h\u0259r\u0259k\u0259tl\u0259r edilm\u0259kl\u0259 \u201cProkurorluq haqq\u0131nda\u201d, \u201cProkurorluq orqanlar\u0131nda qulluq ke\u00e7m\u0259 haqq\u0131nda\u201d Az\u0259rbaycan Respublikas\u0131 Qanunlar\u0131n\u0131n, Ba\u015f Prokurorluq \u00fczr\u0259 m\u00fcvafiq \u0259mrl\u0259rin, el\u0259c\u0259 d\u0259 \u201cAz\u0259rbaycan Respublikas\u0131 Prokurorlu\u011fu \u0130\u015f\u00e7il\u0259rinin Etik Davran\u0131\u015f Kodeksi\u201dnin t\u0259l\u0259bl\u0259rinin kobud \u015f\u0259kild\u0259 pozulmas\u0131 hallar\u0131na yol verilm\u0259si m\u00fc\u0259yy\u0259n olunub.<\/p>\n<p>Eyni zamanda, istintaq\u0131n h\u0259rt\u0259r\u0259fli, tam v\u0259 obyektiv apar\u0131lmas\u0131n\u0131n t\u0259min edilm\u0259si m\u0259qs\u0259di il\u0259 Az\u0259rbaycan Respublikas\u0131 Ba\u015f prokurorunun 25 iyul 2018-ci il tarixli \u0259mri il\u0259 F.Quliyev prokurorluq orqanlar\u0131ndan xaric edilib, rayon prokuroru \u00dc.Abbasov is\u0259 v\u0259zif\u0259d\u0259n azad olunub.<\/p>\n<p>\u00dclvi Abbasovun bar\u0259sind\u0259 Cinay\u0259t M\u0259c\u0259ll\u0259sinin 308.1-ci (v\u0259zif\u0259 s\u0259lahiyy\u0259tl\u0259rind\u0259n sui-istifad\u0259 etm\u0259) madd\u0259si il\u0259 ittiham elan edilib.<\/p>\n<p>oxu.az<\/p>\n","protected":false},"excerpt":{"rendered":"<p>\u015e\u0259ki A\u011f\u0131r Cinay\u0259tl\u0259r M\u0259hk\u0259m\u0259sind\u0259 \u0130smay\u0131ll\u0131 rayonunun sabiq prokuroru\u00a0\u00dclvi Abbasov\u00a0v\u0259 prokurorunun b\u00f6y\u00fck k\u00f6m\u0259k\u00e7isi\u00a0Faiq Quliyevin cinay\u0259t i\u015fi \u00fczr\u0259 m\u0259hk\u0259m\u0259 prosesi ba\u015fa \u00e7at\u0131b. ARANTV.AZ\u00a0\u00a0x\u0259b\u0259r verir ki, hakim R\u0259\u015fid H\u00fcseynovun s\u0259drliyi il\u0259 ba\u015f tutan prosesd\u0259 h\u00f6km oxunub. H\u00f6km\u0259 \u0259sas\u0259n, \u00dc. Abbasov doqquz il, F. Quliyev is\u0259 s\u0259kkiz il m\u00fcdd\u0259tin\u0259 azadl\u0131qdan m\u0259hrum edilib. Qeyd ed\u0259k ki, \u0130smay\u0131ll\u0131 rayon prokurorunun b\u00f6y\u00fck k\u00f6m\u0259k\u00e7isi Faiq Quliyevin qanunsuz \u0259m\u0259ll\u0259ri bar\u0259d\u0259 daxil olmu\u015f v\u0259t\u0259nda\u015f m\u00fcraci\u0259ti \u0259sas\u0131nda Ba\u015f prokuror yan\u0131nda Korrupsiyaya qar\u015f\u0131 M\u00fcbariz\u0259 Ba\u015f \u0130dar\u0259sind\u0259 ara\u015fd\u0131rma apar\u0131l\u0131b. Ara\u015fd\u0131rma zaman\u0131 Faiq Quliyevin xidm\u0259ti s\u0259lahiyy\u0259tl\u0259rinin icras\u0131 il\u0259 \u0259laq\u0259dar \u201c\u0130smay\u0131ll\u0131 Tikinti-27\u201d ASC-nin idar\u0259 hey\u0259tinin&hellip;<\/p>\n","protected":false},"author":2,"featured_media":22583,"comment_status":"closed","ping_status":"closed","sticky":false,"template":"","format":"standard","meta":{"om_disable_all_campaigns":false,"_monsterinsights_skip_tracking":false,"_monsterinsights_sitenote_active":false,"_monsterinsights_sitenote_note":"","_monsterinsights_sitenote_category":0},"categories":[5],"tags":[],"aioseo_notices":[],"gutentor_comment":0,"rttpg_featured_image_url":{"full":["https:\/\/arantv.az\/wp-content\/uploads\/2018\/11\/Clipboard01-1.jpg",620,410,false],"landscape":["https:\/\/arantv.az\/wp-content\/uploads\/2018\/11\/Clipboard01-1.jpg",620,410,false],"portraits":["https:\/\/arantv.az\/wp-content\/uploads\/2018\/11\/Clipboard01-1.jpg",620,410,false],"thumbnail":["https:\/\/arantv.az\/wp-content\/uploads\/2018\/11\/Clipboard01-1-150x150.jpg",150,150,true],"medium":["https:\/\/arantv.az\/wp-content\/uploads\/2018\/11\/Clipboard01-1-300x198.jpg",300,198,true],"large":["https:\/\/arantv.az\/wp-content\/uploads\/2018\/11\/Clipboard01-1.jpg",620,410,false],"1536x1536":["https:\/\/arantv.az\/wp-content\/uploads\/2018\/11\/Clipboard01-1.jpg",620,410,false],"2048x2048":["https:\/\/arantv.az\/wp-content\/uploads\/2018\/11\/Clipboard01-1.jpg",620,410,false],"post-thumbnail":["https:\/\/arantv.az\/wp-content\/uploads\/2018\/11\/Clipboard01-1-240x172.jpg",240,172,true],"advps-thumb-one":["https:\/\/arantv.az\/wp-content\/uploads\/2018\/11\/Clipboard01-1.jpg",620,410,false]},"rttpg_author":{"display_name":"V\u00fcsal Rafiqo\u011flu","author_link":"https:\/\/arantv.az\/?author=2"},"rttpg_comment":0,"rttpg_category":"<a href=\"https:\/\/arantv.az\/?cat=5\" rel=\"category\">Hadis\u0259<\/a>","rttpg_excerpt":"\u015e\u0259ki A\u011f\u0131r Cinay\u0259tl\u0259r M\u0259hk\u0259m\u0259sind\u0259 \u0130smay\u0131ll\u0131 rayonunun sabiq prokuroru\u00a0\u00dclvi Abbasov\u00a0v\u0259 prokurorunun b\u00f6y\u00fck k\u00f6m\u0259k\u00e7isi\u00a0Faiq Quliyevin cinay\u0259t i\u015fi \u00fczr\u0259 m\u0259hk\u0259m\u0259 prosesi ba\u015fa \u00e7at\u0131b. ARANTV.AZ\u00a0\u00a0x\u0259b\u0259r verir ki, hakim R\u0259\u015fid H\u00fcseynovun s\u0259drliyi il\u0259 ba\u015f tutan prosesd\u0259 h\u00f6km oxunub. H\u00f6km\u0259 \u0259sas\u0259n, \u00dc. Abbasov doqquz il, F. Quliyev is\u0259 s\u0259kkiz il m\u00fcdd\u0259tin\u0259 azadl\u0131qdan m\u0259hrum edilib. Qeyd ed\u0259k ki, \u0130smay\u0131ll\u0131 rayon prokurorunun b\u00f6y\u00fck&hellip;","_links":{"self":[{"href":"https:\/\/arantv.az\/index.php?rest_route=\/wp\/v2\/posts\/22582"}],"collection":[{"href":"https:\/\/arantv.az\/index.php?rest_route=\/wp\/v2\/posts"}],"about":[{"href":"https:\/\/arantv.az\/index.php?rest_route=\/wp\/v2\/types\/post"}],"author":[{"embeddable":true,"href":"https:\/\/arantv.az\/index.php?rest_route=\/wp\/v2\/users\/2"}],"replies":[{"embeddable":true,"href":"https:\/\/arantv.az\/index.php?rest_route=%2Fwp%2Fv2%2Fcomments&post=22582"}],"version-history":[{"count":0,"href":"https:\/\/arantv.az\/index.php?rest_route=\/wp\/v2\/posts\/22582\/revisions"}],"wp:featuredmedia":[{"embeddable":true,"href":"https:\/\/arantv.az\/index.php?rest_route=\/wp\/v2\/media\/22583"}],"wp:attachment":[{"href":"https:\/\/arantv.az\/index.php?rest_route=%2Fwp%2Fv2%2Fmedia&parent=22582"}],"wp:term":[{"taxonomy":"category","embeddable":true,"href":"https:\/\/arantv.az\/index.php?rest_route=%2Fwp%2Fv2%2Fcategories&post=22582"},{"taxonomy":"post_tag","embeddable":true,"href":"https:\/\/arantv.az\/index.php?rest_route=%2Fwp%2Fv2%2Ftags&post=22582"}],"curies":[{"name":"wp","href":"https:\/\/api.w.org\/{rel}","templated":true}]}}