{"id":22585,"date":"2018-11-01T13:27:14","date_gmt":"2018-11-01T10:27:14","guid":{"rendered":"http:\/\/arantv.az\/?p=22585"},"modified":"2018-11-01T13:27:14","modified_gmt":"2018-11-01T10:27:14","slug":"h%c9%99ms%c9%99drl%c9%99r-bakiya-g%c9%99libl%c9%99r","status":"publish","type":"post","link":"https:\/\/arantv.az\/?p=22585","title":{"rendered":"H\u0259ms\u0259drl\u0259r Bak\u0131ya g\u0259libl\u0259r"},"content":{"rendered":"<p>Da\u011fl\u0131q Qaraba\u011f m\u00fcnaqi\u015f\u0259sinin h\u0259lli \u00fczr\u0259 AT\u018fT-in Minsk qrupunun h\u0259ms\u0259drl\u0259ri Bak\u0131ya s\u0259f\u0259r\u0259 g\u0259libl\u0259r.<\/p>\n<p><strong>ARANTV.AZ<\/strong>-\u0131n m\u0259lumat\u0131na g\u00f6r\u0259, h\u0259ms\u0259drl\u0259r &#8211; Stefan Viskonti (Fransa), \u0130qor Popov (Rusiya), Endryu \u015eefer (AB\u015e)\u00a0 bu g\u00fcn Az\u0259rbaycan r\u0259smil\u0259ri il\u0259 bir s\u0131ra g\u00f6r\u00fc\u015fl\u0259r ke\u00e7ir\u0259c\u0259kl\u0259r.<\/p>\n<p>G\u00f6r\u00fc\u015fl\u0259rd\u0259 qo\u015funlar\u0131n t\u0259mas x\u0259ttind\u0259ki v\u0259ziyy\u0259t, g\u0259rginliyin azald\u0131lmas\u0131n\u0131n, h\u0259m\u00e7inin dan\u0131\u015f\u0131qlar prosesinin aktivl\u0259\u015fdirilm\u0259si v\u0259 sonrak\u0131 add\u0131mlar\u0131n t\u0259min olunmas\u0131 \u00fczr\u0259 m\u0259s\u0259l\u0259l\u0259r m\u00fczakir\u0259 edil\u0259c\u0259k.<\/p>\n<div id=\"AdributorNativeVideo0\" class=\"AdributorNativeVideo\"><\/div>\n<p>S\u0259f\u0259r zaman\u0131 h\u0259m\u00e7inin bu ilin sonunad\u0259k Az\u0259rbaycan v\u0259 Erm\u0259nistan xarici i\u015fl\u0259r nazirl\u0259ri aras\u0131nda g\u00f6r\u00fc\u015f\u00fcn\u00fcn ke\u00e7irilm\u0259si m\u0259s\u0259l\u0259si d\u0259 m\u00fczakir\u0259 olunacaq.<\/p>\n<p>Qeyd ed\u0259k ki, oktyabr\u0131n 29-da vasit\u0259\u00e7il\u0259r Erm\u0259nistanda g\u00f6r\u00fc\u015fl\u0259r ke\u00e7iribl\u0259r.<\/p>\n<p>H\u0259ms\u0259drl\u0259r oktyabr\u0131n 31-d\u0259 Az\u0259rbaycan v\u0259 Erm\u0259nistan qo\u015funlar\u0131n\u0131n t\u0259mas x\u0259ttind\u0259 A\u011fdam rayonu istiqam\u0259tind\u0259 monitorinqd\u0259 i\u015ftirak edibl\u0259r.oxu.az<\/p>\n","protected":false},"excerpt":{"rendered":"<p>Da\u011fl\u0131q Qaraba\u011f m\u00fcnaqi\u015f\u0259sinin h\u0259lli \u00fczr\u0259 AT\u018fT-in Minsk qrupunun h\u0259ms\u0259drl\u0259ri Bak\u0131ya s\u0259f\u0259r\u0259 g\u0259libl\u0259r. ARANTV.AZ-\u0131n m\u0259lumat\u0131na g\u00f6r\u0259, h\u0259ms\u0259drl\u0259r &#8211; Stefan Viskonti (Fransa), \u0130qor Popov (Rusiya), Endryu \u015eefer (AB\u015e)\u00a0 bu g\u00fcn Az\u0259rbaycan r\u0259smil\u0259ri il\u0259 bir s\u0131ra g\u00f6r\u00fc\u015fl\u0259r ke\u00e7ir\u0259c\u0259kl\u0259r. G\u00f6r\u00fc\u015fl\u0259rd\u0259 qo\u015funlar\u0131n t\u0259mas x\u0259ttind\u0259ki v\u0259ziyy\u0259t, g\u0259rginliyin azald\u0131lmas\u0131n\u0131n, h\u0259m\u00e7inin dan\u0131\u015f\u0131qlar prosesinin aktivl\u0259\u015fdirilm\u0259si v\u0259 sonrak\u0131 add\u0131mlar\u0131n t\u0259min olunmas\u0131 \u00fczr\u0259 m\u0259s\u0259l\u0259l\u0259r m\u00fczakir\u0259 edil\u0259c\u0259k. S\u0259f\u0259r zaman\u0131 h\u0259m\u00e7inin bu ilin sonunad\u0259k Az\u0259rbaycan v\u0259 Erm\u0259nistan xarici i\u015fl\u0259r nazirl\u0259ri aras\u0131nda g\u00f6r\u00fc\u015f\u00fcn\u00fcn ke\u00e7irilm\u0259si m\u0259s\u0259l\u0259si d\u0259 m\u00fczakir\u0259 olunacaq. Qeyd ed\u0259k ki, oktyabr\u0131n 29-da vasit\u0259\u00e7il\u0259r Erm\u0259nistanda g\u00f6r\u00fc\u015fl\u0259r ke\u00e7iribl\u0259r. H\u0259ms\u0259drl\u0259r oktyabr\u0131n 31-d\u0259 Az\u0259rbaycan v\u0259 Erm\u0259nistan qo\u015funlar\u0131n\u0131n&hellip;<\/p>\n","protected":false},"author":2,"featured_media":22586,"comment_status":"closed","ping_status":"closed","sticky":false,"template":"","format":"standard","meta":{"om_disable_all_campaigns":false,"_monsterinsights_skip_tracking":false,"_monsterinsights_sitenote_active":false,"_monsterinsights_sitenote_note":"","_monsterinsights_sitenote_category":0},"categories":[4],"tags":[],"aioseo_notices":[],"gutentor_comment":0,"rttpg_featured_image_url":{"full":["https:\/\/arantv.az\/wp-content\/uploads\/2018\/11\/2017-03-29-18-42-15hemsedrler-teze-20171541056703.jpg",600,400,false],"landscape":["https:\/\/arantv.az\/wp-content\/uploads\/2018\/11\/2017-03-29-18-42-15hemsedrler-teze-20171541056703.jpg",600,400,false],"portraits":["https:\/\/arantv.az\/wp-content\/uploads\/2018\/11\/2017-03-29-18-42-15hemsedrler-teze-20171541056703.jpg",600,400,false],"thumbnail":["https:\/\/arantv.az\/wp-content\/uploads\/2018\/11\/2017-03-29-18-42-15hemsedrler-teze-20171541056703-150x150.jpg",150,150,true],"medium":["https:\/\/arantv.az\/wp-content\/uploads\/2018\/11\/2017-03-29-18-42-15hemsedrler-teze-20171541056703-300x200.jpg",300,200,true],"large":["https:\/\/arantv.az\/wp-content\/uploads\/2018\/11\/2017-03-29-18-42-15hemsedrler-teze-20171541056703.jpg",600,400,false],"1536x1536":["https:\/\/arantv.az\/wp-content\/uploads\/2018\/11\/2017-03-29-18-42-15hemsedrler-teze-20171541056703.jpg",600,400,false],"2048x2048":["https:\/\/arantv.az\/wp-content\/uploads\/2018\/11\/2017-03-29-18-42-15hemsedrler-teze-20171541056703.jpg",600,400,false],"post-thumbnail":["https:\/\/arantv.az\/wp-content\/uploads\/2018\/11\/2017-03-29-18-42-15hemsedrler-teze-20171541056703-240x172.jpg",240,172,true],"advps-thumb-one":["https:\/\/arantv.az\/wp-content\/uploads\/2018\/11\/2017-03-29-18-42-15hemsedrler-teze-20171541056703.jpg",600,400,false]},"rttpg_author":{"display_name":"V\u00fcsal Rafiqo\u011flu","author_link":"https:\/\/arantv.az\/?author=2"},"rttpg_comment":0,"rttpg_category":"<a href=\"https:\/\/arantv.az\/?cat=4\" rel=\"category\">Siyas\u0259t<\/a>","rttpg_excerpt":"Da\u011fl\u0131q Qaraba\u011f m\u00fcnaqi\u015f\u0259sinin h\u0259lli \u00fczr\u0259 AT\u018fT-in Minsk qrupunun h\u0259ms\u0259drl\u0259ri Bak\u0131ya s\u0259f\u0259r\u0259 g\u0259libl\u0259r. ARANTV.AZ-\u0131n m\u0259lumat\u0131na g\u00f6r\u0259, h\u0259ms\u0259drl\u0259r &#8211; Stefan Viskonti (Fransa), \u0130qor Popov (Rusiya), Endryu \u015eefer (AB\u015e)\u00a0 bu g\u00fcn Az\u0259rbaycan r\u0259smil\u0259ri il\u0259 bir s\u0131ra g\u00f6r\u00fc\u015fl\u0259r ke\u00e7ir\u0259c\u0259kl\u0259r. G\u00f6r\u00fc\u015fl\u0259rd\u0259 qo\u015funlar\u0131n t\u0259mas x\u0259ttind\u0259ki v\u0259ziyy\u0259t, g\u0259rginliyin azald\u0131lmas\u0131n\u0131n, h\u0259m\u00e7inin dan\u0131\u015f\u0131qlar prosesinin aktivl\u0259\u015fdirilm\u0259si v\u0259 sonrak\u0131 add\u0131mlar\u0131n t\u0259min olunmas\u0131 \u00fczr\u0259 m\u0259s\u0259l\u0259l\u0259r m\u00fczakir\u0259 edil\u0259c\u0259k.&hellip;","_links":{"self":[{"href":"https:\/\/arantv.az\/index.php?rest_route=\/wp\/v2\/posts\/22585"}],"collection":[{"href":"https:\/\/arantv.az\/index.php?rest_route=\/wp\/v2\/posts"}],"about":[{"href":"https:\/\/arantv.az\/index.php?rest_route=\/wp\/v2\/types\/post"}],"author":[{"embeddable":true,"href":"https:\/\/arantv.az\/index.php?rest_route=\/wp\/v2\/users\/2"}],"replies":[{"embeddable":true,"href":"https:\/\/arantv.az\/index.php?rest_route=%2Fwp%2Fv2%2Fcomments&post=22585"}],"version-history":[{"count":0,"href":"https:\/\/arantv.az\/index.php?rest_route=\/wp\/v2\/posts\/22585\/revisions"}],"wp:featuredmedia":[{"embeddable":true,"href":"https:\/\/arantv.az\/index.php?rest_route=\/wp\/v2\/media\/22586"}],"wp:attachment":[{"href":"https:\/\/arantv.az\/index.php?rest_route=%2Fwp%2Fv2%2Fmedia&parent=22585"}],"wp:term":[{"taxonomy":"category","embeddable":true,"href":"https:\/\/arantv.az\/index.php?rest_route=%2Fwp%2Fv2%2Fcategories&post=22585"},{"taxonomy":"post_tag","embeddable":true,"href":"https:\/\/arantv.az\/index.php?rest_route=%2Fwp%2Fv2%2Ftags&post=22585"}],"curies":[{"name":"wp","href":"https:\/\/api.w.org\/{rel}","templated":true}]}}