{"id":22620,"date":"2018-11-02T09:56:26","date_gmt":"2018-11-02T06:56:26","guid":{"rendered":"http:\/\/arantv.az\/?p=22620"},"modified":"2018-11-02T09:56:26","modified_gmt":"2018-11-02T06:56:26","slug":"az%c9%99rbaycanda-aglag%c9%99lm%c9%99z-q%c9%99za-dusduyu-avtomobilin-altinda-qaldi-v%c9%99","status":"publish","type":"post","link":"https:\/\/arantv.az\/?p=22620","title":{"rendered":"Az\u0259rbaycanda A\u011eLAG\u018fLM\u018fZ Q\u018fZA: d\u00fc\u015fd\u00fcy\u00fc avtomobilin alt\u0131nda qald\u0131 v\u0259&#8230;"},"content":{"rendered":"<p><strong>Bak\u0131da \u00f6l\u00fcml\u0259 n\u0259tic\u0259l\u0259n\u0259n yol q\u0259zas\u0131 ba\u015f verib.<\/strong><\/p>\n<p><b>ARANTV.AZ\u00a0<\/b>x\u0259b\u0259r verir ki, d\u00fcn\u0259n saat 19:30 rad\u0259l\u0259rind\u0259 X\u0259z\u0259r rayonu Buzovna q\u0259s\u0259b\u0259si \u0259razisind\u0259 (B\u00fcllur zavodun qar\u015f\u0131s\u0131) B\u0259xtiyar A\u011fayevin s\u00fcrd\u00fcy\u00fc \u201cAzsamand\u201d il\u0259 Arif M\u0259mm\u0259dovun s\u00fcrd\u00fcy\u00fc \u201cMercedes\u201d toqqu\u015fub. Bel\u0259 ki, B.A\u011fayev ax\u015fam saatlar\u0131nda Za\u011fulba prospekti il\u0259 \u00fcz\u00fc Bilg\u0259h\u0259 do\u011fru h\u0259r\u0259k\u0259td\u0259 olark\u0259n avtomobili yolun k\u0259nar\u0131nda A.M\u0259mm\u0259dovun saxlad\u0131\u011f\u0131 \u201cMercedes\u201d\u0259 \u00e7\u0131rp\u0131b. Bu zaman A.M\u0259mm\u0259dovun ma\u015f\u0131n\u0131ndan d\u00fc\u015f\u0259r\u0259k bir ne\u00e7\u0259 add\u0131m ir\u0259li getmi\u015f qad\u0131n s\u0259rni\u015fin z\u0259rb\u0259nin g\u00fcc\u00fcnd\u0259n qaba\u011fa at\u0131lan \u201cMercedes\u201din alt\u0131nda qal\u0131b. O, hadis\u0259 yerind\u0259c\u0259 ke\u00e7inib.<\/p>\n<p>\u0130lkin ara\u015fd\u0131rma zaman\u0131 m\u0259lum olub ki, q\u0259zada \u00f6l\u0259n qad\u0131n Ha\u015f\u0131mova Elmira B\u00f6y\u00fcka\u011fa q\u0131z\u0131d\u0131r.<\/p>\n<div id=\"AdributorNativeVideo0\" class=\"AdributorNativeVideo\"><\/div>\n<p>Faktla ba\u011fl\u0131 cinay\u0259t i\u015fi a\u00e7\u0131l\u0131b. B.A\u011fayev bildirib ki, havan\u0131n yeni qarald\u0131\u011f\u0131 vaxtda yolun h\u0259r\u0259k\u0259t hiss\u0259sind\u0259 dayanm\u0131\u015f \u201cMercedes\u201di gec g\u00f6r\u00fcb v\u0259 q\u0259za bu s\u0259b\u0259bd\u0259n ba\u015f verib.<\/p>\n<p>Ara\u015fd\u0131rmalar davam etdirilir.<\/p>\n<p>publika.az<\/p>\n","protected":false},"excerpt":{"rendered":"<p>Bak\u0131da \u00f6l\u00fcml\u0259 n\u0259tic\u0259l\u0259n\u0259n yol q\u0259zas\u0131 ba\u015f verib. ARANTV.AZ\u00a0x\u0259b\u0259r verir ki, d\u00fcn\u0259n saat 19:30 rad\u0259l\u0259rind\u0259 X\u0259z\u0259r rayonu Buzovna q\u0259s\u0259b\u0259si \u0259razisind\u0259 (B\u00fcllur zavodun qar\u015f\u0131s\u0131) B\u0259xtiyar A\u011fayevin s\u00fcrd\u00fcy\u00fc \u201cAzsamand\u201d il\u0259 Arif M\u0259mm\u0259dovun s\u00fcrd\u00fcy\u00fc \u201cMercedes\u201d toqqu\u015fub. Bel\u0259 ki, B.A\u011fayev ax\u015fam saatlar\u0131nda Za\u011fulba prospekti il\u0259 \u00fcz\u00fc Bilg\u0259h\u0259 do\u011fru h\u0259r\u0259k\u0259td\u0259 olark\u0259n avtomobili yolun k\u0259nar\u0131nda A.M\u0259mm\u0259dovun saxlad\u0131\u011f\u0131 \u201cMercedes\u201d\u0259 \u00e7\u0131rp\u0131b. Bu zaman A.M\u0259mm\u0259dovun ma\u015f\u0131n\u0131ndan d\u00fc\u015f\u0259r\u0259k bir ne\u00e7\u0259 add\u0131m ir\u0259li getmi\u015f qad\u0131n s\u0259rni\u015fin z\u0259rb\u0259nin g\u00fcc\u00fcnd\u0259n qaba\u011fa at\u0131lan \u201cMercedes\u201din alt\u0131nda qal\u0131b. O, hadis\u0259 yerind\u0259c\u0259 ke\u00e7inib. \u0130lkin ara\u015fd\u0131rma zaman\u0131 m\u0259lum olub ki, q\u0259zada \u00f6l\u0259n qad\u0131n Ha\u015f\u0131mova Elmira B\u00f6y\u00fcka\u011fa q\u0131z\u0131d\u0131r. Faktla ba\u011fl\u0131&hellip;<\/p>\n","protected":false},"author":2,"featured_media":22621,"comment_status":"closed","ping_status":"closed","sticky":false,"template":"","format":"standard","meta":{"om_disable_all_campaigns":false,"_monsterinsights_skip_tracking":false,"_monsterinsights_sitenote_active":false,"_monsterinsights_sitenote_note":"","_monsterinsights_sitenote_category":0},"categories":[5],"tags":[],"aioseo_notices":[],"gutentor_comment":0,"rttpg_featured_image_url":{"full":["https:\/\/arantv.az\/wp-content\/uploads\/2018\/11\/meyit-1.jpg",800,450,false],"landscape":["https:\/\/arantv.az\/wp-content\/uploads\/2018\/11\/meyit-1.jpg",800,450,false],"portraits":["https:\/\/arantv.az\/wp-content\/uploads\/2018\/11\/meyit-1.jpg",800,450,false],"thumbnail":["https:\/\/arantv.az\/wp-content\/uploads\/2018\/11\/meyit-1-150x150.jpg",150,150,true],"medium":["https:\/\/arantv.az\/wp-content\/uploads\/2018\/11\/meyit-1-300x169.jpg",300,169,true],"large":["https:\/\/arantv.az\/wp-content\/uploads\/2018\/11\/meyit-1.jpg",640,360,false],"1536x1536":["https:\/\/arantv.az\/wp-content\/uploads\/2018\/11\/meyit-1.jpg",800,450,false],"2048x2048":["https:\/\/arantv.az\/wp-content\/uploads\/2018\/11\/meyit-1.jpg",800,450,false],"post-thumbnail":["https:\/\/arantv.az\/wp-content\/uploads\/2018\/11\/meyit-1-240x172.jpg",240,172,true],"advps-thumb-one":["https:\/\/arantv.az\/wp-content\/uploads\/2018\/11\/meyit-1.jpg",800,450,false]},"rttpg_author":{"display_name":"V\u00fcsal Rafiqo\u011flu","author_link":"https:\/\/arantv.az\/?author=2"},"rttpg_comment":0,"rttpg_category":"<a href=\"https:\/\/arantv.az\/?cat=5\" rel=\"category\">Hadis\u0259<\/a>","rttpg_excerpt":"Bak\u0131da \u00f6l\u00fcml\u0259 n\u0259tic\u0259l\u0259n\u0259n yol q\u0259zas\u0131 ba\u015f verib. ARANTV.AZ\u00a0x\u0259b\u0259r verir ki, d\u00fcn\u0259n saat 19:30 rad\u0259l\u0259rind\u0259 X\u0259z\u0259r rayonu Buzovna q\u0259s\u0259b\u0259si \u0259razisind\u0259 (B\u00fcllur zavodun qar\u015f\u0131s\u0131) B\u0259xtiyar A\u011fayevin s\u00fcrd\u00fcy\u00fc \u201cAzsamand\u201d il\u0259 Arif M\u0259mm\u0259dovun s\u00fcrd\u00fcy\u00fc \u201cMercedes\u201d toqqu\u015fub. Bel\u0259 ki, B.A\u011fayev ax\u015fam saatlar\u0131nda Za\u011fulba prospekti il\u0259 \u00fcz\u00fc Bilg\u0259h\u0259 do\u011fru h\u0259r\u0259k\u0259td\u0259 olark\u0259n avtomobili yolun k\u0259nar\u0131nda A.M\u0259mm\u0259dovun saxlad\u0131\u011f\u0131 \u201cMercedes\u201d\u0259 \u00e7\u0131rp\u0131b. Bu zaman A.M\u0259mm\u0259dovun&hellip;","_links":{"self":[{"href":"https:\/\/arantv.az\/index.php?rest_route=\/wp\/v2\/posts\/22620"}],"collection":[{"href":"https:\/\/arantv.az\/index.php?rest_route=\/wp\/v2\/posts"}],"about":[{"href":"https:\/\/arantv.az\/index.php?rest_route=\/wp\/v2\/types\/post"}],"author":[{"embeddable":true,"href":"https:\/\/arantv.az\/index.php?rest_route=\/wp\/v2\/users\/2"}],"replies":[{"embeddable":true,"href":"https:\/\/arantv.az\/index.php?rest_route=%2Fwp%2Fv2%2Fcomments&post=22620"}],"version-history":[{"count":0,"href":"https:\/\/arantv.az\/index.php?rest_route=\/wp\/v2\/posts\/22620\/revisions"}],"wp:featuredmedia":[{"embeddable":true,"href":"https:\/\/arantv.az\/index.php?rest_route=\/wp\/v2\/media\/22621"}],"wp:attachment":[{"href":"https:\/\/arantv.az\/index.php?rest_route=%2Fwp%2Fv2%2Fmedia&parent=22620"}],"wp:term":[{"taxonomy":"category","embeddable":true,"href":"https:\/\/arantv.az\/index.php?rest_route=%2Fwp%2Fv2%2Fcategories&post=22620"},{"taxonomy":"post_tag","embeddable":true,"href":"https:\/\/arantv.az\/index.php?rest_route=%2Fwp%2Fv2%2Ftags&post=22620"}],"curies":[{"name":"wp","href":"https:\/\/api.w.org\/{rel}","templated":true}]}}