{"id":22628,"date":"2018-11-02T10:36:45","date_gmt":"2018-11-02T07:36:45","guid":{"rendered":"http:\/\/arantv.az\/?p=22628"},"modified":"2018-11-02T10:36:45","modified_gmt":"2018-11-02T07:36:45","slug":"nahid-emiloglu-dunyasini-d%c9%99yisdi","status":"publish","type":"post","link":"https:\/\/arantv.az\/?p=22628","title":{"rendered":"Nahid Emilo\u011flu d\u00fcnyas\u0131n\u0131 d\u0259yi\u015fdi"},"content":{"rendered":"<p><strong>Tan\u0131nm\u0131\u015f t\u0259\u015fkilat\u00e7\u0131 v\u0259 prod\u00fcser Nahid Emilo\u011flu v\u0259fat edib.<\/strong><\/p>\n<div id=\"AdributorNativeVideo0\" class=\"AdributorNativeVideo\"><\/div>\n<p><strong>ARANTV.AZ<\/strong>\u00a0 x\u0259b\u0259r verir ki,\u00a0\u00fcr\u0259k \u00e7at\u0131\u015fmazl\u0131\u011f\u0131ndan \u0259ziyy\u0259t \u00e7\u0259k\u0259n Nahid bir ne\u00e7\u0259 g\u00fcnd\u00fcr x\u0259st\u0259xanada m\u00fcalic\u0259 al\u0131rm\u0131\u015f.<\/p>\n<p>N.Emilo\u011flu\u00a0sabah K\u00fcrd\u0259mir rayonunda d\u0259fn edil\u0259c\u0259k.<\/p>\n<p>Qeyd ed\u0259k ki,\u00a0prod\u00fcser uzun m\u00fcdd\u0259tdir \u00fcr\u0259yind\u0259n \u0259ziyy\u0259t \u00e7\u0259kir. O, bir ne\u00e7\u0259 d\u0259f\u0259 Bak\u0131da v\u0259 T\u00fcrkiy\u0259d\u0259 \u0259m\u0259liyyat olunub.<\/p>\n<p><img src=\"http:\/\/axsam.az\/img\/pics\/large\/2018-11\/164978_hsjqt4ewkb.jpg\" alt=\"\" align=\"baseline\" border=\"0\" hspace=\"0\" \/><\/p>\n<p>ax\u015fam.az<\/p>\n","protected":false},"excerpt":{"rendered":"<p>Tan\u0131nm\u0131\u015f t\u0259\u015fkilat\u00e7\u0131 v\u0259 prod\u00fcser Nahid Emilo\u011flu v\u0259fat edib. ARANTV.AZ\u00a0 x\u0259b\u0259r verir ki,\u00a0\u00fcr\u0259k \u00e7at\u0131\u015fmazl\u0131\u011f\u0131ndan \u0259ziyy\u0259t \u00e7\u0259k\u0259n Nahid bir ne\u00e7\u0259 g\u00fcnd\u00fcr x\u0259st\u0259xanada m\u00fcalic\u0259 al\u0131rm\u0131\u015f. N.Emilo\u011flu\u00a0sabah K\u00fcrd\u0259mir rayonunda d\u0259fn edil\u0259c\u0259k. Qeyd ed\u0259k ki,\u00a0prod\u00fcser uzun m\u00fcdd\u0259tdir \u00fcr\u0259yind\u0259n \u0259ziyy\u0259t \u00e7\u0259kir. O, bir ne\u00e7\u0259 d\u0259f\u0259 Bak\u0131da v\u0259 T\u00fcrkiy\u0259d\u0259 \u0259m\u0259liyyat olunub. ax\u015fam.az<\/p>\n","protected":false},"author":2,"featured_media":22629,"comment_status":"closed","ping_status":"closed","sticky":false,"template":"","format":"standard","meta":{"om_disable_all_campaigns":false,"_monsterinsights_skip_tracking":false,"_monsterinsights_sitenote_active":false,"_monsterinsights_sitenote_note":"","_monsterinsights_sitenote_category":0},"categories":[20],"tags":[],"aioseo_notices":[],"gutentor_comment":0,"rttpg_featured_image_url":{"full":["https:\/\/arantv.az\/wp-content\/uploads\/2018\/11\/164979_9hrj8he1c5.jpg",594,419,false],"landscape":["https:\/\/arantv.az\/wp-content\/uploads\/2018\/11\/164979_9hrj8he1c5.jpg",594,419,false],"portraits":["https:\/\/arantv.az\/wp-content\/uploads\/2018\/11\/164979_9hrj8he1c5.jpg",594,419,false],"thumbnail":["https:\/\/arantv.az\/wp-content\/uploads\/2018\/11\/164979_9hrj8he1c5-150x150.jpg",150,150,true],"medium":["https:\/\/arantv.az\/wp-content\/uploads\/2018\/11\/164979_9hrj8he1c5-300x212.jpg",300,212,true],"large":["https:\/\/arantv.az\/wp-content\/uploads\/2018\/11\/164979_9hrj8he1c5.jpg",594,419,false],"1536x1536":["https:\/\/arantv.az\/wp-content\/uploads\/2018\/11\/164979_9hrj8he1c5.jpg",594,419,false],"2048x2048":["https:\/\/arantv.az\/wp-content\/uploads\/2018\/11\/164979_9hrj8he1c5.jpg",594,419,false],"post-thumbnail":["https:\/\/arantv.az\/wp-content\/uploads\/2018\/11\/164979_9hrj8he1c5-240x172.jpg",240,172,true],"advps-thumb-one":["https:\/\/arantv.az\/wp-content\/uploads\/2018\/11\/164979_9hrj8he1c5.jpg",594,419,false]},"rttpg_author":{"display_name":"V\u00fcsal Rafiqo\u011flu","author_link":"https:\/\/arantv.az\/?author=2"},"rttpg_comment":0,"rttpg_category":"<a href=\"https:\/\/arantv.az\/?cat=20\" rel=\"category\">\u015eou biznes<\/a>","rttpg_excerpt":"Tan\u0131nm\u0131\u015f t\u0259\u015fkilat\u00e7\u0131 v\u0259 prod\u00fcser Nahid Emilo\u011flu v\u0259fat edib. ARANTV.AZ\u00a0 x\u0259b\u0259r verir ki,\u00a0\u00fcr\u0259k \u00e7at\u0131\u015fmazl\u0131\u011f\u0131ndan \u0259ziyy\u0259t \u00e7\u0259k\u0259n Nahid bir ne\u00e7\u0259 g\u00fcnd\u00fcr x\u0259st\u0259xanada m\u00fcalic\u0259 al\u0131rm\u0131\u015f. N.Emilo\u011flu\u00a0sabah K\u00fcrd\u0259mir rayonunda d\u0259fn edil\u0259c\u0259k. Qeyd ed\u0259k ki,\u00a0prod\u00fcser uzun m\u00fcdd\u0259tdir \u00fcr\u0259yind\u0259n \u0259ziyy\u0259t \u00e7\u0259kir. O, bir ne\u00e7\u0259 d\u0259f\u0259 Bak\u0131da v\u0259 T\u00fcrkiy\u0259d\u0259 \u0259m\u0259liyyat olunub. ax\u015fam.az","_links":{"self":[{"href":"https:\/\/arantv.az\/index.php?rest_route=\/wp\/v2\/posts\/22628"}],"collection":[{"href":"https:\/\/arantv.az\/index.php?rest_route=\/wp\/v2\/posts"}],"about":[{"href":"https:\/\/arantv.az\/index.php?rest_route=\/wp\/v2\/types\/post"}],"author":[{"embeddable":true,"href":"https:\/\/arantv.az\/index.php?rest_route=\/wp\/v2\/users\/2"}],"replies":[{"embeddable":true,"href":"https:\/\/arantv.az\/index.php?rest_route=%2Fwp%2Fv2%2Fcomments&post=22628"}],"version-history":[{"count":0,"href":"https:\/\/arantv.az\/index.php?rest_route=\/wp\/v2\/posts\/22628\/revisions"}],"wp:featuredmedia":[{"embeddable":true,"href":"https:\/\/arantv.az\/index.php?rest_route=\/wp\/v2\/media\/22629"}],"wp:attachment":[{"href":"https:\/\/arantv.az\/index.php?rest_route=%2Fwp%2Fv2%2Fmedia&parent=22628"}],"wp:term":[{"taxonomy":"category","embeddable":true,"href":"https:\/\/arantv.az\/index.php?rest_route=%2Fwp%2Fv2%2Fcategories&post=22628"},{"taxonomy":"post_tag","embeddable":true,"href":"https:\/\/arantv.az\/index.php?rest_route=%2Fwp%2Fv2%2Ftags&post=22628"}],"curies":[{"name":"wp","href":"https:\/\/api.w.org\/{rel}","templated":true}]}}