{"id":22631,"date":"2018-11-02T10:38:39","date_gmt":"2018-11-02T07:38:39","guid":{"rendered":"http:\/\/arantv.az\/?p=22631"},"modified":"2018-11-02T10:38:39","modified_gmt":"2018-11-02T07:38:39","slug":"1-ci-cin-beyn%c9%99lxalq-idxal-s%c9%99rgisind%c9%99-az%c9%99rbaycan-da-t%c9%99msil-olunacaq","status":"publish","type":"post","link":"https:\/\/arantv.az\/?p=22631","title":{"rendered":"1- ci \u00c7in Beyn\u0259lxalq \u0130dxal S\u0259rgisind\u0259 Az\u0259rbaycan da t\u0259msil olunacaq"},"content":{"rendered":"<p><strong>ARANTV.AZ<\/strong> x\u0259b\u0259r verir ki, Az\u0259rbaycan istehsal\u00e7\u0131lar\u0131 daha bir beyn\u0259lxalq s\u0259rgid\u0259 i\u015ftiraka haz\u0131rla\u015f\u0131r. Noyabr\u0131n 5-d\u0259n 10-d\u0259k \u015eanxayda ke\u00e7iril\u0259c\u0259k birinci \u00c7in Beyn\u0259lxalq \u0130dxal S\u0259rgisind\u0259 Az\u0259rbaycan n\u00fcmay\u0259nd\u0259 hey\u0259ti d\u0259 t\u0259msil olunacaq. S\u0259rgi \u00e7\u0259r\u00e7iv\u0259sind\u0259 n\u00fcmay\u0259nd\u0259 hey\u0259ti m\u00fcxt\u0259lif b\u00f6lm\u0259 iclaslar\u0131nda \u00e7\u0131x\u0131\u015f ed\u0259c\u0259k, \u00c7in r\u0259smil\u0259ri il\u0259 g\u00f6r\u00fc\u015f\u0259c\u0259k. S\u0259rginin k\u0259nd t\u0259s\u0259rr\u00fcfat\u0131 v\u0259 qida m\u0259hsullar\u0131 b\u00f6lm\u0259l\u0259rind\u0259 Az\u0259rbaycan\u0131n iki pavilyonu f\u0259aliyy\u0259t g\u00f6st\u0259r\u0259c\u0259k. Pavilyonlarda \u201cMade in Azerbaijan\u201d brendi il\u0259 istehsal olunan r\u0259qab\u0259tqabiliyy\u0259tli v\u0259 ixracy\u00f6n\u00fcml\u00fc m\u0259hsullar v\u0259 xidm\u0259tl\u0259r n\u00fcmayi\u015f edil\u0259c\u0259k. T\u0259xmin\u0259n 130 \u00f6lk\u0259d\u0259n 3 mind\u0259n \u00e7ox \u015firk\u0259tin t\u0259msil olunaca\u011f\u0131 t\u0259dbir \u00c7ind\u0259 idxal m\u0259hsullar\u0131n\u0131n ilk \u0259n b\u00f6y\u00fck s\u0259rgisidir.<\/p>\n","protected":false},"excerpt":{"rendered":"<p>ARANTV.AZ x\u0259b\u0259r verir ki, Az\u0259rbaycan istehsal\u00e7\u0131lar\u0131 daha bir beyn\u0259lxalq s\u0259rgid\u0259 i\u015ftiraka haz\u0131rla\u015f\u0131r. Noyabr\u0131n 5-d\u0259n 10-d\u0259k \u015eanxayda ke\u00e7iril\u0259c\u0259k birinci \u00c7in Beyn\u0259lxalq \u0130dxal S\u0259rgisind\u0259 Az\u0259rbaycan n\u00fcmay\u0259nd\u0259 hey\u0259ti d\u0259 t\u0259msil olunacaq. S\u0259rgi \u00e7\u0259r\u00e7iv\u0259sind\u0259 n\u00fcmay\u0259nd\u0259 hey\u0259ti m\u00fcxt\u0259lif b\u00f6lm\u0259 iclaslar\u0131nda \u00e7\u0131x\u0131\u015f ed\u0259c\u0259k, \u00c7in r\u0259smil\u0259ri il\u0259 g\u00f6r\u00fc\u015f\u0259c\u0259k. S\u0259rginin k\u0259nd t\u0259s\u0259rr\u00fcfat\u0131 v\u0259 qida m\u0259hsullar\u0131 b\u00f6lm\u0259l\u0259rind\u0259 Az\u0259rbaycan\u0131n iki pavilyonu f\u0259aliyy\u0259t g\u00f6st\u0259r\u0259c\u0259k. Pavilyonlarda \u201cMade in Azerbaijan\u201d brendi il\u0259 istehsal olunan r\u0259qab\u0259tqabiliyy\u0259tli v\u0259 ixracy\u00f6n\u00fcml\u00fc m\u0259hsullar v\u0259 xidm\u0259tl\u0259r n\u00fcmayi\u015f edil\u0259c\u0259k. T\u0259xmin\u0259n 130 \u00f6lk\u0259d\u0259n 3 mind\u0259n \u00e7ox \u015firk\u0259tin t\u0259msil olunaca\u011f\u0131 t\u0259dbir \u00c7ind\u0259 idxal m\u0259hsullar\u0131n\u0131n ilk \u0259n b\u00f6y\u00fck s\u0259rgisidir.<\/p>\n","protected":false},"author":2,"featured_media":22632,"comment_status":"closed","ping_status":"closed","sticky":false,"template":"","format":"standard","meta":{"om_disable_all_campaigns":false,"_monsterinsights_skip_tracking":false,"_monsterinsights_sitenote_active":false,"_monsterinsights_sitenote_note":"","_monsterinsights_sitenote_category":0},"categories":[19],"tags":[],"aioseo_notices":[],"gutentor_comment":0,"rttpg_featured_image_url":{"full":["https:\/\/arantv.az\/wp-content\/uploads\/2018\/11\/r2rovj9n1top82o0bqua6q07m2cin.jpg",1000,563,false],"landscape":["https:\/\/arantv.az\/wp-content\/uploads\/2018\/11\/r2rovj9n1top82o0bqua6q07m2cin.jpg",1000,563,false],"portraits":["https:\/\/arantv.az\/wp-content\/uploads\/2018\/11\/r2rovj9n1top82o0bqua6q07m2cin.jpg",1000,563,false],"thumbnail":["https:\/\/arantv.az\/wp-content\/uploads\/2018\/11\/r2rovj9n1top82o0bqua6q07m2cin-150x150.jpg",150,150,true],"medium":["https:\/\/arantv.az\/wp-content\/uploads\/2018\/11\/r2rovj9n1top82o0bqua6q07m2cin-300x169.jpg",300,169,true],"large":["https:\/\/arantv.az\/wp-content\/uploads\/2018\/11\/r2rovj9n1top82o0bqua6q07m2cin.jpg",640,360,false],"1536x1536":["https:\/\/arantv.az\/wp-content\/uploads\/2018\/11\/r2rovj9n1top82o0bqua6q07m2cin.jpg",1000,563,false],"2048x2048":["https:\/\/arantv.az\/wp-content\/uploads\/2018\/11\/r2rovj9n1top82o0bqua6q07m2cin.jpg",1000,563,false],"post-thumbnail":["https:\/\/arantv.az\/wp-content\/uploads\/2018\/11\/r2rovj9n1top82o0bqua6q07m2cin-240x172.jpg",240,172,true],"advps-thumb-one":["https:\/\/arantv.az\/wp-content\/uploads\/2018\/11\/r2rovj9n1top82o0bqua6q07m2cin.jpg",1000,563,false]},"rttpg_author":{"display_name":"V\u00fcsal Rafiqo\u011flu","author_link":"https:\/\/arantv.az\/?author=2"},"rttpg_comment":0,"rttpg_category":"<a href=\"https:\/\/arantv.az\/?cat=19\" rel=\"category\">G\u00fcnd\u0259m<\/a>","rttpg_excerpt":"ARANTV.AZ x\u0259b\u0259r verir ki, Az\u0259rbaycan istehsal\u00e7\u0131lar\u0131 daha bir beyn\u0259lxalq s\u0259rgid\u0259 i\u015ftiraka haz\u0131rla\u015f\u0131r. Noyabr\u0131n 5-d\u0259n 10-d\u0259k \u015eanxayda ke\u00e7iril\u0259c\u0259k birinci \u00c7in Beyn\u0259lxalq \u0130dxal S\u0259rgisind\u0259 Az\u0259rbaycan n\u00fcmay\u0259nd\u0259 hey\u0259ti d\u0259 t\u0259msil olunacaq. S\u0259rgi \u00e7\u0259r\u00e7iv\u0259sind\u0259 n\u00fcmay\u0259nd\u0259 hey\u0259ti m\u00fcxt\u0259lif b\u00f6lm\u0259 iclaslar\u0131nda \u00e7\u0131x\u0131\u015f ed\u0259c\u0259k, \u00c7in r\u0259smil\u0259ri il\u0259 g\u00f6r\u00fc\u015f\u0259c\u0259k. S\u0259rginin k\u0259nd t\u0259s\u0259rr\u00fcfat\u0131 v\u0259 qida m\u0259hsullar\u0131 b\u00f6lm\u0259l\u0259rind\u0259 Az\u0259rbaycan\u0131n iki pavilyonu f\u0259aliyy\u0259t g\u00f6st\u0259r\u0259c\u0259k. Pavilyonlarda \u201cMade&hellip;","_links":{"self":[{"href":"https:\/\/arantv.az\/index.php?rest_route=\/wp\/v2\/posts\/22631"}],"collection":[{"href":"https:\/\/arantv.az\/index.php?rest_route=\/wp\/v2\/posts"}],"about":[{"href":"https:\/\/arantv.az\/index.php?rest_route=\/wp\/v2\/types\/post"}],"author":[{"embeddable":true,"href":"https:\/\/arantv.az\/index.php?rest_route=\/wp\/v2\/users\/2"}],"replies":[{"embeddable":true,"href":"https:\/\/arantv.az\/index.php?rest_route=%2Fwp%2Fv2%2Fcomments&post=22631"}],"version-history":[{"count":0,"href":"https:\/\/arantv.az\/index.php?rest_route=\/wp\/v2\/posts\/22631\/revisions"}],"wp:featuredmedia":[{"embeddable":true,"href":"https:\/\/arantv.az\/index.php?rest_route=\/wp\/v2\/media\/22632"}],"wp:attachment":[{"href":"https:\/\/arantv.az\/index.php?rest_route=%2Fwp%2Fv2%2Fmedia&parent=22631"}],"wp:term":[{"taxonomy":"category","embeddable":true,"href":"https:\/\/arantv.az\/index.php?rest_route=%2Fwp%2Fv2%2Fcategories&post=22631"},{"taxonomy":"post_tag","embeddable":true,"href":"https:\/\/arantv.az\/index.php?rest_route=%2Fwp%2Fv2%2Ftags&post=22631"}],"curies":[{"name":"wp","href":"https:\/\/api.w.org\/{rel}","templated":true}]}}