{"id":22634,"date":"2018-11-02T10:39:56","date_gmt":"2018-11-02T07:39:56","guid":{"rendered":"http:\/\/arantv.az\/?p=22634"},"modified":"2018-11-02T10:39:56","modified_gmt":"2018-11-02T07:39:56","slug":"az%c9%99rbaycanin-h%c9%99yata-kecirdiyi-regional-layih%c9%99l%c9%99r-isgalci-erm%c9%99nistanin-butun-diplomatik-c%c9%99bh%c9%99l%c9%99rd%c9%99-uduzmasina-g%c9%99tirib-cixarib","status":"publish","type":"post","link":"https:\/\/arantv.az\/?p=22634","title":{"rendered":"Az\u0259rbaycan\u0131n h\u0259yata ke\u00e7irdiyi regional layih\u0259l\u0259r i\u015f\u011fal\u00e7\u0131 Erm\u0259nistan\u0131n b\u00fct\u00fcn diplomatik c\u0259bh\u0259l\u0259rd\u0259 uduzmas\u0131na g\u0259tirib \u00e7\u0131xar\u0131b"},"content":{"rendered":"<p><strong>ARANTV.AZ<\/strong> x\u0259b\u0259r verir ki, Az\u0259rbaycan\u0131n h\u0259yata ke\u00e7irdiyi regional layih\u0259l\u0259r i\u015f\u011fal\u00e7\u0131 Erm\u0259nistan\u0131n t\u0259cridinin daha da d\u0259rinl\u0259\u015fm\u0259sini, \u00f6lk\u0259d\u0259 sosial-iqtisadi m\u00fcst\u0259vid\u0259 v\u0259ziyy\u0259tin a\u011f\u0131rla\u015fmas\u0131n\u0131 s\u00fcr\u0259tl\u0259ndirib. Siyasi m\u00fc\u015fahid\u0259\u00e7il\u0259r hesab edirl\u0259r ki, Az\u0259rbaycan art\u0131q b\u00f6lg\u0259d\u0259 h\u0259yata ke\u00e7iril\u0259n d\u00fcnya \u0259h\u0259miyy\u0259tli layih\u0259l\u0259rin a\u00e7ar d\u00f6vl\u0259tin\u0259 \u00e7evrildiyi halda, Erm\u0259nistan b\u00fct\u00fcn diplomatik c\u0259bh\u0259l\u0259rd\u0259 uduzmaqda davam edir.<\/p>\n<p>Az\u0259rbaycan, T\u00fcrkiy\u0259 v\u0259 \u0130ran\u0131n xarici i\u015fl\u0259r nazirl\u0259ri oktyabr\u0131n 30-da \u0130stanbulda alt\u0131nc\u0131 \u00fc\u00e7t\u0259r\u0259fli g\u00f6r\u00fc\u015f\u00fcn n\u0259tic\u0259si olaraq imzalad\u0131qlar\u0131 b\u0259yannam\u0259d\u0259 beyn\u0259lxalq h\u00fcququn prinsipl\u0259ri, x\u00fcsusil\u0259 d\u0259 suverenlik, \u0259razi b\u00fct\u00f6vl\u00fcy\u00fc, beyn\u0259lxalq s\u0259viyy\u0259d\u0259 tan\u0131nm\u0131\u015f s\u0259rh\u0259dl\u0259rin toxunulmazl\u0131\u011f\u0131na h\u00f6rm\u0259t v\u0259 d\u0259st\u0259k, Da\u011fl\u0131q Qaraba\u011f m\u00fcnaqi\u015f\u0259sinin bu prinsipl\u0259r \u0259sas\u0131nda h\u0259llin\u0259 dair q\u0259ti v\u0259 prinsipial m\u00f6vqe ortaya qoydular. Bundan bir g\u00fcn \u0259vv\u0259l \u2013 oktyabr\u0131n 29-da yen\u0259 d\u0259 \u0130stanbulda, Az\u0259rbaycan, T\u00fcrkiy\u0259 v\u0259 G\u00fcrc\u00fcstan xarici i\u015fl\u0259r nazirl\u0259rinin \u00fc\u00e7t\u0259r\u0259fli g\u00f6r\u00fc\u015f\u00fcn\u00fcn n\u0259tic\u0259sind\u0259 q\u0259bul edil\u0259n yekun b\u0259yanatda da d\u00f6vl\u0259tl\u0259rin suverenliyi, \u0259razi b\u00fct\u00f6vl\u00fcy\u00fc v\u0259 beyn\u0259lxalq s\u0259viyy\u0259d\u0259 tan\u0131nm\u0131\u015f s\u0259rh\u0259dl\u0259rinin toxunulmazl\u0131\u011f\u0131na qar\u015f\u0131l\u0131ql\u0131 h\u00f6rm\u0259t v\u0259 q\u0259ti d\u0259st\u0259k ifad\u0259 olundu. Nazirl\u0259r bu x\u00fcsusda fiziki v\u0259 h\u00fcquqi \u015f\u0259xsl\u0259rin f\u0259aliyy\u0259tl\u0259rinin m\u0259hz s\u00f6z\u00fcged\u0259n prinsipl\u0259r\u0259 tam uy\u011fun olmas\u0131na dair raz\u0131l\u0131\u011fa g\u0259ldil\u0259r. Eyni zamanda s\u0259n\u0259dd\u0259 Erm\u0259nistan-Az\u0259rbaycan Da\u011fl\u0131q Qaraba\u011f m\u00fcnaqi\u015f\u0259sinin d\u00f6vl\u0259tl\u0259rin suverenliyi, \u0259razi b\u00fct\u00f6vl\u00fcy\u00fc, h\u0259m\u00e7inin BMT, AT\u018fT v\u0259 Avropa \u015euras\u0131n\u0131n m\u00fcvafiq q\u0259tnam\u0259l\u0259ri, b\u0259yanatlar\u0131 v\u0259 q\u0259rarlar\u0131na uy\u011fun olaraq h\u0259llin\u0259 nail olma\u011f\u0131n \u0259h\u0259miyy\u0259tini vur\u011fulad\u0131lar. B\u00fct\u00fcn qa\u00e7q\u0131n v\u0259 m\u0259cburi k\u00f6\u00e7k\u00fcnl\u0259rin do\u011fma yurd-yuvalar\u0131na t\u0259hl\u00fck\u0259siz v\u0259 l\u0259yaq\u0259tli qay\u0131d\u0131\u015f\u0131n\u0131n z\u0259ruriliyini qeyd etdil\u0259r. Az\u0259rbaycan\u0131n Xarici \u0130\u015fl\u0259r Nazirliyi bildirir ki, h\u0259min b\u0259yanatlarda region d\u00f6vl\u0259tl\u0259ri, o c\u00fcml\u0259d\u0259n \u0130ran t\u0259r\u0259find\u0259n a\u00e7\u0131q-a\u015fkar \u00f6lk\u0259mizin \u0259razi b\u00fct\u00f6vl\u00fcy\u00fcn\u0259 v\u0259 suverenliyin\u0259 d\u0259st\u0259k ifad\u0259 olunub v\u0259 m\u00fcnaqi\u015f\u0259nin m\u0259hz bu prinsipl\u0259r \u0259sas\u0131nda h\u0259llin\u0259 \u00e7a\u011f\u0131r\u0131\u015f edilib.<\/p>\n<p>Ekspertl\u0259rin fikrinc\u0259, regional layih\u0259l\u0259r r\u0259smi Bak\u0131 il\u0259 qon\u015fu \u00f6lk\u0259l\u0259r aras\u0131ndak\u0131 \u0259laq\u0259l\u0259rin y\u00fcks\u0259l\u0259n x\u0259tl\u0259 inki\u015faf\u0131n\u0131 z\u0259rur\u0259t\u0259 \u00e7evirib. H\u0259tta Az\u0259rbaycan\u0131n \u0130ranla birg\u0259 h\u0259yata ke\u00e7irdiyi layih\u0259l\u0259r fonunda Tehran v\u0259 \u0130r\u0259van aras\u0131nda \u0259vv\u0259l raz\u0131la\u015fd\u0131r\u0131l\u0131m\u0131\u015f layih\u0259l\u0259r art\u0131q s\u0131radan \u00e7\u0131x\u0131r. Bu fonda Erm\u0259nistan\u0131n t\u0259cridi daha da d\u0259rinl\u0259\u015fir. Erm\u0259ni siyasi r\u0259hb\u0259rliyi v\u0259 m\u0259tbuat\u0131 da bunu etiraf edirl\u0259r. Az\u0259rbaycan art\u0131q b\u00f6lg\u0259d\u0259 h\u0259yata ke\u00e7iril\u0259n d\u00fcnya \u0259h\u0259miyy\u0259tli layih\u0259l\u0259rin a\u00e7ar d\u00f6vl\u0259tin\u0259 \u00e7evrilib. \u0130ranla \u0259laq\u0259l\u0259rind\u0259 \u0259n diqq\u0259t\u00e7\u0259k\u0259ni \u201c\u015eimal-C\u0259nub\u201d d\u0259mir yolu layih\u0259sidir. Bu layih\u0259 d\u00fcnyan\u0131n \u0259n b\u00f6y\u00fck d\u0259mir yolu qov\u015fa\u011f\u0131na \u00e7evrilir. Bu fonda da Az\u0259rbaycana b\u00f6y\u00fck miqdarda g\u0259lir g\u0259tirm\u0259k potensial\u0131na malikdir. Layih\u0259nin a\u00e7ar\u0131 yen\u0259 d\u0259 Az\u0259rbaycand\u0131r. Bu, \u0130ran \u00fc\u00e7\u00fcn d\u0259 h\u0259yati \u0259h\u0259miyy\u0259t\u0259 malikdir. \u0130ranla ba\u015fqa bir \u0259m\u0259kda\u015fl\u0131q formas\u0131 is\u0259 Az\u0259rbaycanla birg\u0259 avtomobil v\u0259 d\u0259rman zavodlar\u0131n\u0131n tikilm\u0259sidir. \u0130ki \u00f6lk\u0259 ras\u0131nda ticar\u0259t d\u00f6vriyy\u0259si ilb\u0259il artmaqdad\u0131r. Erm\u0259nistan istisna olmaqla, qon\u015fu \u00f6lk\u0259l\u0259r Az\u0259rbaycandan ciddi t\u0259r\u0259fda\u015f kimi yararlan\u0131r. R\u0259smi Bak\u0131 siyasi \u00e7evikliyi v\u0259 iqtisadi potensial\u0131 hesab\u0131na b\u00f6lg\u0259y\u0259 n\u0259zar\u0259t edir v\u0259 m\u00fch\u00fcm prosesl\u0259rin t\u0259\u015f\u0259bb\u00fcskar\u0131 olur. Bu bax\u0131mdan Erm\u0259nistan b\u00f6lg\u0259d\u0259ki layih\u0259l\u0259rin ham\u0131s\u0131ndan k\u0259narda qal\u0131b. Bu da onun \u00fc\u00e7\u00fcn b\u00f6y\u00fck itkil\u0259r dem\u0259kdir. \u0130\u015f\u011fal\u00e7\u0131 \u00f6lk\u0259 haql\u0131 olaraq \u00f6z b\u0259d \u0259m\u0259linin c\u0259zas\u0131n\u0131 \u00e7\u0259km\u0259kd\u0259dir.<\/p>\n<p>Onu da qeyd ed\u0259k ki, bu g\u00fcnl\u0259rd\u0259 AB\u015e-\u0131n Erm\u0259nistandak\u0131 s\u0259firi Ri\u00e7ard Mills Erm\u0259nistan-Az\u0259rbaycan m\u00fcnaqi\u015f\u0259sinin h\u0259ll edilm\u0259si \u00fc\u00e7\u00fcn Erm\u0259nistan qo\u015funlar\u0131n\u0131n Az\u0259rbaycan\u0131n i\u015f\u011fal olunmu\u015f \u0259razil\u0259rind\u0259n \u00e7\u0131xar\u0131lmal\u0131 oldu\u011funu bildirmi\u015fdi. AB\u015e Prezidentinin milli t\u0259hl\u00fck\u0259sizlik m\u0259s\u0259l\u0259l\u0259ri \u00fczr\u0259 m\u00fc\u015faviri Con Bolton Erm\u0259nistanda olan zaman sanki Az\u0259rbaycan\u0131n m\u00f6vqeyini t\u0259krarlad\u0131. Realist siyas\u0259t\u00e7i olan Con Bolton bildirdi ki, \u0259g\u0259r Erm\u0259nistan dayan\u0131ql\u0131 inki\u015fafa nail olmaq ist\u0259yirs\u0259, qon\u015fu d\u00f6vl\u0259tl\u0259rl\u0259 normal m\u00fcnasib\u0259tl\u0259r qurma\u011f\u0131 bacarmal\u0131d\u0131r. Y\u0259ni Erm\u0259nistan\u0131n \u00e7\u0131x\u0131\u015f yolu bundan ibar\u0259tdir. B\u00fct\u00fcn bunlar region d\u00f6vl\u0259tl\u0259rinin v\u0259 b\u00fct\u00fcn beyn\u0259lxalq ictimaiyy\u0259tin Az\u0259rbaycan\u0131n haql\u0131 v\u0259 \u0259dal\u0259tli m\u00f6vqeyini d\u0259st\u0259kl\u0259m\u0259sinin bariz n\u00fcmun\u0259sidir.<\/p>\n<p>Bu g\u00fcn Erm\u0259nistan\u0131n iddialar\u0131na baxmayaraq, Rusiya Pa\u015finyan rejimin\u0259 inanm\u0131r v\u0259 m\u00fcnasib\u0259tl\u0259rd\u0259 g\u0259rginlik v\u0259 etimads\u0131zl\u0131q h\u00f6km s\u00fcr\u00fcr. Avropa \u0130ttifaq\u0131 Pa\u015finyan\u0131 ciddi siyas\u0259t\u00e7i kimi q\u0259bul etmir v\u0259 daha \u00e7ox g\u00f6zl\u0259m\u0259 m\u00f6vqeyi tutmaqdad\u0131r. 2017-ci ild\u0259 Serj Sarkisyan\u0131n hakimiyy\u0259ti d\u00f6vr\u00fcnd\u0259 A\u0130 Erm\u0259nistanda se\u00e7kil\u0259rin ke\u00e7irilm\u0259si \u00fc\u00e7\u00fcn 7 milyon avro ay\u0131rd\u0131\u011f\u0131 halda, Pa\u015finyana ian\u0259 olaraq c\u0259mi 3 milyon avro ay\u0131r\u0131b. Bu ilin yay\u0131nda Br\u00fcsseld\u0259 olan zaman Pa\u015finyan\u0131n A\u0130-d\u0259n \u0259v\u0259zsiz yard\u0131m formas\u0131nda bir milyard avro t\u0259l\u0259b etm\u0259si h\u0259l\u0259 d\u0259 A\u0130 kuluarlar\u0131nda g\u00fcl\u00fc\u015f obyektidir. G\u00fcrc\u00fcstanda erm\u0259nip\u0259r\u0259st siyas\u0259t\u00e7i kimi tan\u0131nan v\u0259 milli z\u0259mind\u0259 diskriminasiya xarakterli a\u00e7\u0131qlama ver\u0259n Salome Zuraba\u015fvili b\u00fct\u00fcn inzibati resurslar\u0131n s\u0259f\u0259rb\u0259r olunmas\u0131na baxmayaraq, u\u011fur qazana bilm\u0259di. B\u00fct\u00fcn bunlara istinad ed\u0259n ekspertl\u0259r hesab edirl\u0259r ki, Erm\u0259nistan\u0131n indiki r\u0259hb\u0259rliyi regional v\u0259 beyn\u0259lxalq reall\u0131\u011f\u0131 d\u00fczg\u00fcn d\u0259rk edib n\u0259tic\u0259 \u00e7\u0131xarmad\u0131\u011f\u0131 halda, i\u015f\u011fal\u00e7\u0131 \u00f6lk\u0259nin iflas\u0131 v\u0259 \u00f6z\u00fcn\u00fc t\u0259cridi daha da d\u0259rinl\u0259\u015fc\u0259k.<\/p>\n<p>&nbsp;<\/p>\n","protected":false},"excerpt":{"rendered":"<p>ARANTV.AZ x\u0259b\u0259r verir ki, Az\u0259rbaycan\u0131n h\u0259yata ke\u00e7irdiyi regional layih\u0259l\u0259r i\u015f\u011fal\u00e7\u0131 Erm\u0259nistan\u0131n t\u0259cridinin daha da d\u0259rinl\u0259\u015fm\u0259sini, \u00f6lk\u0259d\u0259 sosial-iqtisadi m\u00fcst\u0259vid\u0259 v\u0259ziyy\u0259tin a\u011f\u0131rla\u015fmas\u0131n\u0131 s\u00fcr\u0259tl\u0259ndirib. Siyasi m\u00fc\u015fahid\u0259\u00e7il\u0259r hesab edirl\u0259r ki, Az\u0259rbaycan art\u0131q b\u00f6lg\u0259d\u0259 h\u0259yata ke\u00e7iril\u0259n d\u00fcnya \u0259h\u0259miyy\u0259tli layih\u0259l\u0259rin a\u00e7ar d\u00f6vl\u0259tin\u0259 \u00e7evrildiyi halda, Erm\u0259nistan b\u00fct\u00fcn diplomatik c\u0259bh\u0259l\u0259rd\u0259 uduzmaqda davam edir. Az\u0259rbaycan, T\u00fcrkiy\u0259 v\u0259 \u0130ran\u0131n xarici i\u015fl\u0259r nazirl\u0259ri oktyabr\u0131n 30-da \u0130stanbulda alt\u0131nc\u0131 \u00fc\u00e7t\u0259r\u0259fli g\u00f6r\u00fc\u015f\u00fcn n\u0259tic\u0259si olaraq imzalad\u0131qlar\u0131 b\u0259yannam\u0259d\u0259 beyn\u0259lxalq h\u00fcququn prinsipl\u0259ri, x\u00fcsusil\u0259 d\u0259 suverenlik, \u0259razi b\u00fct\u00f6vl\u00fcy\u00fc, beyn\u0259lxalq s\u0259viyy\u0259d\u0259 tan\u0131nm\u0131\u015f s\u0259rh\u0259dl\u0259rin toxunulmazl\u0131\u011f\u0131na h\u00f6rm\u0259t v\u0259 d\u0259st\u0259k, Da\u011fl\u0131q Qaraba\u011f m\u00fcnaqi\u015f\u0259sinin bu prinsipl\u0259r \u0259sas\u0131nda h\u0259llin\u0259 dair q\u0259ti v\u0259 prinsipial m\u00f6vqe&hellip;<\/p>\n","protected":false},"author":2,"featured_media":22635,"comment_status":"closed","ping_status":"closed","sticky":false,"template":"","format":"standard","meta":{"om_disable_all_campaigns":false,"_monsterinsights_skip_tracking":false,"_monsterinsights_sitenote_active":false,"_monsterinsights_sitenote_note":"","_monsterinsights_sitenote_category":0},"categories":[4],"tags":[],"aioseo_notices":[],"gutentor_comment":0,"rttpg_featured_image_url":{"full":["https:\/\/arantv.az\/wp-content\/uploads\/2018\/11\/r2rovj9n1top82o0bqua6q07m2azturir.jpg",1000,666,false],"landscape":["https:\/\/arantv.az\/wp-content\/uploads\/2018\/11\/r2rovj9n1top82o0bqua6q07m2azturir.jpg",1000,666,false],"portraits":["https:\/\/arantv.az\/wp-content\/uploads\/2018\/11\/r2rovj9n1top82o0bqua6q07m2azturir.jpg",1000,666,false],"thumbnail":["https:\/\/arantv.az\/wp-content\/uploads\/2018\/11\/r2rovj9n1top82o0bqua6q07m2azturir-150x150.jpg",150,150,true],"medium":["https:\/\/arantv.az\/wp-content\/uploads\/2018\/11\/r2rovj9n1top82o0bqua6q07m2azturir-300x200.jpg",300,200,true],"large":["https:\/\/arantv.az\/wp-content\/uploads\/2018\/11\/r2rovj9n1top82o0bqua6q07m2azturir.jpg",640,426,false],"1536x1536":["https:\/\/arantv.az\/wp-content\/uploads\/2018\/11\/r2rovj9n1top82o0bqua6q07m2azturir.jpg",1000,666,false],"2048x2048":["https:\/\/arantv.az\/wp-content\/uploads\/2018\/11\/r2rovj9n1top82o0bqua6q07m2azturir.jpg",1000,666,false],"post-thumbnail":["https:\/\/arantv.az\/wp-content\/uploads\/2018\/11\/r2rovj9n1top82o0bqua6q07m2azturir-240x172.jpg",240,172,true],"advps-thumb-one":["https:\/\/arantv.az\/wp-content\/uploads\/2018\/11\/r2rovj9n1top82o0bqua6q07m2azturir-1000x620.jpg",1000,620,true]},"rttpg_author":{"display_name":"V\u00fcsal Rafiqo\u011flu","author_link":"https:\/\/arantv.az\/?author=2"},"rttpg_comment":0,"rttpg_category":"<a href=\"https:\/\/arantv.az\/?cat=4\" rel=\"category\">Siyas\u0259t<\/a>","rttpg_excerpt":"ARANTV.AZ x\u0259b\u0259r verir ki, Az\u0259rbaycan\u0131n h\u0259yata ke\u00e7irdiyi regional layih\u0259l\u0259r i\u015f\u011fal\u00e7\u0131 Erm\u0259nistan\u0131n t\u0259cridinin daha da d\u0259rinl\u0259\u015fm\u0259sini, \u00f6lk\u0259d\u0259 sosial-iqtisadi m\u00fcst\u0259vid\u0259 v\u0259ziyy\u0259tin a\u011f\u0131rla\u015fmas\u0131n\u0131 s\u00fcr\u0259tl\u0259ndirib. Siyasi m\u00fc\u015fahid\u0259\u00e7il\u0259r hesab edirl\u0259r ki, Az\u0259rbaycan art\u0131q b\u00f6lg\u0259d\u0259 h\u0259yata ke\u00e7iril\u0259n d\u00fcnya \u0259h\u0259miyy\u0259tli layih\u0259l\u0259rin a\u00e7ar d\u00f6vl\u0259tin\u0259 \u00e7evrildiyi halda, Erm\u0259nistan b\u00fct\u00fcn diplomatik c\u0259bh\u0259l\u0259rd\u0259 uduzmaqda davam edir. Az\u0259rbaycan, T\u00fcrkiy\u0259 v\u0259 \u0130ran\u0131n xarici i\u015fl\u0259r nazirl\u0259ri oktyabr\u0131n 30-da \u0130stanbulda&hellip;","_links":{"self":[{"href":"https:\/\/arantv.az\/index.php?rest_route=\/wp\/v2\/posts\/22634"}],"collection":[{"href":"https:\/\/arantv.az\/index.php?rest_route=\/wp\/v2\/posts"}],"about":[{"href":"https:\/\/arantv.az\/index.php?rest_route=\/wp\/v2\/types\/post"}],"author":[{"embeddable":true,"href":"https:\/\/arantv.az\/index.php?rest_route=\/wp\/v2\/users\/2"}],"replies":[{"embeddable":true,"href":"https:\/\/arantv.az\/index.php?rest_route=%2Fwp%2Fv2%2Fcomments&post=22634"}],"version-history":[{"count":0,"href":"https:\/\/arantv.az\/index.php?rest_route=\/wp\/v2\/posts\/22634\/revisions"}],"wp:featuredmedia":[{"embeddable":true,"href":"https:\/\/arantv.az\/index.php?rest_route=\/wp\/v2\/media\/22635"}],"wp:attachment":[{"href":"https:\/\/arantv.az\/index.php?rest_route=%2Fwp%2Fv2%2Fmedia&parent=22634"}],"wp:term":[{"taxonomy":"category","embeddable":true,"href":"https:\/\/arantv.az\/index.php?rest_route=%2Fwp%2Fv2%2Fcategories&post=22634"},{"taxonomy":"post_tag","embeddable":true,"href":"https:\/\/arantv.az\/index.php?rest_route=%2Fwp%2Fv2%2Ftags&post=22634"}],"curies":[{"name":"wp","href":"https:\/\/api.w.org\/{rel}","templated":true}]}}