{"id":22640,"date":"2018-11-02T10:47:46","date_gmt":"2018-11-02T07:47:46","guid":{"rendered":"http:\/\/arantv.az\/?p=22640"},"modified":"2018-11-02T10:47:46","modified_gmt":"2018-11-02T07:47:46","slug":"prezident-ilham-%c9%99liyev-at%c9%99t-in-minsk-qrupunun-h%c9%99ms%c9%99drl%c9%99rini-q%c9%99bul-edib","status":"publish","type":"post","link":"https:\/\/arantv.az\/?p=22640","title":{"rendered":"Prezident \u0130lham \u018fliyev AT\u018fT-in Minsk qrupunun h\u0259ms\u0259drl\u0259rini q\u0259bul edib"},"content":{"rendered":"<p><strong>ARANTV.AZ<\/strong> x\u0259b\u0259r verir ki, Az\u0259rbaycan Respublikas\u0131n\u0131n Prezidenti \u0130lham \u018fliyev noyabr\u0131n 1-d\u0259 AT\u018fT-in Minsk qrupunun Fransadan olan h\u0259ms\u0259dri Stefan Viskontini, Rusiyadan olan h\u0259ms\u0259dr \u0130qor Popovu, AB\u015e-dan olan h\u0259ms\u0259dr Endr\u00fc \u015eoferi v\u0259 AT\u018fT-in f\u0259aliyy\u0259td\u0259 olan s\u0259drinin x\u00fcsusi n\u00fcmay\u0259nd\u0259si Anji Kasp\u015fiki q\u0259bul edib.<\/p>\n<p>G\u00f6r\u00fc\u015fd\u0259 Erm\u0259nistan-Az\u0259rbaycan Da\u011fl\u0131q Qaraba\u011f m\u00fcnaqi\u015f\u0259sinin h\u0259lli il\u0259 ba\u011fl\u0131 dan\u0131\u015f\u0131qlar\u0131n haz\u0131rk\u0131 v\u0259ziyy\u0259ti v\u0259 perspektivl\u0259ri m\u00fczakir\u0259 edilib.<\/p>\n","protected":false},"excerpt":{"rendered":"<p>ARANTV.AZ x\u0259b\u0259r verir ki, Az\u0259rbaycan Respublikas\u0131n\u0131n Prezidenti \u0130lham \u018fliyev noyabr\u0131n 1-d\u0259 AT\u018fT-in Minsk qrupunun Fransadan olan h\u0259ms\u0259dri Stefan Viskontini, Rusiyadan olan h\u0259ms\u0259dr \u0130qor Popovu, AB\u015e-dan olan h\u0259ms\u0259dr Endr\u00fc \u015eoferi v\u0259 AT\u018fT-in f\u0259aliyy\u0259td\u0259 olan s\u0259drinin x\u00fcsusi n\u00fcmay\u0259nd\u0259si Anji Kasp\u015fiki q\u0259bul edib. G\u00f6r\u00fc\u015fd\u0259 Erm\u0259nistan-Az\u0259rbaycan Da\u011fl\u0131q Qaraba\u011f m\u00fcnaqi\u015f\u0259sinin h\u0259lli il\u0259 ba\u011fl\u0131 dan\u0131\u015f\u0131qlar\u0131n haz\u0131rk\u0131 v\u0259ziyy\u0259ti v\u0259 perspektivl\u0259ri m\u00fczakir\u0259 edilib.<\/p>\n","protected":false},"author":2,"featured_media":22641,"comment_status":"closed","ping_status":"closed","sticky":false,"template":"","format":"standard","meta":{"om_disable_all_campaigns":false,"_monsterinsights_skip_tracking":false,"_monsterinsights_sitenote_active":false,"_monsterinsights_sitenote_note":"","_monsterinsights_sitenote_category":0},"categories":[8],"tags":[],"aioseo_notices":[],"gutentor_comment":0,"rttpg_featured_image_url":{"full":["https:\/\/arantv.az\/wp-content\/uploads\/2018\/11\/r2rovj9n1top82o0bqua6q07m2il-1.jpg",1000,655,false],"landscape":["https:\/\/arantv.az\/wp-content\/uploads\/2018\/11\/r2rovj9n1top82o0bqua6q07m2il-1.jpg",1000,655,false],"portraits":["https:\/\/arantv.az\/wp-content\/uploads\/2018\/11\/r2rovj9n1top82o0bqua6q07m2il-1.jpg",1000,655,false],"thumbnail":["https:\/\/arantv.az\/wp-content\/uploads\/2018\/11\/r2rovj9n1top82o0bqua6q07m2il-1-150x150.jpg",150,150,true],"medium":["https:\/\/arantv.az\/wp-content\/uploads\/2018\/11\/r2rovj9n1top82o0bqua6q07m2il-1-300x197.jpg",300,197,true],"large":["https:\/\/arantv.az\/wp-content\/uploads\/2018\/11\/r2rovj9n1top82o0bqua6q07m2il-1.jpg",640,419,false],"1536x1536":["https:\/\/arantv.az\/wp-content\/uploads\/2018\/11\/r2rovj9n1top82o0bqua6q07m2il-1.jpg",1000,655,false],"2048x2048":["https:\/\/arantv.az\/wp-content\/uploads\/2018\/11\/r2rovj9n1top82o0bqua6q07m2il-1.jpg",1000,655,false],"post-thumbnail":["https:\/\/arantv.az\/wp-content\/uploads\/2018\/11\/r2rovj9n1top82o0bqua6q07m2il-1-240x172.jpg",240,172,true],"advps-thumb-one":["https:\/\/arantv.az\/wp-content\/uploads\/2018\/11\/r2rovj9n1top82o0bqua6q07m2il-1-1000x620.jpg",1000,620,true]},"rttpg_author":{"display_name":"V\u00fcsal Rafiqo\u011flu","author_link":"https:\/\/arantv.az\/?author=2"},"rttpg_comment":0,"rttpg_category":"<a href=\"https:\/\/arantv.az\/?cat=8\" rel=\"category\">\u018fsas s\u0259hif\u0259<\/a>","rttpg_excerpt":"ARANTV.AZ x\u0259b\u0259r verir ki, Az\u0259rbaycan Respublikas\u0131n\u0131n Prezidenti \u0130lham \u018fliyev noyabr\u0131n 1-d\u0259 AT\u018fT-in Minsk qrupunun Fransadan olan h\u0259ms\u0259dri Stefan Viskontini, Rusiyadan olan h\u0259ms\u0259dr \u0130qor Popovu, AB\u015e-dan olan h\u0259ms\u0259dr Endr\u00fc \u015eoferi v\u0259 AT\u018fT-in f\u0259aliyy\u0259td\u0259 olan s\u0259drinin x\u00fcsusi n\u00fcmay\u0259nd\u0259si Anji Kasp\u015fiki q\u0259bul edib. G\u00f6r\u00fc\u015fd\u0259 Erm\u0259nistan-Az\u0259rbaycan Da\u011fl\u0131q Qaraba\u011f m\u00fcnaqi\u015f\u0259sinin h\u0259lli il\u0259 ba\u011fl\u0131 dan\u0131\u015f\u0131qlar\u0131n haz\u0131rk\u0131 v\u0259ziyy\u0259ti v\u0259 perspektivl\u0259ri m\u00fczakir\u0259 edilib.","_links":{"self":[{"href":"https:\/\/arantv.az\/index.php?rest_route=\/wp\/v2\/posts\/22640"}],"collection":[{"href":"https:\/\/arantv.az\/index.php?rest_route=\/wp\/v2\/posts"}],"about":[{"href":"https:\/\/arantv.az\/index.php?rest_route=\/wp\/v2\/types\/post"}],"author":[{"embeddable":true,"href":"https:\/\/arantv.az\/index.php?rest_route=\/wp\/v2\/users\/2"}],"replies":[{"embeddable":true,"href":"https:\/\/arantv.az\/index.php?rest_route=%2Fwp%2Fv2%2Fcomments&post=22640"}],"version-history":[{"count":0,"href":"https:\/\/arantv.az\/index.php?rest_route=\/wp\/v2\/posts\/22640\/revisions"}],"wp:featuredmedia":[{"embeddable":true,"href":"https:\/\/arantv.az\/index.php?rest_route=\/wp\/v2\/media\/22641"}],"wp:attachment":[{"href":"https:\/\/arantv.az\/index.php?rest_route=%2Fwp%2Fv2%2Fmedia&parent=22640"}],"wp:term":[{"taxonomy":"category","embeddable":true,"href":"https:\/\/arantv.az\/index.php?rest_route=%2Fwp%2Fv2%2Fcategories&post=22640"},{"taxonomy":"post_tag","embeddable":true,"href":"https:\/\/arantv.az\/index.php?rest_route=%2Fwp%2Fv2%2Ftags&post=22640"}],"curies":[{"name":"wp","href":"https:\/\/api.w.org\/{rel}","templated":true}]}}