{"id":22662,"date":"2018-11-02T12:19:34","date_gmt":"2018-11-02T09:19:34","guid":{"rendered":"http:\/\/arantv.az\/?p=22662"},"modified":"2018-11-02T12:19:34","modified_gmt":"2018-11-02T09:19:34","slug":"komit%c9%99-s%c9%99dri-inzibati-x%c9%99talar-m%c9%99c%c9%99ll%c9%99si-tam-d%c9%99yisdirilm%c9%99lidir","status":"publish","type":"post","link":"https:\/\/arantv.az\/?p=22662","title":{"rendered":"Komit\u0259 s\u0259dri: \u0130nzibati X\u0259talar M\u0259c\u0259ll\u0259si tam d\u0259yi\u015fdirilm\u0259lidir"},"content":{"rendered":"<p>\u0130nzibati X\u0259talar M\u0259c\u0259ll\u0259sinin tam yenil\u0259ndirilm\u0259sin\u0259 ehtiyac var.<\/p>\n<p><strong>ARANTV.AZ\u00a0<\/strong>\u00a0x\u0259b\u0259r verir ki, bunu parlamentin plenar iclas\u0131nda komit\u0259 s\u0259dri Siyavu\u015f Novruzov deyib.<\/p>\n<p>O qeyd edib ki, parlamentin h\u0259r iclas\u0131nda bu M\u0259c\u0259ll\u0259y\u0259 d\u0259yi\u015fiklik edilir.<\/p>\n<div id=\"AdributorNativeVideo0\" class=\"AdributorNativeVideo\"><\/div>\n<p>Bu bax\u0131mdan komit\u0259 s\u0259dri hesab edir ki, M\u0259c\u0259ll\u0259nin yenil\u0259nm\u0259si, tam d\u0259yi\u015fdirilm\u0259si laz\u0131md\u0131r:<\/p>\n<p>\u201cOqtay m\u00fc\u0259llim, hesab edir\u0259m ki, bununla ba\u011fl\u0131 m\u00fczakir\u0259l\u0259r apar\u0131lmal\u0131, M\u0259c\u0259ll\u0259nin t\u0259kmill\u0259\u015fdirilm\u0259si y\u00f6n\u00fcnd\u0259 add\u0131mlar at\u0131lmal\u0131d\u0131r. Buna \u00e7ox ciddi ehtiyac var\u201d.oxu.az<\/p>\n","protected":false},"excerpt":{"rendered":"<p>\u0130nzibati X\u0259talar M\u0259c\u0259ll\u0259sinin tam yenil\u0259ndirilm\u0259sin\u0259 ehtiyac var. ARANTV.AZ\u00a0\u00a0x\u0259b\u0259r verir ki, bunu parlamentin plenar iclas\u0131nda komit\u0259 s\u0259dri Siyavu\u015f Novruzov deyib. O qeyd edib ki, parlamentin h\u0259r iclas\u0131nda bu M\u0259c\u0259ll\u0259y\u0259 d\u0259yi\u015fiklik edilir. Bu bax\u0131mdan komit\u0259 s\u0259dri hesab edir ki, M\u0259c\u0259ll\u0259nin yenil\u0259nm\u0259si, tam d\u0259yi\u015fdirilm\u0259si laz\u0131md\u0131r: \u201cOqtay m\u00fc\u0259llim, hesab edir\u0259m ki, bununla ba\u011fl\u0131 m\u00fczakir\u0259l\u0259r apar\u0131lmal\u0131, M\u0259c\u0259ll\u0259nin t\u0259kmill\u0259\u015fdirilm\u0259si y\u00f6n\u00fcnd\u0259 add\u0131mlar at\u0131lmal\u0131d\u0131r. Buna \u00e7ox ciddi ehtiyac var\u201d.oxu.az<\/p>\n","protected":false},"author":2,"featured_media":22663,"comment_status":"closed","ping_status":"closed","sticky":false,"template":"","format":"standard","meta":{"om_disable_all_campaigns":false,"_monsterinsights_skip_tracking":false,"_monsterinsights_sitenote_active":false,"_monsterinsights_sitenote_note":"","_monsterinsights_sitenote_category":0},"categories":[1],"tags":[],"aioseo_notices":[],"gutentor_comment":0,"rttpg_featured_image_url":{"full":["https:\/\/arantv.az\/wp-content\/uploads\/2018\/11\/v1.jpg",620,411,false],"landscape":["https:\/\/arantv.az\/wp-content\/uploads\/2018\/11\/v1.jpg",620,411,false],"portraits":["https:\/\/arantv.az\/wp-content\/uploads\/2018\/11\/v1.jpg",620,411,false],"thumbnail":["https:\/\/arantv.az\/wp-content\/uploads\/2018\/11\/v1-150x150.jpg",150,150,true],"medium":["https:\/\/arantv.az\/wp-content\/uploads\/2018\/11\/v1-300x199.jpg",300,199,true],"large":["https:\/\/arantv.az\/wp-content\/uploads\/2018\/11\/v1.jpg",620,411,false],"1536x1536":["https:\/\/arantv.az\/wp-content\/uploads\/2018\/11\/v1.jpg",620,411,false],"2048x2048":["https:\/\/arantv.az\/wp-content\/uploads\/2018\/11\/v1.jpg",620,411,false],"post-thumbnail":["https:\/\/arantv.az\/wp-content\/uploads\/2018\/11\/v1-240x172.jpg",240,172,true],"advps-thumb-one":["https:\/\/arantv.az\/wp-content\/uploads\/2018\/11\/v1.jpg",620,411,false]},"rttpg_author":{"display_name":"V\u00fcsal Rafiqo\u011flu","author_link":"https:\/\/arantv.az\/?author=2"},"rttpg_comment":0,"rttpg_category":"<a href=\"https:\/\/arantv.az\/?cat=1\" rel=\"category\">C\u0259miyy\u0259t<\/a>","rttpg_excerpt":"\u0130nzibati X\u0259talar M\u0259c\u0259ll\u0259sinin tam yenil\u0259ndirilm\u0259sin\u0259 ehtiyac var. ARANTV.AZ\u00a0\u00a0x\u0259b\u0259r verir ki, bunu parlamentin plenar iclas\u0131nda komit\u0259 s\u0259dri Siyavu\u015f Novruzov deyib. O qeyd edib ki, parlamentin h\u0259r iclas\u0131nda bu M\u0259c\u0259ll\u0259y\u0259 d\u0259yi\u015fiklik edilir. Bu bax\u0131mdan komit\u0259 s\u0259dri hesab edir ki, M\u0259c\u0259ll\u0259nin yenil\u0259nm\u0259si, tam d\u0259yi\u015fdirilm\u0259si laz\u0131md\u0131r: \u201cOqtay m\u00fc\u0259llim, hesab edir\u0259m ki, bununla ba\u011fl\u0131 m\u00fczakir\u0259l\u0259r apar\u0131lmal\u0131, M\u0259c\u0259ll\u0259nin t\u0259kmill\u0259\u015fdirilm\u0259si y\u00f6n\u00fcnd\u0259 add\u0131mlar&hellip;","_links":{"self":[{"href":"https:\/\/arantv.az\/index.php?rest_route=\/wp\/v2\/posts\/22662"}],"collection":[{"href":"https:\/\/arantv.az\/index.php?rest_route=\/wp\/v2\/posts"}],"about":[{"href":"https:\/\/arantv.az\/index.php?rest_route=\/wp\/v2\/types\/post"}],"author":[{"embeddable":true,"href":"https:\/\/arantv.az\/index.php?rest_route=\/wp\/v2\/users\/2"}],"replies":[{"embeddable":true,"href":"https:\/\/arantv.az\/index.php?rest_route=%2Fwp%2Fv2%2Fcomments&post=22662"}],"version-history":[{"count":0,"href":"https:\/\/arantv.az\/index.php?rest_route=\/wp\/v2\/posts\/22662\/revisions"}],"wp:featuredmedia":[{"embeddable":true,"href":"https:\/\/arantv.az\/index.php?rest_route=\/wp\/v2\/media\/22663"}],"wp:attachment":[{"href":"https:\/\/arantv.az\/index.php?rest_route=%2Fwp%2Fv2%2Fmedia&parent=22662"}],"wp:term":[{"taxonomy":"category","embeddable":true,"href":"https:\/\/arantv.az\/index.php?rest_route=%2Fwp%2Fv2%2Fcategories&post=22662"},{"taxonomy":"post_tag","embeddable":true,"href":"https:\/\/arantv.az\/index.php?rest_route=%2Fwp%2Fv2%2Ftags&post=22662"}],"curies":[{"name":"wp","href":"https:\/\/api.w.org\/{rel}","templated":true}]}}