{"id":22706,"date":"2018-11-02T15:36:47","date_gmt":"2018-11-02T12:36:47","guid":{"rendered":"http:\/\/arantv.az\/?p=22706"},"modified":"2018-11-02T15:36:47","modified_gmt":"2018-11-02T12:36:47","slug":"t%c9%99klif-n%c9%99sli-k%c9%99silm%c9%99kd%c9%99-olan-baliqlarin-artimi-ucun-muasir-fermalar-yaradilmalidir","status":"publish","type":"post","link":"https:\/\/arantv.az\/?p=22706","title":{"rendered":"T\u018fKL\u0130F: N\u0259sli k\u0259silm\u0259kd\u0259 olan bal\u0131qlar\u0131n art\u0131m\u0131 \u00fc\u00e7\u00fcn m\u00fcasir fermalar yarad\u0131lmal\u0131d\u0131r"},"content":{"rendered":"<p><strong>&#8220;N\u0259sli k\u0259silm\u0259kd\u0259 olan bal\u0131qlar\u0131n art\u0131m\u0131na nail olmaq \u00fc\u00e7\u00fcn su h\u00f6vz\u0259l\u0259rind\u0259 sivil v\u0259 m\u00fcasir fermalar yarad\u0131lmal\u0131d\u0131r&#8221;.<\/strong><\/p>\n<p><strong>ARANTV.AZ<\/strong> trend-\u0259 istinad\u0259n x\u0259b\u0259r verir ki, bunu Ekologiya v\u0259 T\u0259bii S\u0259rv\u0259tl\u0259r Nazirliyinin m\u0259tbuat katibi \u0130rad\u0259 \u0130brahimova deyib.<\/p>\n<p>O qeyd edib ki, \u00f6lk\u0259mizd\u0259 dig\u0259r ekoloji probleml\u0259rl\u0259 yana\u015f\u0131, bal\u0131q ehtiyatlar\u0131n\u0131n t\u00fck\u0259nm\u0259 t\u0259hl\u00fck\u0259si d\u0259 var.<\/p>\n<div id=\"AdributorNativeVideo0\" class=\"AdributorNativeVideo\"><\/div>\n<p>\u0130.\u0130brahimova \u0259lav\u0259 edib ki, bu g\u00fcn \u0259n vacib v\u0259 \u0259n aktual m\u0259s\u0259l\u0259 X\u0259z\u0259r d\u0259nizind\u0259ki bal\u0131q n\u00f6vl\u0259rinin, x\u00fcsus\u0259n d\u0259 n\u0259sli k\u0259silm\u0259kd\u0259 olan n\u0259r\u0259 cinsli bal\u0131qlar\u0131n azalmas\u0131n\u0131n qar\u015f\u0131s\u0131n\u0131 almaq v\u0259 art\u0131m\u0131na nail olmaqd\u0131r:<\/p>\n<p>&#8220;Bunun \u00fc\u00e7\u00fcn \u0259sas \u00e7\u0131x\u0131\u015f yollar\u0131ndan biri d\u0259 b\u00fct\u00fcn d\u00fcnyada oldu\u011fu kimi, \u00f6lk\u0259mizd\u0259 d\u0259 t\u0259bii v\u0259 s\u00fcni su h\u00f6vz\u0259l\u0259rind\u0259 m\u00fcasir fermalar\u0131n yarad\u0131lmas\u0131d\u0131r. Bu c\u00fcr bal\u0131q\u00e7\u0131l\u0131q fermalar\u0131n\u0131n yarad\u0131lmas\u0131 \u0259halinin qida z\u0259ncirind\u0259 bal\u0131q m\u0259hsullar\u0131n\u0131n yer almas\u0131na, qiym\u0259tinin ucuzla\u015fmas\u0131na, h\u0259m d\u0259 regionlarda i\u015f yerl\u0259rinin a\u00e7\u0131lmas\u0131na s\u0259b\u0259b olar&#8221;.<\/p>\n","protected":false},"excerpt":{"rendered":"<p>&#8220;N\u0259sli k\u0259silm\u0259kd\u0259 olan bal\u0131qlar\u0131n art\u0131m\u0131na nail olmaq \u00fc\u00e7\u00fcn su h\u00f6vz\u0259l\u0259rind\u0259 sivil v\u0259 m\u00fcasir fermalar yarad\u0131lmal\u0131d\u0131r&#8221;. ARANTV.AZ trend-\u0259 istinad\u0259n x\u0259b\u0259r verir ki, bunu Ekologiya v\u0259 T\u0259bii S\u0259rv\u0259tl\u0259r Nazirliyinin m\u0259tbuat katibi \u0130rad\u0259 \u0130brahimova deyib. O qeyd edib ki, \u00f6lk\u0259mizd\u0259 dig\u0259r ekoloji probleml\u0259rl\u0259 yana\u015f\u0131, bal\u0131q ehtiyatlar\u0131n\u0131n t\u00fck\u0259nm\u0259 t\u0259hl\u00fck\u0259si d\u0259 var. \u0130.\u0130brahimova \u0259lav\u0259 edib ki, bu g\u00fcn \u0259n vacib v\u0259 \u0259n aktual m\u0259s\u0259l\u0259 X\u0259z\u0259r d\u0259nizind\u0259ki bal\u0131q n\u00f6vl\u0259rinin, x\u00fcsus\u0259n d\u0259 n\u0259sli k\u0259silm\u0259kd\u0259 olan n\u0259r\u0259 cinsli bal\u0131qlar\u0131n azalmas\u0131n\u0131n qar\u015f\u0131s\u0131n\u0131 almaq v\u0259 art\u0131m\u0131na nail olmaqd\u0131r: &#8220;Bunun \u00fc\u00e7\u00fcn \u0259sas \u00e7\u0131x\u0131\u015f yollar\u0131ndan biri d\u0259 b\u00fct\u00fcn d\u00fcnyada oldu\u011fu kimi, \u00f6lk\u0259mizd\u0259&hellip;<\/p>\n","protected":false},"author":2,"featured_media":22707,"comment_status":"closed","ping_status":"closed","sticky":false,"template":"","format":"standard","meta":{"om_disable_all_campaigns":false,"_monsterinsights_skip_tracking":false,"_monsterinsights_sitenote_active":false,"_monsterinsights_sitenote_note":"","_monsterinsights_sitenote_category":0},"categories":[1],"tags":[],"aioseo_notices":[],"gutentor_comment":0,"rttpg_featured_image_url":{"full":["https:\/\/arantv.az\/wp-content\/uploads\/2018\/11\/700262.jpg",800,600,false],"landscape":["https:\/\/arantv.az\/wp-content\/uploads\/2018\/11\/700262.jpg",800,600,false],"portraits":["https:\/\/arantv.az\/wp-content\/uploads\/2018\/11\/700262.jpg",800,600,false],"thumbnail":["https:\/\/arantv.az\/wp-content\/uploads\/2018\/11\/700262-150x150.jpg",150,150,true],"medium":["https:\/\/arantv.az\/wp-content\/uploads\/2018\/11\/700262-300x225.jpg",300,225,true],"large":["https:\/\/arantv.az\/wp-content\/uploads\/2018\/11\/700262.jpg",640,480,false],"1536x1536":["https:\/\/arantv.az\/wp-content\/uploads\/2018\/11\/700262.jpg",800,600,false],"2048x2048":["https:\/\/arantv.az\/wp-content\/uploads\/2018\/11\/700262.jpg",800,600,false],"post-thumbnail":["https:\/\/arantv.az\/wp-content\/uploads\/2018\/11\/700262-240x172.jpg",240,172,true],"advps-thumb-one":["https:\/\/arantv.az\/wp-content\/uploads\/2018\/11\/700262.jpg",800,600,false]},"rttpg_author":{"display_name":"V\u00fcsal Rafiqo\u011flu","author_link":"https:\/\/arantv.az\/?author=2"},"rttpg_comment":0,"rttpg_category":"<a href=\"https:\/\/arantv.az\/?cat=1\" rel=\"category\">C\u0259miyy\u0259t<\/a>","rttpg_excerpt":"&#8220;N\u0259sli k\u0259silm\u0259kd\u0259 olan bal\u0131qlar\u0131n art\u0131m\u0131na nail olmaq \u00fc\u00e7\u00fcn su h\u00f6vz\u0259l\u0259rind\u0259 sivil v\u0259 m\u00fcasir fermalar yarad\u0131lmal\u0131d\u0131r&#8221;. ARANTV.AZ trend-\u0259 istinad\u0259n x\u0259b\u0259r verir ki, bunu Ekologiya v\u0259 T\u0259bii S\u0259rv\u0259tl\u0259r Nazirliyinin m\u0259tbuat katibi \u0130rad\u0259 \u0130brahimova deyib. O qeyd edib ki, \u00f6lk\u0259mizd\u0259 dig\u0259r ekoloji probleml\u0259rl\u0259 yana\u015f\u0131, bal\u0131q ehtiyatlar\u0131n\u0131n t\u00fck\u0259nm\u0259 t\u0259hl\u00fck\u0259si d\u0259 var. \u0130.\u0130brahimova \u0259lav\u0259 edib ki, bu g\u00fcn \u0259n vacib&hellip;","_links":{"self":[{"href":"https:\/\/arantv.az\/index.php?rest_route=\/wp\/v2\/posts\/22706"}],"collection":[{"href":"https:\/\/arantv.az\/index.php?rest_route=\/wp\/v2\/posts"}],"about":[{"href":"https:\/\/arantv.az\/index.php?rest_route=\/wp\/v2\/types\/post"}],"author":[{"embeddable":true,"href":"https:\/\/arantv.az\/index.php?rest_route=\/wp\/v2\/users\/2"}],"replies":[{"embeddable":true,"href":"https:\/\/arantv.az\/index.php?rest_route=%2Fwp%2Fv2%2Fcomments&post=22706"}],"version-history":[{"count":0,"href":"https:\/\/arantv.az\/index.php?rest_route=\/wp\/v2\/posts\/22706\/revisions"}],"wp:featuredmedia":[{"embeddable":true,"href":"https:\/\/arantv.az\/index.php?rest_route=\/wp\/v2\/media\/22707"}],"wp:attachment":[{"href":"https:\/\/arantv.az\/index.php?rest_route=%2Fwp%2Fv2%2Fmedia&parent=22706"}],"wp:term":[{"taxonomy":"category","embeddable":true,"href":"https:\/\/arantv.az\/index.php?rest_route=%2Fwp%2Fv2%2Fcategories&post=22706"},{"taxonomy":"post_tag","embeddable":true,"href":"https:\/\/arantv.az\/index.php?rest_route=%2Fwp%2Fv2%2Ftags&post=22706"}],"curies":[{"name":"wp","href":"https:\/\/api.w.org\/{rel}","templated":true}]}}