{"id":22713,"date":"2018-11-02T15:44:13","date_gmt":"2018-11-02T12:44:13","guid":{"rendered":"http:\/\/arantv.az\/?p=22713"},"modified":"2018-11-02T15:44:13","modified_gmt":"2018-11-02T12:44:13","slug":"mudafi%c9%99-naziri-at%c9%99t-in-minsk-qrupunun-h%c9%99ms%c9%99drl%c9%99ri-il%c9%99-gorusub","status":"publish","type":"post","link":"https:\/\/arantv.az\/?p=22713","title":{"rendered":"M\u00fcdafi\u0259 naziri AT\u018fT-in Minsk qrupunun h\u0259ms\u0259drl\u0259ri il\u0259 g\u00f6r\u00fc\u015f\u00fcb"},"content":{"rendered":"<div class=\"vi_in_desc\">\n<div class=\"vi_text\">\n<p><strong>ARANTV.AZ<\/strong> x\u0259b\u0259r verir ki, Noyabr\u0131n 2-d\u0259 Az\u0259rbaycan Respublikas\u0131n\u0131n M\u00fcdafi\u0259 naziri general-polkovnik Zakir H\u0259s\u0259nov \u00f6lk\u0259mizd\u0259 s\u0259f\u0259rd\u0259 olan AT\u018fT-in Minsk qrupunun h\u0259ms\u0259drl\u0259ri \u0130qor Popov (Rusiya), Endr\u00fc \u015eofer (AB\u015e), Stefan Viskonti (Fransa) v\u0259 AT\u018fT-in f\u0259aliyy\u0259td\u0259 olan s\u0259drinin \u015f\u0259xsi n\u00fcmay\u0259nd\u0259si Anji Kasp\u015fik il\u0259 g\u00f6r\u00fc\u015f\u00fcb.<br \/>\nG\u00f6r\u00fc\u015fd\u0259 qo\u015funlar\u0131n t\u0259mas x\u0259ttind\u0259ki son v\u0259ziyy\u0259t v\u0259 Erm\u0259nistan-Az\u0259rbaycan, Da\u011fl\u0131q Qaraba\u011f m\u00fcnaqi\u015f\u0259sinin h\u0259lli perspektivl\u0259ri m\u00fczakir\u0259 olunub.<\/p>\n<\/div>\n<p><img src=\"https:\/\/mod.gov.az\/\/images\/gallery\/0f8a0a088e2aaf65cf6a8095b9b44577.jpg\" \/><\/div>\n<div><\/div>\n","protected":false},"excerpt":{"rendered":"<p>ARANTV.AZ x\u0259b\u0259r verir ki, Noyabr\u0131n 2-d\u0259 Az\u0259rbaycan Respublikas\u0131n\u0131n M\u00fcdafi\u0259 naziri general-polkovnik Zakir H\u0259s\u0259nov \u00f6lk\u0259mizd\u0259 s\u0259f\u0259rd\u0259 olan AT\u018fT-in Minsk qrupunun h\u0259ms\u0259drl\u0259ri \u0130qor Popov (Rusiya), Endr\u00fc \u015eofer (AB\u015e), Stefan Viskonti (Fransa) v\u0259 AT\u018fT-in f\u0259aliyy\u0259td\u0259 olan s\u0259drinin \u015f\u0259xsi n\u00fcmay\u0259nd\u0259si Anji Kasp\u015fik il\u0259 g\u00f6r\u00fc\u015f\u00fcb. G\u00f6r\u00fc\u015fd\u0259 qo\u015funlar\u0131n t\u0259mas x\u0259ttind\u0259ki son v\u0259ziyy\u0259t v\u0259 Erm\u0259nistan-Az\u0259rbaycan, Da\u011fl\u0131q Qaraba\u011f m\u00fcnaqi\u015f\u0259sinin h\u0259lli perspektivl\u0259ri m\u00fczakir\u0259 olunub.<\/p>\n","protected":false},"author":2,"featured_media":22714,"comment_status":"closed","ping_status":"closed","sticky":false,"template":"","format":"standard","meta":{"om_disable_all_campaigns":false,"_monsterinsights_skip_tracking":false,"_monsterinsights_sitenote_active":false,"_monsterinsights_sitenote_note":"","_monsterinsights_sitenote_category":0},"categories":[19],"tags":[],"aioseo_notices":[],"gutentor_comment":0,"rttpg_featured_image_url":{"full":["https:\/\/arantv.az\/wp-content\/uploads\/2018\/11\/0f8a0a088e2aaf65cf6a8095b9b44577.jpg",1000,636,false],"landscape":["https:\/\/arantv.az\/wp-content\/uploads\/2018\/11\/0f8a0a088e2aaf65cf6a8095b9b44577.jpg",1000,636,false],"portraits":["https:\/\/arantv.az\/wp-content\/uploads\/2018\/11\/0f8a0a088e2aaf65cf6a8095b9b44577.jpg",1000,636,false],"thumbnail":["https:\/\/arantv.az\/wp-content\/uploads\/2018\/11\/0f8a0a088e2aaf65cf6a8095b9b44577-150x150.jpg",150,150,true],"medium":["https:\/\/arantv.az\/wp-content\/uploads\/2018\/11\/0f8a0a088e2aaf65cf6a8095b9b44577-300x191.jpg",300,191,true],"large":["https:\/\/arantv.az\/wp-content\/uploads\/2018\/11\/0f8a0a088e2aaf65cf6a8095b9b44577.jpg",640,407,false],"1536x1536":["https:\/\/arantv.az\/wp-content\/uploads\/2018\/11\/0f8a0a088e2aaf65cf6a8095b9b44577.jpg",1000,636,false],"2048x2048":["https:\/\/arantv.az\/wp-content\/uploads\/2018\/11\/0f8a0a088e2aaf65cf6a8095b9b44577.jpg",1000,636,false],"post-thumbnail":["https:\/\/arantv.az\/wp-content\/uploads\/2018\/11\/0f8a0a088e2aaf65cf6a8095b9b44577-240x172.jpg",240,172,true],"advps-thumb-one":["https:\/\/arantv.az\/wp-content\/uploads\/2018\/11\/0f8a0a088e2aaf65cf6a8095b9b44577-1000x620.jpg",1000,620,true]},"rttpg_author":{"display_name":"V\u00fcsal Rafiqo\u011flu","author_link":"https:\/\/arantv.az\/?author=2"},"rttpg_comment":0,"rttpg_category":"<a href=\"https:\/\/arantv.az\/?cat=19\" rel=\"category\">G\u00fcnd\u0259m<\/a>","rttpg_excerpt":"ARANTV.AZ x\u0259b\u0259r verir ki, Noyabr\u0131n 2-d\u0259 Az\u0259rbaycan Respublikas\u0131n\u0131n M\u00fcdafi\u0259 naziri general-polkovnik Zakir H\u0259s\u0259nov \u00f6lk\u0259mizd\u0259 s\u0259f\u0259rd\u0259 olan AT\u018fT-in Minsk qrupunun h\u0259ms\u0259drl\u0259ri \u0130qor Popov (Rusiya), Endr\u00fc \u015eofer (AB\u015e), Stefan Viskonti (Fransa) v\u0259 AT\u018fT-in f\u0259aliyy\u0259td\u0259 olan s\u0259drinin \u015f\u0259xsi n\u00fcmay\u0259nd\u0259si Anji Kasp\u015fik il\u0259 g\u00f6r\u00fc\u015f\u00fcb. G\u00f6r\u00fc\u015fd\u0259 qo\u015funlar\u0131n t\u0259mas x\u0259ttind\u0259ki son v\u0259ziyy\u0259t v\u0259 Erm\u0259nistan-Az\u0259rbaycan, Da\u011fl\u0131q Qaraba\u011f m\u00fcnaqi\u015f\u0259sinin h\u0259lli perspektivl\u0259ri m\u00fczakir\u0259 olunub.","_links":{"self":[{"href":"https:\/\/arantv.az\/index.php?rest_route=\/wp\/v2\/posts\/22713"}],"collection":[{"href":"https:\/\/arantv.az\/index.php?rest_route=\/wp\/v2\/posts"}],"about":[{"href":"https:\/\/arantv.az\/index.php?rest_route=\/wp\/v2\/types\/post"}],"author":[{"embeddable":true,"href":"https:\/\/arantv.az\/index.php?rest_route=\/wp\/v2\/users\/2"}],"replies":[{"embeddable":true,"href":"https:\/\/arantv.az\/index.php?rest_route=%2Fwp%2Fv2%2Fcomments&post=22713"}],"version-history":[{"count":0,"href":"https:\/\/arantv.az\/index.php?rest_route=\/wp\/v2\/posts\/22713\/revisions"}],"wp:featuredmedia":[{"embeddable":true,"href":"https:\/\/arantv.az\/index.php?rest_route=\/wp\/v2\/media\/22714"}],"wp:attachment":[{"href":"https:\/\/arantv.az\/index.php?rest_route=%2Fwp%2Fv2%2Fmedia&parent=22713"}],"wp:term":[{"taxonomy":"category","embeddable":true,"href":"https:\/\/arantv.az\/index.php?rest_route=%2Fwp%2Fv2%2Fcategories&post=22713"},{"taxonomy":"post_tag","embeddable":true,"href":"https:\/\/arantv.az\/index.php?rest_route=%2Fwp%2Fv2%2Ftags&post=22713"}],"curies":[{"name":"wp","href":"https:\/\/api.w.org\/{rel}","templated":true}]}}