{"id":22721,"date":"2018-11-02T16:22:16","date_gmt":"2018-11-02T13:22:16","guid":{"rendered":"http:\/\/arantv.az\/?p=22721"},"modified":"2018-11-02T16:22:16","modified_gmt":"2018-11-02T13:22:16","slug":"bh%c9%99dm-nin-s%c9%99dri-vusal-bayramov-%c9%99m%c9%99liyyat-olundu","status":"publish","type":"post","link":"https:\/\/arantv.az\/?p=22721","title":{"rendered":"BH\u018fDM-nin s\u0259dri V\u00fcsal Bayramov \u0259m\u0259liyyat olundu"},"content":{"rendered":"<p>X\u0259b\u0259r verildiyi kimi\u00a0 BH\u018fDM-nin s\u0259dri V\u00fcsal Bayramov d\u00fcn\u0259n \u0259m\u0259liyyat olunmaq \u00fc\u00e7\u00fcn M\u0259rk\u0259zi Klinikaya yerl\u0259\u015fdirilib.Bu bar\u0259d\u0259 V\u00fcsal Bayramovun atas\u0131 Rafiq H\u00fcseyinov bildirib ki, \u0259m\u0259liyyat bu g\u00fcn ba\u015f tutub. Haz\u0131rda V\u00fcsal Bayramov reanimasiyadad\u0131r. S\u0259hh\u0259ti normal, q\u0259na\u0259tb\u0259x\u015f hesab olunur.<\/p>\n<p><strong>ARANTV.AZ<\/strong> x\u0259b\u0259r verir ki, Rafiq H\u00fcseyinovun s\u00f6zl\u0259rin\u0259 g\u00f6r\u0259 V\u00fcsal Bayramov a\u011f\u0131r ma\u015f\u0131n q\u0259zas\u0131 ke\u00e7irdiyind\u0259n sa\u011f aya\u011f\u0131n\u0131n yuxar\u0131 \u00e7anaq hiss\u0259sinin \u00a0q\u0131r\u0131qlar\u0131 say\u0259sind\u0259 m\u0259hdud yerim\u0259 v\u0259ziyy\u0259ti yaran\u0131b. Sa\u011flaml\u0131\u011f\u0131 b\u0259rpa el\u0259m\u0259k m\u0259qs\u0259dil\u0259 n\u00f6vb\u0259ti \u0259m\u0259liyyat\u0131n ke\u00e7irilm\u0259si laz\u0131m g\u0259lib. H\u0259kiml\u0259rin tibbi , c\u0259rrahi m\u00fcdaxil\u0259si say\u0259sind\u0259 a\u015fa\u011f\u0131 \u0259traflar\u0131n oynaq hiss\u0259sind\u0259 s\u00fcni \u015farikl\u0259rin yerl\u0259\u015fdirilm\u0259si il\u0259 sa\u011flaml\u0131\u011f\u0131n b\u0259rpas\u0131 h\u0259yata ke\u00e7iril\u0259c\u0259k.<\/p>\n<p>V\u00fcsal Bayramovun atas\u0131 Rafiq H\u00fcseynovun bildirdiyin\u0259 g\u00f6r\u0259, h\u0259kiml\u0259r m\u0259sl\u0259h\u0259t bils\u0259 , sabahdan m\u00fcalic\u0259 palata \u015f\u0259raitin\u0259 ke\u00e7iril\u0259c\u0259k.<\/p>\n","protected":false},"excerpt":{"rendered":"<p>X\u0259b\u0259r verildiyi kimi\u00a0 BH\u018fDM-nin s\u0259dri V\u00fcsal Bayramov d\u00fcn\u0259n \u0259m\u0259liyyat olunmaq \u00fc\u00e7\u00fcn M\u0259rk\u0259zi Klinikaya yerl\u0259\u015fdirilib.Bu bar\u0259d\u0259 V\u00fcsal Bayramovun atas\u0131 Rafiq H\u00fcseyinov bildirib ki, \u0259m\u0259liyyat bu g\u00fcn ba\u015f tutub. Haz\u0131rda V\u00fcsal Bayramov reanimasiyadad\u0131r. S\u0259hh\u0259ti normal, q\u0259na\u0259tb\u0259x\u015f hesab olunur. ARANTV.AZ x\u0259b\u0259r verir ki, Rafiq H\u00fcseyinovun s\u00f6zl\u0259rin\u0259 g\u00f6r\u0259 V\u00fcsal Bayramov a\u011f\u0131r ma\u015f\u0131n q\u0259zas\u0131 ke\u00e7irdiyind\u0259n sa\u011f aya\u011f\u0131n\u0131n yuxar\u0131 \u00e7anaq hiss\u0259sinin \u00a0q\u0131r\u0131qlar\u0131 say\u0259sind\u0259 m\u0259hdud yerim\u0259 v\u0259ziyy\u0259ti yaran\u0131b. Sa\u011flaml\u0131\u011f\u0131 b\u0259rpa el\u0259m\u0259k m\u0259qs\u0259dil\u0259 n\u00f6vb\u0259ti \u0259m\u0259liyyat\u0131n ke\u00e7irilm\u0259si laz\u0131m g\u0259lib. H\u0259kiml\u0259rin tibbi , c\u0259rrahi m\u00fcdaxil\u0259si say\u0259sind\u0259 a\u015fa\u011f\u0131 \u0259traflar\u0131n oynaq hiss\u0259sind\u0259 s\u00fcni \u015farikl\u0259rin yerl\u0259\u015fdirilm\u0259si il\u0259 sa\u011flaml\u0131\u011f\u0131n b\u0259rpas\u0131 h\u0259yata ke\u00e7iril\u0259c\u0259k. V\u00fcsal Bayramovun&hellip;<\/p>\n","protected":false},"author":2,"featured_media":22722,"comment_status":"closed","ping_status":"closed","sticky":false,"template":"","format":"standard","meta":{"om_disable_all_campaigns":false,"_monsterinsights_skip_tracking":false,"_monsterinsights_sitenote_active":false,"_monsterinsights_sitenote_note":"","_monsterinsights_sitenote_category":0},"categories":[19],"tags":[],"aioseo_notices":[],"gutentor_comment":0,"rttpg_featured_image_url":{"full":["https:\/\/arantv.az\/wp-content\/uploads\/2018\/11\/35241457_1873659909593159_3689935081213788160_n.jpg",206,206,false],"landscape":["https:\/\/arantv.az\/wp-content\/uploads\/2018\/11\/35241457_1873659909593159_3689935081213788160_n.jpg",206,206,false],"portraits":["https:\/\/arantv.az\/wp-content\/uploads\/2018\/11\/35241457_1873659909593159_3689935081213788160_n.jpg",206,206,false],"thumbnail":["https:\/\/arantv.az\/wp-content\/uploads\/2018\/11\/35241457_1873659909593159_3689935081213788160_n-150x150.jpg",150,150,true],"medium":["https:\/\/arantv.az\/wp-content\/uploads\/2018\/11\/35241457_1873659909593159_3689935081213788160_n.jpg",206,206,false],"large":["https:\/\/arantv.az\/wp-content\/uploads\/2018\/11\/35241457_1873659909593159_3689935081213788160_n.jpg",206,206,false],"1536x1536":["https:\/\/arantv.az\/wp-content\/uploads\/2018\/11\/35241457_1873659909593159_3689935081213788160_n.jpg",206,206,false],"2048x2048":["https:\/\/arantv.az\/wp-content\/uploads\/2018\/11\/35241457_1873659909593159_3689935081213788160_n.jpg",206,206,false],"post-thumbnail":["https:\/\/arantv.az\/wp-content\/uploads\/2018\/11\/35241457_1873659909593159_3689935081213788160_n-206x172.jpg",206,172,true],"advps-thumb-one":["https:\/\/arantv.az\/wp-content\/uploads\/2018\/11\/35241457_1873659909593159_3689935081213788160_n.jpg",206,206,false]},"rttpg_author":{"display_name":"V\u00fcsal Rafiqo\u011flu","author_link":"https:\/\/arantv.az\/?author=2"},"rttpg_comment":0,"rttpg_category":"<a href=\"https:\/\/arantv.az\/?cat=19\" rel=\"category\">G\u00fcnd\u0259m<\/a>","rttpg_excerpt":"X\u0259b\u0259r verildiyi kimi\u00a0 BH\u018fDM-nin s\u0259dri V\u00fcsal Bayramov d\u00fcn\u0259n \u0259m\u0259liyyat olunmaq \u00fc\u00e7\u00fcn M\u0259rk\u0259zi Klinikaya yerl\u0259\u015fdirilib.Bu bar\u0259d\u0259 V\u00fcsal Bayramovun atas\u0131 Rafiq H\u00fcseyinov bildirib ki, \u0259m\u0259liyyat bu g\u00fcn ba\u015f tutub. Haz\u0131rda V\u00fcsal Bayramov reanimasiyadad\u0131r. S\u0259hh\u0259ti normal, q\u0259na\u0259tb\u0259x\u015f hesab olunur. ARANTV.AZ x\u0259b\u0259r verir ki, Rafiq H\u00fcseyinovun s\u00f6zl\u0259rin\u0259 g\u00f6r\u0259 V\u00fcsal Bayramov a\u011f\u0131r ma\u015f\u0131n q\u0259zas\u0131 ke\u00e7irdiyind\u0259n sa\u011f aya\u011f\u0131n\u0131n yuxar\u0131 \u00e7anaq hiss\u0259sinin&hellip;","_links":{"self":[{"href":"https:\/\/arantv.az\/index.php?rest_route=\/wp\/v2\/posts\/22721"}],"collection":[{"href":"https:\/\/arantv.az\/index.php?rest_route=\/wp\/v2\/posts"}],"about":[{"href":"https:\/\/arantv.az\/index.php?rest_route=\/wp\/v2\/types\/post"}],"author":[{"embeddable":true,"href":"https:\/\/arantv.az\/index.php?rest_route=\/wp\/v2\/users\/2"}],"replies":[{"embeddable":true,"href":"https:\/\/arantv.az\/index.php?rest_route=%2Fwp%2Fv2%2Fcomments&post=22721"}],"version-history":[{"count":0,"href":"https:\/\/arantv.az\/index.php?rest_route=\/wp\/v2\/posts\/22721\/revisions"}],"wp:featuredmedia":[{"embeddable":true,"href":"https:\/\/arantv.az\/index.php?rest_route=\/wp\/v2\/media\/22722"}],"wp:attachment":[{"href":"https:\/\/arantv.az\/index.php?rest_route=%2Fwp%2Fv2%2Fmedia&parent=22721"}],"wp:term":[{"taxonomy":"category","embeddable":true,"href":"https:\/\/arantv.az\/index.php?rest_route=%2Fwp%2Fv2%2Fcategories&post=22721"},{"taxonomy":"post_tag","embeddable":true,"href":"https:\/\/arantv.az\/index.php?rest_route=%2Fwp%2Fv2%2Ftags&post=22721"}],"curies":[{"name":"wp","href":"https:\/\/api.w.org\/{rel}","templated":true}]}}