{"id":22747,"date":"2018-11-03T10:55:08","date_gmt":"2018-11-03T07:55:08","guid":{"rendered":"http:\/\/arantv.az\/?p=22747"},"modified":"2018-11-03T10:55:08","modified_gmt":"2018-11-03T07:55:08","slug":"bakida-kafed%c9%99-yangin-uc-olu","status":"publish","type":"post","link":"https:\/\/arantv.az\/?p=22747","title":{"rendered":"Bak\u0131da kafed\u0259 yan\u011f\u0131n, \u00fc\u00e7 \u00f6l\u00fc"},"content":{"rendered":"<p>Bak\u0131da \u00fc\u00e7 n\u0259f\u0259rin \u00f6l\u00fcm\u00fc il\u0259 n\u0259tic\u0259l\u0259n\u0259n yan\u011f\u0131n olub.<\/p>\n<p><strong>ARANTV.AZ<\/strong> x\u0259b\u0259r verir ki, hadis\u0259 N\u0259rimanov rayonunda d\u00f6rdm\u0259rt\u0259b\u0259li ya\u015fay\u0131\u015f binas\u0131n\u0131n zirz\u0259misind\u0259 yerl\u0259\u015f\u0259n kafed\u0259 ba\u015f verib.<\/p>\n<div id=\"AdributorNativeVideo0\" class=\"AdributorNativeVideo\"><\/div>\n<p>Yan\u011f\u0131n\u0131n k\u0259\u015ffiyyat\u0131 zaman\u0131 t\u00fcst\u00fcd\u0259n bo\u011fulmu\u015f 1989-cu il t\u0259v\u0259ll\u00fcdl\u00fc \u018fliyev K\u0259r\u0259m \u018fli o\u011flunun, 1982-ci il t\u0259v\u0259ll\u00fcdl\u00fc \u018fhm\u0259dov B\u0259hruz Fazil o\u011flunun v\u0259 daha 1 n\u0259f\u0259rin (\u015f\u0259xsiyy\u0259ti d\u0259qiql\u0259\u015fdirilir) meyiti a\u015fkar edilib.<\/p>\n<div><iframe loading=\"lazy\" src=\"https:\/\/player.baku.tv\/embed\/4794\" width=\"560\" height=\"315\" frameborder=\"0\" allowfullscreen=\"allowfullscreen\" data-mce-fragment=\"1\"><\/iframe><\/div>\n<p><b>oxu.az<\/b><\/p>\n","protected":false},"excerpt":{"rendered":"<p>Bak\u0131da \u00fc\u00e7 n\u0259f\u0259rin \u00f6l\u00fcm\u00fc il\u0259 n\u0259tic\u0259l\u0259n\u0259n yan\u011f\u0131n olub. ARANTV.AZ x\u0259b\u0259r verir ki, hadis\u0259 N\u0259rimanov rayonunda d\u00f6rdm\u0259rt\u0259b\u0259li ya\u015fay\u0131\u015f binas\u0131n\u0131n zirz\u0259misind\u0259 yerl\u0259\u015f\u0259n kafed\u0259 ba\u015f verib. Yan\u011f\u0131n\u0131n k\u0259\u015ffiyyat\u0131 zaman\u0131 t\u00fcst\u00fcd\u0259n bo\u011fulmu\u015f 1989-cu il t\u0259v\u0259ll\u00fcdl\u00fc \u018fliyev K\u0259r\u0259m \u018fli o\u011flunun, 1982-ci il t\u0259v\u0259ll\u00fcdl\u00fc \u018fhm\u0259dov B\u0259hruz Fazil o\u011flunun v\u0259 daha 1 n\u0259f\u0259rin (\u015f\u0259xsiyy\u0259ti d\u0259qiql\u0259\u015fdirilir) meyiti a\u015fkar edilib. oxu.az<\/p>\n","protected":false},"author":2,"featured_media":22748,"comment_status":"closed","ping_status":"closed","sticky":false,"template":"","format":"standard","meta":{"om_disable_all_campaigns":false,"_monsterinsights_skip_tracking":false,"_monsterinsights_sitenote_active":false,"_monsterinsights_sitenote_note":"","_monsterinsights_sitenote_category":0},"categories":[5],"tags":[],"aioseo_notices":[],"gutentor_comment":0,"rttpg_featured_image_url":{"full":["https:\/\/arantv.az\/wp-content\/uploads\/2018\/11\/Clipboard02.jpg",620,370,false],"landscape":["https:\/\/arantv.az\/wp-content\/uploads\/2018\/11\/Clipboard02.jpg",620,370,false],"portraits":["https:\/\/arantv.az\/wp-content\/uploads\/2018\/11\/Clipboard02.jpg",620,370,false],"thumbnail":["https:\/\/arantv.az\/wp-content\/uploads\/2018\/11\/Clipboard02-150x150.jpg",150,150,true],"medium":["https:\/\/arantv.az\/wp-content\/uploads\/2018\/11\/Clipboard02-300x179.jpg",300,179,true],"large":["https:\/\/arantv.az\/wp-content\/uploads\/2018\/11\/Clipboard02.jpg",620,370,false],"1536x1536":["https:\/\/arantv.az\/wp-content\/uploads\/2018\/11\/Clipboard02.jpg",620,370,false],"2048x2048":["https:\/\/arantv.az\/wp-content\/uploads\/2018\/11\/Clipboard02.jpg",620,370,false],"post-thumbnail":["https:\/\/arantv.az\/wp-content\/uploads\/2018\/11\/Clipboard02-240x172.jpg",240,172,true],"advps-thumb-one":["https:\/\/arantv.az\/wp-content\/uploads\/2018\/11\/Clipboard02.jpg",620,370,false]},"rttpg_author":{"display_name":"V\u00fcsal Rafiqo\u011flu","author_link":"https:\/\/arantv.az\/?author=2"},"rttpg_comment":0,"rttpg_category":"<a href=\"https:\/\/arantv.az\/?cat=5\" rel=\"category\">Hadis\u0259<\/a>","rttpg_excerpt":"Bak\u0131da \u00fc\u00e7 n\u0259f\u0259rin \u00f6l\u00fcm\u00fc il\u0259 n\u0259tic\u0259l\u0259n\u0259n yan\u011f\u0131n olub. ARANTV.AZ x\u0259b\u0259r verir ki, hadis\u0259 N\u0259rimanov rayonunda d\u00f6rdm\u0259rt\u0259b\u0259li ya\u015fay\u0131\u015f binas\u0131n\u0131n zirz\u0259misind\u0259 yerl\u0259\u015f\u0259n kafed\u0259 ba\u015f verib. Yan\u011f\u0131n\u0131n k\u0259\u015ffiyyat\u0131 zaman\u0131 t\u00fcst\u00fcd\u0259n bo\u011fulmu\u015f 1989-cu il t\u0259v\u0259ll\u00fcdl\u00fc \u018fliyev K\u0259r\u0259m \u018fli o\u011flunun, 1982-ci il t\u0259v\u0259ll\u00fcdl\u00fc \u018fhm\u0259dov B\u0259hruz Fazil o\u011flunun v\u0259 daha 1 n\u0259f\u0259rin (\u015f\u0259xsiyy\u0259ti d\u0259qiql\u0259\u015fdirilir) meyiti a\u015fkar edilib. oxu.az","_links":{"self":[{"href":"https:\/\/arantv.az\/index.php?rest_route=\/wp\/v2\/posts\/22747"}],"collection":[{"href":"https:\/\/arantv.az\/index.php?rest_route=\/wp\/v2\/posts"}],"about":[{"href":"https:\/\/arantv.az\/index.php?rest_route=\/wp\/v2\/types\/post"}],"author":[{"embeddable":true,"href":"https:\/\/arantv.az\/index.php?rest_route=\/wp\/v2\/users\/2"}],"replies":[{"embeddable":true,"href":"https:\/\/arantv.az\/index.php?rest_route=%2Fwp%2Fv2%2Fcomments&post=22747"}],"version-history":[{"count":0,"href":"https:\/\/arantv.az\/index.php?rest_route=\/wp\/v2\/posts\/22747\/revisions"}],"wp:featuredmedia":[{"embeddable":true,"href":"https:\/\/arantv.az\/index.php?rest_route=\/wp\/v2\/media\/22748"}],"wp:attachment":[{"href":"https:\/\/arantv.az\/index.php?rest_route=%2Fwp%2Fv2%2Fmedia&parent=22747"}],"wp:term":[{"taxonomy":"category","embeddable":true,"href":"https:\/\/arantv.az\/index.php?rest_route=%2Fwp%2Fv2%2Fcategories&post=22747"},{"taxonomy":"post_tag","embeddable":true,"href":"https:\/\/arantv.az\/index.php?rest_route=%2Fwp%2Fv2%2Ftags&post=22747"}],"curies":[{"name":"wp","href":"https:\/\/api.w.org\/{rel}","templated":true}]}}