{"id":22765,"date":"2018-11-03T12:20:30","date_gmt":"2018-11-03T09:20:30","guid":{"rendered":"http:\/\/arantv.az\/?p=22765"},"modified":"2018-11-03T12:20:30","modified_gmt":"2018-11-03T09:20:30","slug":"ramil-usubovdan-yeni-t%c9%99yinat","status":"publish","type":"post","link":"https:\/\/arantv.az\/?p=22765","title":{"rendered":"Ramil Usubovdan yeni t\u0259yinat"},"content":{"rendered":"<p>Daxili i\u015fl\u0259r orqanlar\u0131nda yeni t\u0259yinat olub.<\/p>\n<p><strong>ARANTV.AZ<\/strong>-\u0131n Report-a istinad\u0259n m\u0259lumat\u0131na g\u00f6r\u0259, daxili i\u015fl\u0259r naziri, general-polkovnik\u00a0<strong>Ramil Usubov<\/strong>\u00a0bununla ba\u011fl\u0131 m\u00fcvafiq \u0259mr imzalay\u0131b.<\/p>\n<div id=\"AdributorNativeVideo0\" class=\"AdributorNativeVideo\"><\/div>\n<p>\u018fmr\u0259 \u0259sas\u0259n, \u0130smay\u0131ll\u0131 rayon Polis \u015e\u00f6b\u0259sinin r\u0259is m\u00fcavini, polis polkovnik-leytenant\u0131\u00a0<strong>P\u0259rviz \u0130smay\u0131lov\u00a0<\/strong>tutdu\u011fu v\u0259zif\u0259d\u0259n azad edil\u0259r\u0259k A\u011fdam rayon Polis \u015e\u00f6b\u0259sinin r\u0259isi v\u0259zif\u0259sin\u0259 t\u0259yin edilib.<\/p>\n<p>Qeyd ed\u0259k ki, bir m\u00fcdd\u0259t \u0259vv\u0259l A\u011fdam\u0131n polis r\u0259isi\u00a0<strong>El\u00e7in Qas\u0131mov<\/strong>tutdu\u011fu v\u0259zif\u0259d\u0259n azad edil\u0259r\u0259k T\u0259rt\u0259r rayon Polis \u015e\u00f6b\u0259sinin r\u0259isi t\u0259yin edilib.<\/p>\n","protected":false},"excerpt":{"rendered":"<p>Daxili i\u015fl\u0259r orqanlar\u0131nda yeni t\u0259yinat olub. ARANTV.AZ-\u0131n Report-a istinad\u0259n m\u0259lumat\u0131na g\u00f6r\u0259, daxili i\u015fl\u0259r naziri, general-polkovnik\u00a0Ramil Usubov\u00a0bununla ba\u011fl\u0131 m\u00fcvafiq \u0259mr imzalay\u0131b. \u018fmr\u0259 \u0259sas\u0259n, \u0130smay\u0131ll\u0131 rayon Polis \u015e\u00f6b\u0259sinin r\u0259is m\u00fcavini, polis polkovnik-leytenant\u0131\u00a0P\u0259rviz \u0130smay\u0131lov\u00a0tutdu\u011fu v\u0259zif\u0259d\u0259n azad edil\u0259r\u0259k A\u011fdam rayon Polis \u015e\u00f6b\u0259sinin r\u0259isi v\u0259zif\u0259sin\u0259 t\u0259yin edilib. Qeyd ed\u0259k ki, bir m\u00fcdd\u0259t \u0259vv\u0259l A\u011fdam\u0131n polis r\u0259isi\u00a0El\u00e7in Qas\u0131movtutdu\u011fu v\u0259zif\u0259d\u0259n azad edil\u0259r\u0259k T\u0259rt\u0259r rayon Polis \u015e\u00f6b\u0259sinin r\u0259isi t\u0259yin edilib.<\/p>\n","protected":false},"author":2,"featured_media":22766,"comment_status":"closed","ping_status":"closed","sticky":false,"template":"","format":"standard","meta":{"om_disable_all_campaigns":false,"_monsterinsights_skip_tracking":false,"_monsterinsights_sitenote_active":false,"_monsterinsights_sitenote_note":"","_monsterinsights_sitenote_category":0},"categories":[1],"tags":[],"aioseo_notices":[],"gutentor_comment":0,"rttpg_featured_image_url":{"full":["https:\/\/arantv.az\/wp-content\/uploads\/2018\/11\/9c3c2416-8b3a-4ed6-930c-cb75c9fde87c.jpg",620,460,false],"landscape":["https:\/\/arantv.az\/wp-content\/uploads\/2018\/11\/9c3c2416-8b3a-4ed6-930c-cb75c9fde87c.jpg",620,460,false],"portraits":["https:\/\/arantv.az\/wp-content\/uploads\/2018\/11\/9c3c2416-8b3a-4ed6-930c-cb75c9fde87c.jpg",620,460,false],"thumbnail":["https:\/\/arantv.az\/wp-content\/uploads\/2018\/11\/9c3c2416-8b3a-4ed6-930c-cb75c9fde87c-150x150.jpg",150,150,true],"medium":["https:\/\/arantv.az\/wp-content\/uploads\/2018\/11\/9c3c2416-8b3a-4ed6-930c-cb75c9fde87c-300x223.jpg",300,223,true],"large":["https:\/\/arantv.az\/wp-content\/uploads\/2018\/11\/9c3c2416-8b3a-4ed6-930c-cb75c9fde87c.jpg",620,460,false],"1536x1536":["https:\/\/arantv.az\/wp-content\/uploads\/2018\/11\/9c3c2416-8b3a-4ed6-930c-cb75c9fde87c.jpg",620,460,false],"2048x2048":["https:\/\/arantv.az\/wp-content\/uploads\/2018\/11\/9c3c2416-8b3a-4ed6-930c-cb75c9fde87c.jpg",620,460,false],"post-thumbnail":["https:\/\/arantv.az\/wp-content\/uploads\/2018\/11\/9c3c2416-8b3a-4ed6-930c-cb75c9fde87c-240x172.jpg",240,172,true],"advps-thumb-one":["https:\/\/arantv.az\/wp-content\/uploads\/2018\/11\/9c3c2416-8b3a-4ed6-930c-cb75c9fde87c.jpg",620,460,false]},"rttpg_author":{"display_name":"V\u00fcsal Rafiqo\u011flu","author_link":"https:\/\/arantv.az\/?author=2"},"rttpg_comment":0,"rttpg_category":"<a href=\"https:\/\/arantv.az\/?cat=1\" rel=\"category\">C\u0259miyy\u0259t<\/a>","rttpg_excerpt":"Daxili i\u015fl\u0259r orqanlar\u0131nda yeni t\u0259yinat olub. ARANTV.AZ-\u0131n Report-a istinad\u0259n m\u0259lumat\u0131na g\u00f6r\u0259, daxili i\u015fl\u0259r naziri, general-polkovnik\u00a0Ramil Usubov\u00a0bununla ba\u011fl\u0131 m\u00fcvafiq \u0259mr imzalay\u0131b. \u018fmr\u0259 \u0259sas\u0259n, \u0130smay\u0131ll\u0131 rayon Polis \u015e\u00f6b\u0259sinin r\u0259is m\u00fcavini, polis polkovnik-leytenant\u0131\u00a0P\u0259rviz \u0130smay\u0131lov\u00a0tutdu\u011fu v\u0259zif\u0259d\u0259n azad edil\u0259r\u0259k A\u011fdam rayon Polis \u015e\u00f6b\u0259sinin r\u0259isi v\u0259zif\u0259sin\u0259 t\u0259yin edilib. Qeyd ed\u0259k ki, bir m\u00fcdd\u0259t \u0259vv\u0259l A\u011fdam\u0131n polis r\u0259isi\u00a0El\u00e7in Qas\u0131movtutdu\u011fu v\u0259zif\u0259d\u0259n azad edil\u0259r\u0259k&hellip;","_links":{"self":[{"href":"https:\/\/arantv.az\/index.php?rest_route=\/wp\/v2\/posts\/22765"}],"collection":[{"href":"https:\/\/arantv.az\/index.php?rest_route=\/wp\/v2\/posts"}],"about":[{"href":"https:\/\/arantv.az\/index.php?rest_route=\/wp\/v2\/types\/post"}],"author":[{"embeddable":true,"href":"https:\/\/arantv.az\/index.php?rest_route=\/wp\/v2\/users\/2"}],"replies":[{"embeddable":true,"href":"https:\/\/arantv.az\/index.php?rest_route=%2Fwp%2Fv2%2Fcomments&post=22765"}],"version-history":[{"count":0,"href":"https:\/\/arantv.az\/index.php?rest_route=\/wp\/v2\/posts\/22765\/revisions"}],"wp:featuredmedia":[{"embeddable":true,"href":"https:\/\/arantv.az\/index.php?rest_route=\/wp\/v2\/media\/22766"}],"wp:attachment":[{"href":"https:\/\/arantv.az\/index.php?rest_route=%2Fwp%2Fv2%2Fmedia&parent=22765"}],"wp:term":[{"taxonomy":"category","embeddable":true,"href":"https:\/\/arantv.az\/index.php?rest_route=%2Fwp%2Fv2%2Fcategories&post=22765"},{"taxonomy":"post_tag","embeddable":true,"href":"https:\/\/arantv.az\/index.php?rest_route=%2Fwp%2Fv2%2Ftags&post=22765"}],"curies":[{"name":"wp","href":"https:\/\/api.w.org\/{rel}","templated":true}]}}