{"id":22768,"date":"2018-11-03T12:25:38","date_gmt":"2018-11-03T09:25:38","guid":{"rendered":"http:\/\/arantv.az\/?p=22768"},"modified":"2018-11-03T12:25:38","modified_gmt":"2018-11-03T09:25:38","slug":"muxtar-babayevd%c9%99n-%c9%99mr-nazirlikd%c9%99-yeni-qurum-yaradildi","status":"publish","type":"post","link":"https:\/\/arantv.az\/?p=22768","title":{"rendered":"Muxtar Babayevd\u0259n \u018fMR: Nazirlikd\u0259 yeni qurum yarad\u0131ld\u0131"},"content":{"rendered":"<p>Ekologiya v\u0259 T\u0259bii S\u0259rv\u0259tl\u0259r Nazirliyinin strukturunda yeni qurum yarad\u0131l\u0131b.<\/p>\n<div id=\"AdributorNativeVideo0\" class=\"AdributorNativeVideo\"><\/div>\n<p><b>ARANTV.AZ<\/b>\u00a0unikal.org-a istinad\u0259n x\u0259b\u0259r verir ki, Muxtar Babayevin m\u00fcvafiq \u0259mrin\u0259 \u0259sas\u0259n nazirlikd\u0259 yeni Mineral Xammal, Analitik v\u0259 Elmi T\u0259dqiqatlar M\u0259rk\u0259zi f\u0259aliyy\u0259t\u0259 ba\u015flay\u0131b.M\u00fcrs\u0259l \u018fliyev m\u0259rk\u0259zin direktoru t\u0259yin edilib.<\/p>\n<p>M\u0259lumat\u0131 Ekologiya v\u0259 T\u0259bii S\u0259rv\u0259tl\u0259r Nazirliyind\u0259n Unikal.org-a t\u0259sdiql\u0259yibl\u0259r.<\/p>\n<p>Qeyd ed\u0259k ki, M\u00fcrs\u0259l \u018fliyev bu t\u0259yinata q\u0259d\u0259r, Bak\u0131 \u015f\u0259h\u0259r Ekologiya \u0130dar\u0259sinin r\u0259isi v\u0259zif\u0259sind\u0259 \u00e7al\u0131\u015f\u0131b.<\/p>\n","protected":false},"excerpt":{"rendered":"<p>Ekologiya v\u0259 T\u0259bii S\u0259rv\u0259tl\u0259r Nazirliyinin strukturunda yeni qurum yarad\u0131l\u0131b. ARANTV.AZ\u00a0unikal.org-a istinad\u0259n x\u0259b\u0259r verir ki, Muxtar Babayevin m\u00fcvafiq \u0259mrin\u0259 \u0259sas\u0259n nazirlikd\u0259 yeni Mineral Xammal, Analitik v\u0259 Elmi T\u0259dqiqatlar M\u0259rk\u0259zi f\u0259aliyy\u0259t\u0259 ba\u015flay\u0131b.M\u00fcrs\u0259l \u018fliyev m\u0259rk\u0259zin direktoru t\u0259yin edilib. M\u0259lumat\u0131 Ekologiya v\u0259 T\u0259bii S\u0259rv\u0259tl\u0259r Nazirliyind\u0259n Unikal.org-a t\u0259sdiql\u0259yibl\u0259r. Qeyd ed\u0259k ki, M\u00fcrs\u0259l \u018fliyev bu t\u0259yinata q\u0259d\u0259r, Bak\u0131 \u015f\u0259h\u0259r Ekologiya \u0130dar\u0259sinin r\u0259isi v\u0259zif\u0259sind\u0259 \u00e7al\u0131\u015f\u0131b.<\/p>\n","protected":false},"author":2,"featured_media":22769,"comment_status":"closed","ping_status":"closed","sticky":false,"template":"","format":"standard","meta":{"om_disable_all_campaigns":false,"_monsterinsights_skip_tracking":false,"_monsterinsights_sitenote_active":false,"_monsterinsights_sitenote_note":"","_monsterinsights_sitenote_category":0},"categories":[19],"tags":[],"aioseo_notices":[],"gutentor_comment":0,"rttpg_featured_image_url":{"full":["https:\/\/arantv.az\/wp-content\/uploads\/2018\/11\/3_11541234663.jpg",620,384,false],"landscape":["https:\/\/arantv.az\/wp-content\/uploads\/2018\/11\/3_11541234663.jpg",620,384,false],"portraits":["https:\/\/arantv.az\/wp-content\/uploads\/2018\/11\/3_11541234663.jpg",620,384,false],"thumbnail":["https:\/\/arantv.az\/wp-content\/uploads\/2018\/11\/3_11541234663-150x150.jpg",150,150,true],"medium":["https:\/\/arantv.az\/wp-content\/uploads\/2018\/11\/3_11541234663-300x186.jpg",300,186,true],"large":["https:\/\/arantv.az\/wp-content\/uploads\/2018\/11\/3_11541234663.jpg",620,384,false],"1536x1536":["https:\/\/arantv.az\/wp-content\/uploads\/2018\/11\/3_11541234663.jpg",620,384,false],"2048x2048":["https:\/\/arantv.az\/wp-content\/uploads\/2018\/11\/3_11541234663.jpg",620,384,false],"post-thumbnail":["https:\/\/arantv.az\/wp-content\/uploads\/2018\/11\/3_11541234663-240x172.jpg",240,172,true],"advps-thumb-one":["https:\/\/arantv.az\/wp-content\/uploads\/2018\/11\/3_11541234663.jpg",620,384,false]},"rttpg_author":{"display_name":"V\u00fcsal Rafiqo\u011flu","author_link":"https:\/\/arantv.az\/?author=2"},"rttpg_comment":0,"rttpg_category":"<a href=\"https:\/\/arantv.az\/?cat=19\" rel=\"category\">G\u00fcnd\u0259m<\/a>","rttpg_excerpt":"Ekologiya v\u0259 T\u0259bii S\u0259rv\u0259tl\u0259r Nazirliyinin strukturunda yeni qurum yarad\u0131l\u0131b. ARANTV.AZ\u00a0unikal.org-a istinad\u0259n x\u0259b\u0259r verir ki, Muxtar Babayevin m\u00fcvafiq \u0259mrin\u0259 \u0259sas\u0259n nazirlikd\u0259 yeni Mineral Xammal, Analitik v\u0259 Elmi T\u0259dqiqatlar M\u0259rk\u0259zi f\u0259aliyy\u0259t\u0259 ba\u015flay\u0131b.M\u00fcrs\u0259l \u018fliyev m\u0259rk\u0259zin direktoru t\u0259yin edilib. M\u0259lumat\u0131 Ekologiya v\u0259 T\u0259bii S\u0259rv\u0259tl\u0259r Nazirliyind\u0259n Unikal.org-a t\u0259sdiql\u0259yibl\u0259r. Qeyd ed\u0259k ki, M\u00fcrs\u0259l \u018fliyev bu t\u0259yinata q\u0259d\u0259r, Bak\u0131 \u015f\u0259h\u0259r Ekologiya \u0130dar\u0259sinin&hellip;","_links":{"self":[{"href":"https:\/\/arantv.az\/index.php?rest_route=\/wp\/v2\/posts\/22768"}],"collection":[{"href":"https:\/\/arantv.az\/index.php?rest_route=\/wp\/v2\/posts"}],"about":[{"href":"https:\/\/arantv.az\/index.php?rest_route=\/wp\/v2\/types\/post"}],"author":[{"embeddable":true,"href":"https:\/\/arantv.az\/index.php?rest_route=\/wp\/v2\/users\/2"}],"replies":[{"embeddable":true,"href":"https:\/\/arantv.az\/index.php?rest_route=%2Fwp%2Fv2%2Fcomments&post=22768"}],"version-history":[{"count":0,"href":"https:\/\/arantv.az\/index.php?rest_route=\/wp\/v2\/posts\/22768\/revisions"}],"wp:featuredmedia":[{"embeddable":true,"href":"https:\/\/arantv.az\/index.php?rest_route=\/wp\/v2\/media\/22769"}],"wp:attachment":[{"href":"https:\/\/arantv.az\/index.php?rest_route=%2Fwp%2Fv2%2Fmedia&parent=22768"}],"wp:term":[{"taxonomy":"category","embeddable":true,"href":"https:\/\/arantv.az\/index.php?rest_route=%2Fwp%2Fv2%2Fcategories&post=22768"},{"taxonomy":"post_tag","embeddable":true,"href":"https:\/\/arantv.az\/index.php?rest_route=%2Fwp%2Fv2%2Ftags&post=22768"}],"curies":[{"name":"wp","href":"https:\/\/api.w.org\/{rel}","templated":true}]}}