{"id":22771,"date":"2018-11-03T12:26:59","date_gmt":"2018-11-03T09:26:59","guid":{"rendered":"http:\/\/arantv.az\/?p=22771"},"modified":"2018-11-03T12:26:59","modified_gmt":"2018-11-03T09:26:59","slug":"himnin-qisaldilmasini-t%c9%99klif-ed%c9%99n-deputatdan-novb%c9%99ti-aciqlama-xalqima-mat-m%c9%99%c9%99tt%c9%99l-qalmisam","status":"publish","type":"post","link":"https:\/\/arantv.az\/?p=22771","title":{"rendered":"Himnin q\u0131sald\u0131lmas\u0131n\u0131 t\u0259klif ed\u0259n deputatdan N\u00d6VB\u018fT\u0130 A\u00c7IQLAMA &#8211; &#8220;Xalq\u0131ma mat-m\u0259\u0259tt\u0259l qalm\u0131\u015fam&#8221;"},"content":{"rendered":"<p>Mill\u0259t v\u0259kili Tahir K\u0259rimli Az\u0259rbaycan himinin q\u0131sald\u0131lmas\u0131 il\u0259 ba\u011fl\u0131 t\u0259klifin\u0259 g\u00f6r\u0259 k\u0259skin t\u0259nqid olunub. Onu m\u00fcq\u0259dd\u0259s himni z\u0259d\u0259l\u0259m\u0259kd\u0259 ittiham edibl\u0259r v\u0259 \u00f6z\u00fc il\u0259 ba\u011fl\u0131 bir \u00e7ox ironik fikirl\u0259r ir\u0259li s\u00fcr\u00fcl\u00fcb.<\/p>\n<p><b>ARANTV.AZ<\/b>-\u0131n m\u0259lumat\u0131na g\u00f6r\u0259, deputat T.K\u0259rimli &#8220;Qafqazinfo\u201dya a\u00e7\u0131qlamas\u0131nda bildirib ki, t\u0259klifin\u0259 veril\u0259n reaksiyalar onu h\u0259m sevindirir, h\u0259m d\u0259 k\u0259d\u0259rl\u0259ndirir: &#8220;Ona g\u00f6r\u0259 sevinir\u0259m ki, xalq \u00f6z\u00fcn\u00fcn m\u00fcq\u0259dd\u0259s hesab etdiyi d\u0259y\u0259ri hiss edir, amma ona g\u00f6r\u0259 k\u0259d\u0259rl\u0259nir\u0259m ki, bunu kor-koran\u0259 edir. Sanki Sabirin d\u00f6vr\u00fcnd\u0259ki xalq qiyaf\u0259sini d\u0259yi\u015fib, ba\u015fqa f\u0259rqi yoxdu.<\/p>\n<p>Birincisi, bu m\u00fcq\u0259dd\u0259s d\u0259y\u0259rdirs\u0259, bundan \u0259vv\u0259l n\u0259 \u00fc\u00e7\u00fcn d\u0259yi\u015filib. &#8220;C\u00fcml\u0259 haz\u0131r\u0131z\u201d, &#8220;C\u00fcml\u0259 qadiriz\u201d s\u00f6zl\u0259ri d\u0259yi\u015fdirilib. \u00dc\u00e7 il \u0259vv\u0259l d\u00f6vl\u0259t r\u0259hb\u0259rliyinin raz\u0131l\u0131\u011f\u0131 il\u0259 b\u0259st\u0259kar Rauf \u018fliyev himni aranjeman edib, xeyli d\u0259r\u0259c\u0259d\u0259 q\u0131sald\u0131b v\u0259 s\u00fcr\u0259tl\u0259ndirib.<\/p>\n<p>M\u00fcq\u0259dd\u0259s idis\u0259, niy\u0259 d\u0259yi\u015fdirdil\u0259r?<\/p>\n<p>\u0130kincisi, s\u00f6hb\u0259t s\u00f6zl\u0259rd\u0259n yox, m\u00fcsiqid\u0259n gedir. Musiqinin h\u0259cmi azald\u0131lmal\u0131d\u0131r. \u0130ndiki xalq he\u00e7 bilmir ki, &#8220;C\u00fcml\u0259 haz\u0131r\u0131z\u201d, &#8220;C\u00fcml\u0259 qadiriz\u201d, &#8220;S\u0259n\u0259 bir \u00e7ox m\u0259h\u0259bb\u0259t\u201d n\u0259 dem\u0259kdir. \u0130ndi pafosla, ritorika il\u0259 deyirl\u0259r ki, m\u00fcq\u0259dd\u0259s d\u0259y\u0259r\u0259 d\u0259ym\u0259k olmaz.<\/p>\n<div id=\"AdributorNativeVideo0\" class=\"AdributorNativeVideo\"><\/div>\n<p>\u00dc\u00e7\u00fcnc\u00fcs\u00fc, m\u0259n m\u0259s\u0259l\u0259ni bel\u0259 qoymu\u015fam ki, himnd\u0259 &#8220;\u00dc\u00e7 r\u0259ngli bayra\u011f\u0131nla m\u0259sud ya\u015fa\u201d t\u0259krar olunur, iki d\u0259f\u0259 &#8220;Az\u0259rbaycan\u201d yaz\u0131l\u0131r biz 4 d\u0259f\u0259 oxuyuruq. N\u0259qar\u0259tl\u0259r g\u00f6t\u00fcr\u00fcls\u00fcn, minor notlar \u00e7\u0131xar\u0131ls\u0131n. M\u0259n musiqinin q\u0131sald\u0131lmas\u0131n\u0131, minor notlar\u0131n g\u00f6t\u00fcr\u00fclm\u0259sini, m\u00fcbariz \u0259hval ruhiyy\u0259d\u0259 fon verilm\u0259sini t\u0259klif etmi\u015f\u0259m.<\/p>\n<p>Bu m\u00fcst\u0259qil d\u00f6vl\u0259ti d\u0259, himni d\u0259 biz qaytar\u0131b xalqa vermi\u015fik. M\u00fcst\u0259qilliy\u0259 qar\u015f\u0131 \u00e7\u0131xanlar indi m\u0259ni t\u0259nqid edirl\u0259r. Biz vermi\u015fik, indi m\u00fck\u0259mm\u0259l olmas\u0131n\u0131 ist\u0259yirik. G\u00fczg\u00fcn\u00fc toz bas\u0131bsa, onu t\u0259mizl\u0259y\u0259n\u0259 deyirl\u0259r ki, niy\u0259 s\u0131nd\u0131r\u0131rsan.<\/p>\n<p>M\u0259n\u0259 qar\u015f\u0131 olan ittihamlara bax\u0131ram, b\u0259zil\u0259ri \u00e7ox yax\u015f\u0131 izahlar verirl\u0259r. Amma 18-20 ya\u015fl\u0131 adamlar ya da qocalar el\u0259 deyir ki, guya biz m\u00fcst\u0259qilliy\u0259 q\u0259sd edirik. 23 ildir Konstitusiya q\u0259bul olunub, ondan \u0259vv\u0259l s\u00f6z\u00fcm\u00fcz\u00fc dey\u0259 bilm\u0259mi\u015fik, bundan sonra da dey\u0259 bilm\u0259y\u0259c\u0259yik? \u0130ndi imkan var ik\u0259n bunu ed\u0259k, d\u00fcz\u0259ld\u0259k\u201d.<\/p>\n<p>Mill\u0259t v\u0259kili onun bar\u0259sind\u0259 &#8220;Tahir K\u0259rimli musiqini \u00dczeyir Hac\u0131b\u0259yovdan yax\u015f\u0131 bilir?\u201d t\u0259nqidin\u0259 d\u0259 cavab verib: &#8220;M\u0259n he\u00e7 \u00dczeyir Hac\u0131b\u0259yovun bildiyinin bir faizini bilmir\u0259m, o dahidir. Amma \u00dczeyir b\u0259y bu himni g\u0259ncliyind\u0259 yaz\u0131b, sonradan musiqi t\u0259hsili al\u0131b. Az\u0259rbaycan Sovet Respublikas\u0131n\u0131n himnini yazanda minor notdan imtina edib, major notdan istifad\u0259 etdi.<\/p>\n<p>M\u0259n d\u0259f\u0259l\u0259rl\u0259 t\u0259dbirl\u0259rd\u0259 g\u00f6r\u00fcr\u0259m, sonuncusunda T\u00fcrkiy\u0259nin himni 1 d\u0259qiq\u0259 30 saniy\u0259y\u0259 bitdi, bizimki 4 d\u0259qiq\u0259 s\u0259sl\u0259ndi. \u018fcn\u0259bil\u0259r d\u0259, bizimkil\u0259r d\u0259 himn s\u0259sl\u0259n\u0259nd\u0259 art\u0131q bir-biri il\u0259 s\u00f6hb\u0259t edirl\u0259r, f\u0131rlan\u0131rlar, g\u0259zirl\u0259r. Bu da m\u0259n\u0259 pis t\u0259sir edir.<\/p>\n<p>M\u0259n xalq\u0131ma mat-m\u0259\u0259tt\u0259l qalm\u0131\u015fam. \u00d6z\u00fcn e\u015f\u015f\u0259y\u0259 minirs\u0259n deyirl\u0259r u\u015faq yerd\u0259 qal\u0131b, u\u015fa\u011f\u0131 mindirirs\u0259n deyirl\u0259r qoca ki\u015fi yerd\u0259 gedir, u\u015faqla birg\u0259 minirs\u0259n deyirl\u0259r e\u015f\u015f\u0259k yaz\u0131qd\u0131, minm\u0259y\u0259nd\u0259 d\u0259 deyirl\u0259r bunlar\u0131n ba\u015f\u0131 xarabd\u0131. M\u0259n bilmir\u0259m bu xalq \u00fc\u00e7\u00fcn n\u0259 ed\u0259s\u0259n. El\u0259 deputatsansa, dem\u0259li piss\u0259n. Ham\u0131m\u0131z \u00fc\u00e7\u00fcn yaz\u0131rlar ki, milyonerdi. Biz d\u0259 s\u0259nin kimi sad\u0259 h\u0259yat ya\u015fay\u0131r\u0131q. \u018fb\u00fclf\u0259z El\u00e7ib\u0259y \u0130smay\u0131ll\u0131da bizd\u0259 qalanda, u\u015faqlara bu mahn\u0131n\u0131 oxutdururdu, \u00f6z\u00fc d\u0259 ayaq \u00fcst\u0259 dururdu, biz d\u0259 dururduq. \u0130ndikind\u0259n f\u0259rqli olaraq o vaxt m\u0259n \u018fb\u00fclf\u0259z b\u0259y\u0259 inan\u0131rd\u0131m. \u0130ndi siz bu himni m\u0259nd\u0259n \u00e7ox sev\u0259c\u0259ksiz? Qoyun bunu m\u00fck\u0259m\u0259ll\u0259\u015fdir\u0259k d\u0259. Himnd\u0259 nikbinlik, m\u00fcbarizlik, heyranl\u0131q, c\u0259ngav\u0259rlik ruhu olmal\u0131d\u0131r. Bu xalqa y\u00fcz faiz t\u0259hsillidir dem\u0259kl\u0259 deyil, yaz\u0131b-oxuma\u011f\u0131 bilir dey\u0259 t\u0259hsilli dem\u0259liyik? Bizim on minl\u0259rl\u0259 alimimiz d\u00f6vl\u0259td\u0259n maa\u015f al\u0131r, amma he\u00e7 bir i\u015f g\u00f6rm\u00fcr. Ad\u0131 alim olmaqla deyil ki&#8230; M\u0259n Milli M\u0259clisd\u0259 qanun q\u0259bul edir\u0259m dey\u0259 m\u0259n\u0259 cinay\u0259t i\u015fi a\u00e7acaqs\u0131z? M\u0259n ba\u015fa d\u00fc\u015fm\u00fcr\u0259m insanlar n\u0259 ist\u0259yir\u201d.<\/p>\n","protected":false},"excerpt":{"rendered":"<p>Mill\u0259t v\u0259kili Tahir K\u0259rimli Az\u0259rbaycan himinin q\u0131sald\u0131lmas\u0131 il\u0259 ba\u011fl\u0131 t\u0259klifin\u0259 g\u00f6r\u0259 k\u0259skin t\u0259nqid olunub. Onu m\u00fcq\u0259dd\u0259s himni z\u0259d\u0259l\u0259m\u0259kd\u0259 ittiham edibl\u0259r v\u0259 \u00f6z\u00fc il\u0259 ba\u011fl\u0131 bir \u00e7ox ironik fikirl\u0259r ir\u0259li s\u00fcr\u00fcl\u00fcb. ARANTV.AZ-\u0131n m\u0259lumat\u0131na g\u00f6r\u0259, deputat T.K\u0259rimli &#8220;Qafqazinfo\u201dya a\u00e7\u0131qlamas\u0131nda bildirib ki, t\u0259klifin\u0259 veril\u0259n reaksiyalar onu h\u0259m sevindirir, h\u0259m d\u0259 k\u0259d\u0259rl\u0259ndirir: &#8220;Ona g\u00f6r\u0259 sevinir\u0259m ki, xalq \u00f6z\u00fcn\u00fcn m\u00fcq\u0259dd\u0259s hesab etdiyi d\u0259y\u0259ri hiss edir, amma ona g\u00f6r\u0259 k\u0259d\u0259rl\u0259nir\u0259m ki, bunu kor-koran\u0259 edir. Sanki Sabirin d\u00f6vr\u00fcnd\u0259ki xalq qiyaf\u0259sini d\u0259yi\u015fib, ba\u015fqa f\u0259rqi yoxdu. Birincisi, bu m\u00fcq\u0259dd\u0259s d\u0259y\u0259rdirs\u0259, bundan \u0259vv\u0259l n\u0259 \u00fc\u00e7\u00fcn d\u0259yi\u015filib. &#8220;C\u00fcml\u0259 haz\u0131r\u0131z\u201d, &#8220;C\u00fcml\u0259 qadiriz\u201d&hellip;<\/p>\n","protected":false},"author":2,"featured_media":22772,"comment_status":"closed","ping_status":"closed","sticky":false,"template":"","format":"standard","meta":{"om_disable_all_campaigns":false,"_monsterinsights_skip_tracking":false,"_monsterinsights_sitenote_active":false,"_monsterinsights_sitenote_note":"","_monsterinsights_sitenote_category":0},"categories":[1],"tags":[],"aioseo_notices":[],"gutentor_comment":0,"rttpg_featured_image_url":{"full":["https:\/\/arantv.az\/wp-content\/uploads\/2018\/11\/3_11541234589.jpg",600,400,false],"landscape":["https:\/\/arantv.az\/wp-content\/uploads\/2018\/11\/3_11541234589.jpg",600,400,false],"portraits":["https:\/\/arantv.az\/wp-content\/uploads\/2018\/11\/3_11541234589.jpg",600,400,false],"thumbnail":["https:\/\/arantv.az\/wp-content\/uploads\/2018\/11\/3_11541234589-150x150.jpg",150,150,true],"medium":["https:\/\/arantv.az\/wp-content\/uploads\/2018\/11\/3_11541234589-300x200.jpg",300,200,true],"large":["https:\/\/arantv.az\/wp-content\/uploads\/2018\/11\/3_11541234589.jpg",600,400,false],"1536x1536":["https:\/\/arantv.az\/wp-content\/uploads\/2018\/11\/3_11541234589.jpg",600,400,false],"2048x2048":["https:\/\/arantv.az\/wp-content\/uploads\/2018\/11\/3_11541234589.jpg",600,400,false],"post-thumbnail":["https:\/\/arantv.az\/wp-content\/uploads\/2018\/11\/3_11541234589-240x172.jpg",240,172,true],"advps-thumb-one":["https:\/\/arantv.az\/wp-content\/uploads\/2018\/11\/3_11541234589.jpg",600,400,false]},"rttpg_author":{"display_name":"V\u00fcsal Rafiqo\u011flu","author_link":"https:\/\/arantv.az\/?author=2"},"rttpg_comment":0,"rttpg_category":"<a href=\"https:\/\/arantv.az\/?cat=1\" rel=\"category\">C\u0259miyy\u0259t<\/a>","rttpg_excerpt":"Mill\u0259t v\u0259kili Tahir K\u0259rimli Az\u0259rbaycan himinin q\u0131sald\u0131lmas\u0131 il\u0259 ba\u011fl\u0131 t\u0259klifin\u0259 g\u00f6r\u0259 k\u0259skin t\u0259nqid olunub. Onu m\u00fcq\u0259dd\u0259s himni z\u0259d\u0259l\u0259m\u0259kd\u0259 ittiham edibl\u0259r v\u0259 \u00f6z\u00fc il\u0259 ba\u011fl\u0131 bir \u00e7ox ironik fikirl\u0259r ir\u0259li s\u00fcr\u00fcl\u00fcb. ARANTV.AZ-\u0131n m\u0259lumat\u0131na g\u00f6r\u0259, deputat T.K\u0259rimli &#8220;Qafqazinfo\u201dya a\u00e7\u0131qlamas\u0131nda bildirib ki, t\u0259klifin\u0259 veril\u0259n reaksiyalar onu h\u0259m sevindirir, h\u0259m d\u0259 k\u0259d\u0259rl\u0259ndirir: &#8220;Ona g\u00f6r\u0259 sevinir\u0259m ki, xalq \u00f6z\u00fcn\u00fcn m\u00fcq\u0259dd\u0259s&hellip;","_links":{"self":[{"href":"https:\/\/arantv.az\/index.php?rest_route=\/wp\/v2\/posts\/22771"}],"collection":[{"href":"https:\/\/arantv.az\/index.php?rest_route=\/wp\/v2\/posts"}],"about":[{"href":"https:\/\/arantv.az\/index.php?rest_route=\/wp\/v2\/types\/post"}],"author":[{"embeddable":true,"href":"https:\/\/arantv.az\/index.php?rest_route=\/wp\/v2\/users\/2"}],"replies":[{"embeddable":true,"href":"https:\/\/arantv.az\/index.php?rest_route=%2Fwp%2Fv2%2Fcomments&post=22771"}],"version-history":[{"count":0,"href":"https:\/\/arantv.az\/index.php?rest_route=\/wp\/v2\/posts\/22771\/revisions"}],"wp:featuredmedia":[{"embeddable":true,"href":"https:\/\/arantv.az\/index.php?rest_route=\/wp\/v2\/media\/22772"}],"wp:attachment":[{"href":"https:\/\/arantv.az\/index.php?rest_route=%2Fwp%2Fv2%2Fmedia&parent=22771"}],"wp:term":[{"taxonomy":"category","embeddable":true,"href":"https:\/\/arantv.az\/index.php?rest_route=%2Fwp%2Fv2%2Fcategories&post=22771"},{"taxonomy":"post_tag","embeddable":true,"href":"https:\/\/arantv.az\/index.php?rest_route=%2Fwp%2Fv2%2Ftags&post=22771"}],"curies":[{"name":"wp","href":"https:\/\/api.w.org\/{rel}","templated":true}]}}