{"id":22774,"date":"2018-11-03T12:29:32","date_gmt":"2018-11-03T09:29:32","guid":{"rendered":"http:\/\/arantv.az\/?p=22774"},"modified":"2018-11-03T12:29:32","modified_gmt":"2018-11-03T09:29:32","slug":"g%c9%99nc%c9%99d%c9%99-18-yasli-qiz-itkin-dusub","status":"publish","type":"post","link":"https:\/\/arantv.az\/?p=22774","title":{"rendered":"G\u0259nc\u0259d\u0259 18 ya\u015fl\u0131 q\u0131z itkin d\u00fc\u015f\u00fcb"},"content":{"rendered":"<p><strong>G\u0259nc\u0259 \u015f\u0259h\u0259rind\u0259 18 ya\u015fl\u0131 q\u0131z itkin d\u00fc\u015f\u00fcb.<\/strong><\/p>\n<p><strong>ARANTV.AZ<\/strong> trend-\u0259 istinad\u0259n x\u0259b\u0259r verir ki, hadis\u0259 Heyd\u0259r \u018fliyev prospektind\u0259 ba\u015f verib.<\/p>\n<p>H\u0259min prospektd\u0259 ev 57, m\u0259nzil 2-d\u0259 ya\u015fayan Tekin \u0130lah\u0259 A\u011fa q\u0131z\u0131 polis\u0259 m\u00fcraci\u0259t ed\u0259r\u0259k bildirib ki, onunla birg\u0259 ya\u015fayan q\u0131z\u0131, 2000-ci il t\u0259v\u0259ll\u00fcdl\u00fc Sevinc Qarayeva noyabr\u0131n 1-d\u0259 evd\u0259n \u00e7\u0131x\u0131b v\u0259 bir daha geri qay\u0131tmay\u0131b.<\/p>\n<p>Qad\u0131n bildirib ki, S.Qarayeva \u0259vv\u0259ll\u0259r d\u0259 itkin d\u00fc\u015f\u00fcb v\u0259 polis t\u0259r\u0259find\u0259n tap\u0131l\u0131b.<\/p>\n<p>Faktla ba\u011fl\u0131 ara\u015fd\u0131rma apar\u0131l\u0131r.<\/p>\n","protected":false},"excerpt":{"rendered":"<p>G\u0259nc\u0259 \u015f\u0259h\u0259rind\u0259 18 ya\u015fl\u0131 q\u0131z itkin d\u00fc\u015f\u00fcb. ARANTV.AZ trend-\u0259 istinad\u0259n x\u0259b\u0259r verir ki, hadis\u0259 Heyd\u0259r \u018fliyev prospektind\u0259 ba\u015f verib. H\u0259min prospektd\u0259 ev 57, m\u0259nzil 2-d\u0259 ya\u015fayan Tekin \u0130lah\u0259 A\u011fa q\u0131z\u0131 polis\u0259 m\u00fcraci\u0259t ed\u0259r\u0259k bildirib ki, onunla birg\u0259 ya\u015fayan q\u0131z\u0131, 2000-ci il t\u0259v\u0259ll\u00fcdl\u00fc Sevinc Qarayeva noyabr\u0131n 1-d\u0259 evd\u0259n \u00e7\u0131x\u0131b v\u0259 bir daha geri qay\u0131tmay\u0131b. Qad\u0131n bildirib ki, S.Qarayeva \u0259vv\u0259ll\u0259r d\u0259 itkin d\u00fc\u015f\u00fcb v\u0259 polis t\u0259r\u0259find\u0259n tap\u0131l\u0131b. Faktla ba\u011fl\u0131 ara\u015fd\u0131rma apar\u0131l\u0131r.<\/p>\n","protected":false},"author":2,"featured_media":22775,"comment_status":"closed","ping_status":"closed","sticky":false,"template":"","format":"standard","meta":{"om_disable_all_campaigns":false,"_monsterinsights_skip_tracking":false,"_monsterinsights_sitenote_active":false,"_monsterinsights_sitenote_note":"","_monsterinsights_sitenote_category":0},"categories":[5],"tags":[],"aioseo_notices":[],"gutentor_comment":0,"rttpg_featured_image_url":{"full":["https:\/\/arantv.az\/wp-content\/uploads\/2018\/11\/itkin_0003.jpg",482,361,false],"landscape":["https:\/\/arantv.az\/wp-content\/uploads\/2018\/11\/itkin_0003.jpg",482,361,false],"portraits":["https:\/\/arantv.az\/wp-content\/uploads\/2018\/11\/itkin_0003.jpg",482,361,false],"thumbnail":["https:\/\/arantv.az\/wp-content\/uploads\/2018\/11\/itkin_0003-150x150.jpg",150,150,true],"medium":["https:\/\/arantv.az\/wp-content\/uploads\/2018\/11\/itkin_0003-300x225.jpg",300,225,true],"large":["https:\/\/arantv.az\/wp-content\/uploads\/2018\/11\/itkin_0003.jpg",482,361,false],"1536x1536":["https:\/\/arantv.az\/wp-content\/uploads\/2018\/11\/itkin_0003.jpg",482,361,false],"2048x2048":["https:\/\/arantv.az\/wp-content\/uploads\/2018\/11\/itkin_0003.jpg",482,361,false],"post-thumbnail":["https:\/\/arantv.az\/wp-content\/uploads\/2018\/11\/itkin_0003-240x172.jpg",240,172,true],"advps-thumb-one":["https:\/\/arantv.az\/wp-content\/uploads\/2018\/11\/itkin_0003.jpg",482,361,false]},"rttpg_author":{"display_name":"V\u00fcsal Rafiqo\u011flu","author_link":"https:\/\/arantv.az\/?author=2"},"rttpg_comment":0,"rttpg_category":"<a href=\"https:\/\/arantv.az\/?cat=5\" rel=\"category\">Hadis\u0259<\/a>","rttpg_excerpt":"G\u0259nc\u0259 \u015f\u0259h\u0259rind\u0259 18 ya\u015fl\u0131 q\u0131z itkin d\u00fc\u015f\u00fcb. ARANTV.AZ trend-\u0259 istinad\u0259n x\u0259b\u0259r verir ki, hadis\u0259 Heyd\u0259r \u018fliyev prospektind\u0259 ba\u015f verib. H\u0259min prospektd\u0259 ev 57, m\u0259nzil 2-d\u0259 ya\u015fayan Tekin \u0130lah\u0259 A\u011fa q\u0131z\u0131 polis\u0259 m\u00fcraci\u0259t ed\u0259r\u0259k bildirib ki, onunla birg\u0259 ya\u015fayan q\u0131z\u0131, 2000-ci il t\u0259v\u0259ll\u00fcdl\u00fc Sevinc Qarayeva noyabr\u0131n 1-d\u0259 evd\u0259n \u00e7\u0131x\u0131b v\u0259 bir daha geri qay\u0131tmay\u0131b. Qad\u0131n bildirib&hellip;","_links":{"self":[{"href":"https:\/\/arantv.az\/index.php?rest_route=\/wp\/v2\/posts\/22774"}],"collection":[{"href":"https:\/\/arantv.az\/index.php?rest_route=\/wp\/v2\/posts"}],"about":[{"href":"https:\/\/arantv.az\/index.php?rest_route=\/wp\/v2\/types\/post"}],"author":[{"embeddable":true,"href":"https:\/\/arantv.az\/index.php?rest_route=\/wp\/v2\/users\/2"}],"replies":[{"embeddable":true,"href":"https:\/\/arantv.az\/index.php?rest_route=%2Fwp%2Fv2%2Fcomments&post=22774"}],"version-history":[{"count":0,"href":"https:\/\/arantv.az\/index.php?rest_route=\/wp\/v2\/posts\/22774\/revisions"}],"wp:featuredmedia":[{"embeddable":true,"href":"https:\/\/arantv.az\/index.php?rest_route=\/wp\/v2\/media\/22775"}],"wp:attachment":[{"href":"https:\/\/arantv.az\/index.php?rest_route=%2Fwp%2Fv2%2Fmedia&parent=22774"}],"wp:term":[{"taxonomy":"category","embeddable":true,"href":"https:\/\/arantv.az\/index.php?rest_route=%2Fwp%2Fv2%2Fcategories&post=22774"},{"taxonomy":"post_tag","embeddable":true,"href":"https:\/\/arantv.az\/index.php?rest_route=%2Fwp%2Fv2%2Ftags&post=22774"}],"curies":[{"name":"wp","href":"https:\/\/api.w.org\/{rel}","templated":true}]}}