{"id":228092,"date":"2020-09-30T10:32:02","date_gmt":"2020-09-30T07:32:02","guid":{"rendered":"http:\/\/arantv.az\/?p=228092"},"modified":"2020-09-30T10:32:02","modified_gmt":"2020-09-30T07:32:02","slug":"mudafi%c9%99-nazirliyi-doyusl%c9%99r%c9%99-qatilmaq-ist%c9%99y%c9%99n-konullul%c9%99r%c9%99-muraci%c9%99t-etdi","status":"publish","type":"post","link":"https:\/\/arantv.az\/?p=228092","title":{"rendered":"M\u00fcdafi\u0259 Nazirliyi d\u00f6y\u00fc\u015fl\u0259r\u0259 qat\u0131lmaq ist\u0259y\u0259n k\u00f6n\u00fcll\u00fcl\u0259r\u0259 m\u00fcraci\u0259t etdi"},"content":{"rendered":"<p>Torpaqlar\u0131m\u0131z\u0131n i\u015f\u011faldan azad edilm\u0259si u\u011frunda Az\u0259rbaycan Ordusunun\u00a0 d\u00fc\u015fm\u0259n\u0259 qar\u015f\u0131 apard\u0131\u011f\u0131 d\u00f6y\u00fc\u015fl\u0259rd\u0259 \u0259ld\u0259 etdiyi u\u011furlar xalq\u0131m\u0131zda d\u00f6y\u00fc\u015f ruhunun y\u00fcks\u0259lm\u0259sin\u0259 s\u0259b\u0259b olub.<\/p>\n<p>Az\u0259rbaycan \u0259sg\u0259rinin u\u011furundan ruhlanan on minl\u0259rl\u0259 h\u0259mv\u0259t\u0259nimiz M\u00fcdafi\u0259 Nazirliyin\u0259 m\u00fcraci\u0259t ed\u0259r\u0259k, Ordumuzla birlikd\u0259\u00a0 k\u00f6n\u00fcll\u00fc olaraq d\u00f6y\u00fc\u015fl\u0259r\u0259 qat\u0131lmaq ist\u0259diyini bildiribl\u0259r.<\/p>\n<p>Bununla ba\u011fl\u0131 nazirlik m\u0259lumat yay\u0131b.<\/p>\n<div id=\"AdviadNativeVideo0\" class=\"AdviadNativeVideo\"><\/div>\n<p>M\u00fcdafi\u0259 Nazirliyinin r\u0259hb\u0259rliyi Az\u0259rbaycan \u0259sg\u0259rin\u0259 m\u0259n\u0259vi d\u0259st\u0259k olduqlar\u0131na g\u00f6r\u0259 t\u0259\u015f\u0259kk\u00fcr edir v\u0259 d\u00f6y\u00fc\u015fl\u0259r\u0259 qo\u015fulmaqla \u015f\u0259xsi hey\u0259tin yan\u0131nda olmaq ist\u0259y\u0259n h\u0259r k\u0259s\u0259 d\u0259rin minn\u0259tdarl\u0131\u011f\u0131n\u0131 \u00e7atd\u0131r\u0131r.<\/p>\n<p>Nazirlikd\u0259n bildirilib\u00a0ki, k\u00f6n\u00fcll\u00fc d\u00f6y\u00fc\u015fl\u0259r\u0259 qat\u0131lmaq arzusunda olan d\u00f6y\u00fc\u015f v\u0259 m\u00fcharib\u0259 t\u0259cr\u00fcb\u0259sin\u0259 malik v\u0259t\u0259nda\u015flar\u0131m\u0131z h\u0259rbi hiss\u0259l\u0259r\u0259 deyil S\u0259f\u0259rb\u0259rlik v\u0259 H\u0259rbi Xidm\u0259t\u0259 \u00c7a\u011f\u0131r\u0131\u015f \u00fczr\u0259 D\u00f6vl\u0259t Xidm\u0259tin\u0259 m\u00fcraci\u0259t etsinl\u0259r.<\/p>\n<p>Q\u0259l\u0259b\u0259 biziml\u0259dir! V\u0259t\u0259n torpaqlar\u0131 i\u015f\u011faldan azad edil\u0259c\u0259kdir!<\/p>\n","protected":false},"excerpt":{"rendered":"<p>Torpaqlar\u0131m\u0131z\u0131n i\u015f\u011faldan azad edilm\u0259si u\u011frunda Az\u0259rbaycan Ordusunun\u00a0 d\u00fc\u015fm\u0259n\u0259 qar\u015f\u0131 apard\u0131\u011f\u0131 d\u00f6y\u00fc\u015fl\u0259rd\u0259 \u0259ld\u0259 etdiyi u\u011furlar xalq\u0131m\u0131zda d\u00f6y\u00fc\u015f ruhunun y\u00fcks\u0259lm\u0259sin\u0259 s\u0259b\u0259b olub. Az\u0259rbaycan \u0259sg\u0259rinin u\u011furundan ruhlanan on minl\u0259rl\u0259 h\u0259mv\u0259t\u0259nimiz M\u00fcdafi\u0259 Nazirliyin\u0259 m\u00fcraci\u0259t ed\u0259r\u0259k, Ordumuzla birlikd\u0259\u00a0 k\u00f6n\u00fcll\u00fc olaraq d\u00f6y\u00fc\u015fl\u0259r\u0259 qat\u0131lmaq ist\u0259diyini bildiribl\u0259r. Bununla ba\u011fl\u0131 nazirlik m\u0259lumat yay\u0131b. M\u00fcdafi\u0259 Nazirliyinin r\u0259hb\u0259rliyi Az\u0259rbaycan \u0259sg\u0259rin\u0259 m\u0259n\u0259vi d\u0259st\u0259k olduqlar\u0131na g\u00f6r\u0259 t\u0259\u015f\u0259kk\u00fcr edir v\u0259 d\u00f6y\u00fc\u015fl\u0259r\u0259 qo\u015fulmaqla \u015f\u0259xsi hey\u0259tin yan\u0131nda olmaq ist\u0259y\u0259n h\u0259r k\u0259s\u0259 d\u0259rin minn\u0259tdarl\u0131\u011f\u0131n\u0131 \u00e7atd\u0131r\u0131r. Nazirlikd\u0259n bildirilib\u00a0ki, k\u00f6n\u00fcll\u00fc d\u00f6y\u00fc\u015fl\u0259r\u0259 qat\u0131lmaq arzusunda olan d\u00f6y\u00fc\u015f v\u0259 m\u00fcharib\u0259 t\u0259cr\u00fcb\u0259sin\u0259 malik v\u0259t\u0259nda\u015flar\u0131m\u0131z h\u0259rbi hiss\u0259l\u0259r\u0259 deyil S\u0259f\u0259rb\u0259rlik v\u0259 H\u0259rbi Xidm\u0259t\u0259 \u00c7a\u011f\u0131r\u0131\u015f \u00fczr\u0259&hellip;<\/p>\n","protected":false},"author":2,"featured_media":228093,"comment_status":"closed","ping_status":"closed","sticky":false,"template":"","format":"standard","meta":{"om_disable_all_campaigns":false,"_monsterinsights_skip_tracking":false,"_monsterinsights_sitenote_active":false,"_monsterinsights_sitenote_note":"","_monsterinsights_sitenote_category":0},"categories":[19],"tags":[],"aioseo_notices":[],"gutentor_comment":0,"rttpg_featured_image_url":{"full":["https:\/\/arantv.az\/wp-content\/uploads\/2020\/09\/ROM1764.jpg",620,413,false],"landscape":["https:\/\/arantv.az\/wp-content\/uploads\/2020\/09\/ROM1764.jpg",620,413,false],"portraits":["https:\/\/arantv.az\/wp-content\/uploads\/2020\/09\/ROM1764.jpg",620,413,false],"thumbnail":["https:\/\/arantv.az\/wp-content\/uploads\/2020\/09\/ROM1764-150x150.jpg",150,150,true],"medium":["https:\/\/arantv.az\/wp-content\/uploads\/2020\/09\/ROM1764-300x200.jpg",300,200,true],"large":["https:\/\/arantv.az\/wp-content\/uploads\/2020\/09\/ROM1764.jpg",620,413,false],"1536x1536":["https:\/\/arantv.az\/wp-content\/uploads\/2020\/09\/ROM1764.jpg",620,413,false],"2048x2048":["https:\/\/arantv.az\/wp-content\/uploads\/2020\/09\/ROM1764.jpg",620,413,false],"post-thumbnail":["https:\/\/arantv.az\/wp-content\/uploads\/2020\/09\/ROM1764-240x172.jpg",240,172,true],"advps-thumb-one":["https:\/\/arantv.az\/wp-content\/uploads\/2020\/09\/ROM1764.jpg",620,413,false]},"rttpg_author":{"display_name":"V\u00fcsal Rafiqo\u011flu","author_link":"https:\/\/arantv.az\/?author=2"},"rttpg_comment":0,"rttpg_category":"<a href=\"https:\/\/arantv.az\/?cat=19\" rel=\"category\">G\u00fcnd\u0259m<\/a>","rttpg_excerpt":"Torpaqlar\u0131m\u0131z\u0131n i\u015f\u011faldan azad edilm\u0259si u\u011frunda Az\u0259rbaycan Ordusunun\u00a0 d\u00fc\u015fm\u0259n\u0259 qar\u015f\u0131 apard\u0131\u011f\u0131 d\u00f6y\u00fc\u015fl\u0259rd\u0259 \u0259ld\u0259 etdiyi u\u011furlar xalq\u0131m\u0131zda d\u00f6y\u00fc\u015f ruhunun y\u00fcks\u0259lm\u0259sin\u0259 s\u0259b\u0259b olub. Az\u0259rbaycan \u0259sg\u0259rinin u\u011furundan ruhlanan on minl\u0259rl\u0259 h\u0259mv\u0259t\u0259nimiz M\u00fcdafi\u0259 Nazirliyin\u0259 m\u00fcraci\u0259t ed\u0259r\u0259k, Ordumuzla birlikd\u0259\u00a0 k\u00f6n\u00fcll\u00fc olaraq d\u00f6y\u00fc\u015fl\u0259r\u0259 qat\u0131lmaq ist\u0259diyini bildiribl\u0259r. Bununla ba\u011fl\u0131 nazirlik m\u0259lumat yay\u0131b. M\u00fcdafi\u0259 Nazirliyinin r\u0259hb\u0259rliyi Az\u0259rbaycan \u0259sg\u0259rin\u0259 m\u0259n\u0259vi d\u0259st\u0259k olduqlar\u0131na g\u00f6r\u0259 t\u0259\u015f\u0259kk\u00fcr edir&hellip;","_links":{"self":[{"href":"https:\/\/arantv.az\/index.php?rest_route=\/wp\/v2\/posts\/228092"}],"collection":[{"href":"https:\/\/arantv.az\/index.php?rest_route=\/wp\/v2\/posts"}],"about":[{"href":"https:\/\/arantv.az\/index.php?rest_route=\/wp\/v2\/types\/post"}],"author":[{"embeddable":true,"href":"https:\/\/arantv.az\/index.php?rest_route=\/wp\/v2\/users\/2"}],"replies":[{"embeddable":true,"href":"https:\/\/arantv.az\/index.php?rest_route=%2Fwp%2Fv2%2Fcomments&post=228092"}],"version-history":[{"count":0,"href":"https:\/\/arantv.az\/index.php?rest_route=\/wp\/v2\/posts\/228092\/revisions"}],"wp:featuredmedia":[{"embeddable":true,"href":"https:\/\/arantv.az\/index.php?rest_route=\/wp\/v2\/media\/228093"}],"wp:attachment":[{"href":"https:\/\/arantv.az\/index.php?rest_route=%2Fwp%2Fv2%2Fmedia&parent=228092"}],"wp:term":[{"taxonomy":"category","embeddable":true,"href":"https:\/\/arantv.az\/index.php?rest_route=%2Fwp%2Fv2%2Fcategories&post=228092"},{"taxonomy":"post_tag","embeddable":true,"href":"https:\/\/arantv.az\/index.php?rest_route=%2Fwp%2Fv2%2Ftags&post=228092"}],"curies":[{"name":"wp","href":"https:\/\/api.w.org\/{rel}","templated":true}]}}