{"id":228100,"date":"2020-10-01T15:41:02","date_gmt":"2020-10-01T12:41:02","guid":{"rendered":"http:\/\/arantv.az\/?p=228100"},"modified":"2020-10-01T15:41:02","modified_gmt":"2020-10-01T12:41:02","slug":"m%c9%99hv-edil%c9%99n-erm%c9%99ni-isgalcilarinin-goruntul%c9%99ri-video","status":"publish","type":"post","link":"https:\/\/arantv.az\/?p=228100","title":{"rendered":"M\u0259hv edil\u0259n erm\u0259ni i\u015f\u011fal\u00e7\u0131lar\u0131n\u0131n g\u00f6r\u00fcnt\u00fcl\u0259ri &#8211; V\u0130DEO"},"content":{"rendered":"<p>X\u0259b\u0259r verdiyimiz kimi c\u0259bh\u0259 boyu \u0259razil\u0259rd\u0259 g\u00fcnl\u0259rdir davam ed\u0259n d\u00f6y\u00fc\u015fl\u0259rd\u0259 Az\u0259rbaycan ordusu d\u00fc\u015fm\u0259nin xeyli sayda d\u00f6y\u00fc\u015f texnikas\u0131 v\u0259 canl\u0131 q\u00fcvv\u0259sini m\u0259hv edib.<\/p>\n<p>\u201cCaliber\u201d \u201cYouTube\u201d kanal\u0131 m\u0259hv edil\u0259n erm\u0259ni is\u011fal\u00e7\u0131lar\u0131n\u0131n videog\u00f6r\u00fcnt\u00fcl\u0259rini yay\u0131mlay\u0131b.<\/p>\n<p>Qeyd ed\u0259k ki, \u201cCaliber\u201d \u201cYouTube\u201d kanal\u0131 h\u0259m C\u0259nubi Qafqaz regionuna vur\u011fu etm\u0259kl\u0259 h\u0259rbi-siyasi v\u0259 h\u0259rbi-texniki m\u00f6vzularla maraqlanan geni\u015f izl\u0259yici k\u00fctl\u0259si, h\u0259m d\u0259 bu sah\u0259d\u0259ki ekspert v\u0259 m\u00fct\u0259x\u0259ssisl\u0259r \u00fc\u00e7\u00fcn n\u0259z\u0259rd\u0259 tutulub.<\/p>\n<div><iframe loading=\"lazy\" src=\"https:\/\/www.youtube.com\/embed\/ZFRXKCHxJMU\" width=\"560\" height=\"315\" frameborder=\"0\" allowfullscreen=\"allowfullscreen\" data-mce-fragment=\"1\"><\/iframe><\/div>\n<p>&nbsp;<\/p>\n","protected":false},"excerpt":{"rendered":"<p>X\u0259b\u0259r verdiyimiz kimi c\u0259bh\u0259 boyu \u0259razil\u0259rd\u0259 g\u00fcnl\u0259rdir davam ed\u0259n d\u00f6y\u00fc\u015fl\u0259rd\u0259 Az\u0259rbaycan ordusu d\u00fc\u015fm\u0259nin xeyli sayda d\u00f6y\u00fc\u015f texnikas\u0131 v\u0259 canl\u0131 q\u00fcvv\u0259sini m\u0259hv edib. \u201cCaliber\u201d \u201cYouTube\u201d kanal\u0131 m\u0259hv edil\u0259n erm\u0259ni is\u011fal\u00e7\u0131lar\u0131n\u0131n videog\u00f6r\u00fcnt\u00fcl\u0259rini yay\u0131mlay\u0131b. Qeyd ed\u0259k ki, \u201cCaliber\u201d \u201cYouTube\u201d kanal\u0131 h\u0259m C\u0259nubi Qafqaz regionuna vur\u011fu etm\u0259kl\u0259 h\u0259rbi-siyasi v\u0259 h\u0259rbi-texniki m\u00f6vzularla maraqlanan geni\u015f izl\u0259yici k\u00fctl\u0259si, h\u0259m d\u0259 bu sah\u0259d\u0259ki ekspert v\u0259 m\u00fct\u0259x\u0259ssisl\u0259r \u00fc\u00e7\u00fcn n\u0259z\u0259rd\u0259 tutulub. &nbsp;<\/p>\n","protected":false},"author":2,"featured_media":228101,"comment_status":"closed","ping_status":"closed","sticky":false,"template":"","format":"standard","meta":{"om_disable_all_campaigns":false,"_monsterinsights_skip_tracking":false,"_monsterinsights_sitenote_active":false,"_monsterinsights_sitenote_note":"","_monsterinsights_sitenote_category":0},"categories":[2],"tags":[],"aioseo_notices":[],"gutentor_comment":0,"rttpg_featured_image_url":{"full":["https:\/\/arantv.az\/wp-content\/uploads\/2020\/10\/FotoJet-4.jpg",620,409,false],"landscape":["https:\/\/arantv.az\/wp-content\/uploads\/2020\/10\/FotoJet-4.jpg",620,409,false],"portraits":["https:\/\/arantv.az\/wp-content\/uploads\/2020\/10\/FotoJet-4.jpg",620,409,false],"thumbnail":["https:\/\/arantv.az\/wp-content\/uploads\/2020\/10\/FotoJet-4-150x150.jpg",150,150,true],"medium":["https:\/\/arantv.az\/wp-content\/uploads\/2020\/10\/FotoJet-4-300x198.jpg",300,198,true],"large":["https:\/\/arantv.az\/wp-content\/uploads\/2020\/10\/FotoJet-4.jpg",620,409,false],"1536x1536":["https:\/\/arantv.az\/wp-content\/uploads\/2020\/10\/FotoJet-4.jpg",620,409,false],"2048x2048":["https:\/\/arantv.az\/wp-content\/uploads\/2020\/10\/FotoJet-4.jpg",620,409,false],"post-thumbnail":["https:\/\/arantv.az\/wp-content\/uploads\/2020\/10\/FotoJet-4-240x172.jpg",240,172,true],"advps-thumb-one":["https:\/\/arantv.az\/wp-content\/uploads\/2020\/10\/FotoJet-4.jpg",620,409,false]},"rttpg_author":{"display_name":"V\u00fcsal Rafiqo\u011flu","author_link":"https:\/\/arantv.az\/?author=2"},"rttpg_comment":0,"rttpg_category":"<a href=\"https:\/\/arantv.az\/?cat=2\" rel=\"category\">Region X\u0259b\u0259rl\u0259ri<\/a>","rttpg_excerpt":"X\u0259b\u0259r verdiyimiz kimi c\u0259bh\u0259 boyu \u0259razil\u0259rd\u0259 g\u00fcnl\u0259rdir davam ed\u0259n d\u00f6y\u00fc\u015fl\u0259rd\u0259 Az\u0259rbaycan ordusu d\u00fc\u015fm\u0259nin xeyli sayda d\u00f6y\u00fc\u015f texnikas\u0131 v\u0259 canl\u0131 q\u00fcvv\u0259sini m\u0259hv edib. \u201cCaliber\u201d \u201cYouTube\u201d kanal\u0131 m\u0259hv edil\u0259n erm\u0259ni is\u011fal\u00e7\u0131lar\u0131n\u0131n videog\u00f6r\u00fcnt\u00fcl\u0259rini yay\u0131mlay\u0131b. Qeyd ed\u0259k ki, \u201cCaliber\u201d \u201cYouTube\u201d kanal\u0131 h\u0259m C\u0259nubi Qafqaz regionuna vur\u011fu etm\u0259kl\u0259 h\u0259rbi-siyasi v\u0259 h\u0259rbi-texniki m\u00f6vzularla maraqlanan geni\u015f izl\u0259yici k\u00fctl\u0259si, h\u0259m d\u0259 bu sah\u0259d\u0259ki&hellip;","_links":{"self":[{"href":"https:\/\/arantv.az\/index.php?rest_route=\/wp\/v2\/posts\/228100"}],"collection":[{"href":"https:\/\/arantv.az\/index.php?rest_route=\/wp\/v2\/posts"}],"about":[{"href":"https:\/\/arantv.az\/index.php?rest_route=\/wp\/v2\/types\/post"}],"author":[{"embeddable":true,"href":"https:\/\/arantv.az\/index.php?rest_route=\/wp\/v2\/users\/2"}],"replies":[{"embeddable":true,"href":"https:\/\/arantv.az\/index.php?rest_route=%2Fwp%2Fv2%2Fcomments&post=228100"}],"version-history":[{"count":0,"href":"https:\/\/arantv.az\/index.php?rest_route=\/wp\/v2\/posts\/228100\/revisions"}],"wp:featuredmedia":[{"embeddable":true,"href":"https:\/\/arantv.az\/index.php?rest_route=\/wp\/v2\/media\/228101"}],"wp:attachment":[{"href":"https:\/\/arantv.az\/index.php?rest_route=%2Fwp%2Fv2%2Fmedia&parent=228100"}],"wp:term":[{"taxonomy":"category","embeddable":true,"href":"https:\/\/arantv.az\/index.php?rest_route=%2Fwp%2Fv2%2Fcategories&post=228100"},{"taxonomy":"post_tag","embeddable":true,"href":"https:\/\/arantv.az\/index.php?rest_route=%2Fwp%2Fv2%2Ftags&post=228100"}],"curies":[{"name":"wp","href":"https:\/\/api.w.org\/{rel}","templated":true}]}}