{"id":228112,"date":"2020-10-01T15:43:13","date_gmt":"2020-10-01T12:43:13","guid":{"rendered":"http:\/\/arantv.az\/?p=228112"},"modified":"2020-10-01T15:43:13","modified_gmt":"2020-10-01T12:43:13","slug":"turkiy%c9%99-boyuk-mill%c9%99t-m%c9%99clisinin-acilisinda-az%c9%99rbaycana-d%c9%99st%c9%99k-mesaji","status":"publish","type":"post","link":"https:\/\/arantv.az\/?p=228112","title":{"rendered":"T\u00fcrkiy\u0259 B\u00f6y\u00fck Mill\u0259t M\u0259clisinin a\u00e7\u0131l\u0131\u015f\u0131nda Az\u0259rbaycana d\u0259st\u0259k mesaj\u0131"},"content":{"rendered":"<p>T\u00fcrkiy\u0259d\u0259 Yeni Qanunvericilik ili il\u0259 ba\u011fl\u0131 parlamentd\u0259 \u00e7\u0131x\u0131\u015f ed\u0259n T\u00fcrkiy\u0259 B\u00f6y\u00fck Mill\u0259t M\u0259clisinin (TBMM) s\u0259dri Mustafa \u015eentop nitqind\u0259 Az\u0259rbaycana d\u0259st\u0259k mesaj\u0131 verib.<\/p>\n<p>Bu bar\u0259d\u0259 \u201cHaber Global\u201d x\u0259b\u0259r yay\u0131b.<\/p>\n<p>Onun s\u00f6zl\u0259rin\u0259 g\u00f6r\u0259, T\u00fcrkiy\u0259 beyn\u0259lxalq al\u0259md\u0259 h\u0259r zaman h\u00fcququn, qanuniliyin t\u0259r\u0259fdar\u0131 olub:<\/p>\n<div id=\"AdviadNativeVideo0\" class=\"AdviadNativeVideo\"><\/div>\n<p>\u201cErm\u0259nistan\u0131n sentyabr\u0131n 26-da Az\u0259rbaycana h\u00fccumlar\u0131 il\u0259 ba\u011fl\u0131 b\u00f6y\u00fck k\u0259d\u0259rimizi bildirm\u0259k ist\u0259yir\u0259m. \u015e\u0259hidl\u0259ri r\u0259hm\u0259tl\u0259 an\u0131r v\u0259 yaralananlara t\u0259cili \u015f\u0259fa dil\u0259yir\u0259m. T\u00fcrkiy\u0259 haqq m\u00fcbariz\u0259sind\u0259, v\u0259t\u0259n m\u00fcdafi\u0259sind\u0259 bundan sonra da Az\u0259rbaycan\u0131n yan\u0131nda olacaq\u201d.<\/p>\n<p>M.\u015eentop bildirib ki, T\u00fcrkiy\u0259nin d\u0259st\u0259yi\u00a0Prezident R\u0259c\u0259b Tayyib \u018frdo\u011fan t\u0259r\u0259find\u0259n d\u0259 a\u00e7\u0131q \u015f\u0259kild\u0259 bildirilir.<\/p>\n<p>\u201cBu q\u0259tiyy\u0259t sentyabr\u0131n 28-d\u0259 bir daha TBMM-d\u0259 n\u00fcmayi\u015f olundu. Erm\u0259nistan\u0131n i\u015f\u011fal etdiyi torpaqlar\u0131 \u0259n q\u0131sa m\u00fcdd\u0259td\u0259 t\u0259rk etm\u0259sinin z\u0259ruriliyini bir daha ifad\u0259 etm\u0259k ist\u0259rdim\u201d, &#8211; dey\u0259 o\u00a0bildirib.<\/p>\n","protected":false},"excerpt":{"rendered":"<p>T\u00fcrkiy\u0259d\u0259 Yeni Qanunvericilik ili il\u0259 ba\u011fl\u0131 parlamentd\u0259 \u00e7\u0131x\u0131\u015f ed\u0259n T\u00fcrkiy\u0259 B\u00f6y\u00fck Mill\u0259t M\u0259clisinin (TBMM) s\u0259dri Mustafa \u015eentop nitqind\u0259 Az\u0259rbaycana d\u0259st\u0259k mesaj\u0131 verib. Bu bar\u0259d\u0259 \u201cHaber Global\u201d x\u0259b\u0259r yay\u0131b. Onun s\u00f6zl\u0259rin\u0259 g\u00f6r\u0259, T\u00fcrkiy\u0259 beyn\u0259lxalq al\u0259md\u0259 h\u0259r zaman h\u00fcququn, qanuniliyin t\u0259r\u0259fdar\u0131 olub: \u201cErm\u0259nistan\u0131n sentyabr\u0131n 26-da Az\u0259rbaycana h\u00fccumlar\u0131 il\u0259 ba\u011fl\u0131 b\u00f6y\u00fck k\u0259d\u0259rimizi bildirm\u0259k ist\u0259yir\u0259m. \u015e\u0259hidl\u0259ri r\u0259hm\u0259tl\u0259 an\u0131r v\u0259 yaralananlara t\u0259cili \u015f\u0259fa dil\u0259yir\u0259m. T\u00fcrkiy\u0259 haqq m\u00fcbariz\u0259sind\u0259, v\u0259t\u0259n m\u00fcdafi\u0259sind\u0259 bundan sonra da Az\u0259rbaycan\u0131n yan\u0131nda olacaq\u201d. M.\u015eentop bildirib ki, T\u00fcrkiy\u0259nin d\u0259st\u0259yi\u00a0Prezident R\u0259c\u0259b Tayyib \u018frdo\u011fan t\u0259r\u0259find\u0259n d\u0259 a\u00e7\u0131q \u015f\u0259kild\u0259 bildirilir. \u201cBu q\u0259tiyy\u0259t sentyabr\u0131n 28-d\u0259 bir daha TBMM-d\u0259&hellip;<\/p>\n","protected":false},"author":2,"featured_media":228113,"comment_status":"closed","ping_status":"closed","sticky":false,"template":"","format":"standard","meta":{"om_disable_all_campaigns":false,"_monsterinsights_skip_tracking":false,"_monsterinsights_sitenote_active":false,"_monsterinsights_sitenote_note":"","_monsterinsights_sitenote_category":0},"categories":[4],"tags":[],"aioseo_notices":[],"gutentor_comment":0,"rttpg_featured_image_url":{"full":["https:\/\/arantv.az\/wp-content\/uploads\/2020\/10\/mustafa_shentop_181219_2.jpg",620,414,false],"landscape":["https:\/\/arantv.az\/wp-content\/uploads\/2020\/10\/mustafa_shentop_181219_2.jpg",620,414,false],"portraits":["https:\/\/arantv.az\/wp-content\/uploads\/2020\/10\/mustafa_shentop_181219_2.jpg",620,414,false],"thumbnail":["https:\/\/arantv.az\/wp-content\/uploads\/2020\/10\/mustafa_shentop_181219_2-150x150.jpg",150,150,true],"medium":["https:\/\/arantv.az\/wp-content\/uploads\/2020\/10\/mustafa_shentop_181219_2-300x200.jpg",300,200,true],"large":["https:\/\/arantv.az\/wp-content\/uploads\/2020\/10\/mustafa_shentop_181219_2.jpg",620,414,false],"1536x1536":["https:\/\/arantv.az\/wp-content\/uploads\/2020\/10\/mustafa_shentop_181219_2.jpg",620,414,false],"2048x2048":["https:\/\/arantv.az\/wp-content\/uploads\/2020\/10\/mustafa_shentop_181219_2.jpg",620,414,false],"post-thumbnail":["https:\/\/arantv.az\/wp-content\/uploads\/2020\/10\/mustafa_shentop_181219_2-240x172.jpg",240,172,true],"advps-thumb-one":["https:\/\/arantv.az\/wp-content\/uploads\/2020\/10\/mustafa_shentop_181219_2.jpg",620,414,false]},"rttpg_author":{"display_name":"V\u00fcsal Rafiqo\u011flu","author_link":"https:\/\/arantv.az\/?author=2"},"rttpg_comment":0,"rttpg_category":"<a href=\"https:\/\/arantv.az\/?cat=4\" rel=\"category\">Siyas\u0259t<\/a>","rttpg_excerpt":"T\u00fcrkiy\u0259d\u0259 Yeni Qanunvericilik ili il\u0259 ba\u011fl\u0131 parlamentd\u0259 \u00e7\u0131x\u0131\u015f ed\u0259n T\u00fcrkiy\u0259 B\u00f6y\u00fck Mill\u0259t M\u0259clisinin (TBMM) s\u0259dri Mustafa \u015eentop nitqind\u0259 Az\u0259rbaycana d\u0259st\u0259k mesaj\u0131 verib. Bu bar\u0259d\u0259 \u201cHaber Global\u201d x\u0259b\u0259r yay\u0131b. Onun s\u00f6zl\u0259rin\u0259 g\u00f6r\u0259, T\u00fcrkiy\u0259 beyn\u0259lxalq al\u0259md\u0259 h\u0259r zaman h\u00fcququn, qanuniliyin t\u0259r\u0259fdar\u0131 olub: \u201cErm\u0259nistan\u0131n sentyabr\u0131n 26-da Az\u0259rbaycana h\u00fccumlar\u0131 il\u0259 ba\u011fl\u0131 b\u00f6y\u00fck k\u0259d\u0259rimizi bildirm\u0259k ist\u0259yir\u0259m. \u015e\u0259hidl\u0259ri r\u0259hm\u0259tl\u0259 an\u0131r v\u0259&hellip;","_links":{"self":[{"href":"https:\/\/arantv.az\/index.php?rest_route=\/wp\/v2\/posts\/228112"}],"collection":[{"href":"https:\/\/arantv.az\/index.php?rest_route=\/wp\/v2\/posts"}],"about":[{"href":"https:\/\/arantv.az\/index.php?rest_route=\/wp\/v2\/types\/post"}],"author":[{"embeddable":true,"href":"https:\/\/arantv.az\/index.php?rest_route=\/wp\/v2\/users\/2"}],"replies":[{"embeddable":true,"href":"https:\/\/arantv.az\/index.php?rest_route=%2Fwp%2Fv2%2Fcomments&post=228112"}],"version-history":[{"count":0,"href":"https:\/\/arantv.az\/index.php?rest_route=\/wp\/v2\/posts\/228112\/revisions"}],"wp:featuredmedia":[{"embeddable":true,"href":"https:\/\/arantv.az\/index.php?rest_route=\/wp\/v2\/media\/228113"}],"wp:attachment":[{"href":"https:\/\/arantv.az\/index.php?rest_route=%2Fwp%2Fv2%2Fmedia&parent=228112"}],"wp:term":[{"taxonomy":"category","embeddable":true,"href":"https:\/\/arantv.az\/index.php?rest_route=%2Fwp%2Fv2%2Fcategories&post=228112"},{"taxonomy":"post_tag","embeddable":true,"href":"https:\/\/arantv.az\/index.php?rest_route=%2Fwp%2Fv2%2Ftags&post=228112"}],"curies":[{"name":"wp","href":"https:\/\/api.w.org\/{rel}","templated":true}]}}